{"id":18604,"date":"2024-08-01T09:33:39","date_gmt":"2024-08-01T07:33:39","guid":{"rendered":"https:\/\/www.friedenkoeln.de\/?p=18604"},"modified":"2024-08-12T10:51:21","modified_gmt":"2024-08-12T08:51:21","slug":"hiroshima-und-nagasaki-mahnen-einladung-zum-gedenken-am-10-august-2024","status":"publish","type":"post","link":"https:\/\/www.friedenkoeln.de\/?p=18604","title":{"rendered":"Hiroshima und Nagasaki mahnen &#8211; Einladung zum Gedenken am 10. August 2024"},"content":{"rendered":"<p><a href=\"https:\/\/www.friedenkoeln.de\/wp-content\/uploads\/2024\/08\/Hiroshima-Nagasaki-2024.pdf\" target=\"_blank\" rel=\"noopener\"><em>Einladung als pdf herunterladen<\/em><\/a><\/p>\n<p>HiroshimaDer Arbeitskreis Hiroshima Nagasaki im K\u00f6lner Friedensforum, l\u00e4dt ein<\/p>\n<h4><span style=\"font-weight: 400;\">zum Gedenken an die Opfer der Atombombenabw\u00fcrfe<br \/>\n<\/span><span style=\"font-weight: 400;\">von Hiroshima und Nagasaki am 6. Und 9. August, vor 79 Jahren.\u00a0<\/span><\/h4>\n<h4><b>Treffpunkt: 10. August 2024 um 18 Uhr im Hiroshima-Nagasaki-Park\u00a0<\/b><\/h4>\n<p><span style=\"font-weight: 400;\">beim Biergarten am Aachener Weiher\u00a0<\/span><\/p>\n<h4><b>Gemeinsamer Friedens-Spaziergang zum Mahnmal\u00a0<\/b><\/h4>\n<p><span style=\"font-weight: 400;\">Mit Rede- und Musikbeitr\u00e4gen, sowie einer traditionellen japanischen Zeremonie werden wir den \u00fcber 100.000 Opfer von Hiroshima und Nagasaki gedenken<\/span><\/p>\n<ul>\n<li>Begr\u00fc\u00dfung durch den Arbeitskreis Hiroshima Nagasaki<\/li>\n<li><b>Vertreter*in Stadt K\u00f6ln<\/b><\/li>\n<li><b>Bernd Hahnfeld, ILANA<\/b><span style=\"font-weight: 400;\"> Deutschland &#8211;<\/span> <span style=\"font-weight: 400;\">Vereinigung f\u00fcr Friedensrecht<\/span><\/li>\n<li><span style=\"font-weight: 400;\">\u00a0<\/span><b>Felix Massenbach<\/b><span style=\"font-weight: 400;\">, AK Zivilklausel, Uni K\u00f6ln <\/span><\/li>\n<li><b>Stephan R\u00e4der<\/b><span style=\"font-weight: 400;\">, Greenpeace K\u00f6ln, AG Frieden<\/span><\/li>\n<li><b>Etienne Godinot<\/b>, Frankreich, <b>Marc Morgan<\/b>, England, Gru\u00dfworte der intern.\u00a0 \u00a0 Fastenaktion und der \u00f6kumenischen Mahnwache<\/li>\n<li><span style=\"font-weight: 400;\">\u00a0<\/span><span style=\"font-weight: 400;\">Der Chor: <\/span><b>Give Peace a Chance <\/b><span style=\"font-weight: 400;\">wird uns musikalisch begleiten <\/span><\/li>\n<li><span style=\"font-weight: 400;\">Japanisch-Deutscher Chor: Hiroshima Lied <\/span><\/li>\n<li><span style=\"font-weight: 400;\">Traditionelle japanische Zeremonie<\/span><\/li>\n<\/ul>\n<p><span style=\"font-weight: 400;\">Besonders in der heutigen Zeit, wo die Spannungen zwischen den Atomm\u00e4chten so stark wie schon lange nicht mehr sind und das atomare Wettr\u00fcsten auf Hochtouren l\u00e4uft, mahnen uns diese Gedenktage alles zu tun, dass endlich atomare Abr\u00fcstungsverhandlungen beginnen, damit sich der Einsatz von Atomwaffen nie wiederholt!\u00a0<\/span><\/p>\n<p><b>Auch 79 Jahre nach der Bombardierung von Hiroshima und Nagasaki durch die amerikanischen Atombomben gedenken wir der Opfer und fordern:<\/b><\/p>\n<h4><b>Atomwaffenverbotsvertrag statt nuklearer Teilhabe<\/b><\/h4>\n<p><span style=\"font-weight: 400;\">Der Atomwaffenverbotsvertrag (AVV) der UNO ist am 22.Januar 2021 in Kraft getreten. Dieser Vertrag ist notwendig geworden, weil sich die Atomwaffenstaaten seit \u00fcber 50 Jahren weigern, der Verpflichtung zu vollst\u00e4ndiger nuklearer Abr\u00fcstung gem\u00e4\u00df dem Nicht-verbreitungsvertrag nachzukommen. <\/span><b>Der Vertrag ist v\u00f6lkerrechtlich bindend<\/b><span style=\"font-weight: 400;\">. Wir fordern die Bundesregierung auf, diesem Vertrag beizutreten und ihrerseits die Atomm\u00e4chte aufzufordern, unverz\u00fcglich in atomare Abr\u00fcstungsverhandlungen einzutreten, so unrealistisch dies zurzeit auch aussehen mag. Nur eine Welt des friedlichen Miteinanders kann uns aus der Gefahr eines Atomkriegs retten. Will man kriegerischen Konfliktl\u00f6sungen entgegentreten, hei\u00dft es ernsthaft und in guter Absicht verhandeln, verhandeln, verhandeln, egal wie lange ein solcher Prozess dauert.<\/span><\/p>\n<p><b>F\u00fcr den Einsatz im Ernstfall lagern die USA Atombomben auf deutschem Boden<\/b><span style=\"font-weight: 400;\">. Auf dem Atomwaffenst\u00fctzpunkt \u201e<\/span><a href=\"http:\/\/www.atomwaffena-z.info\/glossar\/b\/b-texte\/artikel\/373b6be9f5\/buechel.html\"><span style=\"font-weight: 400;\">Fliegerhorst B\u00fcchel<\/span><\/a><span style=\"font-weight: 400;\">\u201c in der Eifel, nur 115 km von K\u00f6ln entfernt, sind bis zu 20\u00a0<\/span><a href=\"http:\/\/www.atomwaffena-z.info\/glossar\/b\/b-texte\/artikel\/0b4047deb2\/b61-bombe.html\"><span style=\"font-weight: 400;\">B61-Bomben<\/span><\/a><span style=\"font-weight: 400;\">\u00a0f\u00fcr die Verwendung durch Bundeswehr-Soldat*innen stationiert. Deutsche Pilot*innen trainieren regelm\u00e4\u00dfig den Abwurf. Sie sind im Ernstfall verpflichtet, die Atombomben auf Befehl der NATO von deutschem Boden aus im Zielgebiet abzuwerfen Jede dieser Bomben hat eine maximale Sprengkraft, die mit der von 13 Hiroshima-Bomben vergleichbar ist. <\/span><span style=\"font-weight: 400;\">Die\u00a0<\/span><a href=\"http:\/\/www.atomwaffena-z.info\/glossar\/l\/l-texte\/artikel\/9debb81bf7\/little-boy.html\"><span style=\"font-weight: 400;\">Hiroshima-Bombe<\/span><\/a><span style=\"font-weight: 400;\">\u00a0hat vor 70 Jahren binnen vier Monaten 140.000 Menschen get\u00f6tet und Unz\u00e4hlige zu langj\u00e4hrigen Leiden verurteilt. Ihre Auswirkungen sind bis heute sp\u00fcrbar.<\/span><\/p>\n<p><span style=\"font-weight: 400;\">Zudem planen die USA die Stationierung von mit Atomwaffen best\u00fcckbaren Marschflugk\u00f6rper vom Typ &#8222;Tomahawk&#8220; mit deutlich mehr als 2.000 Kilometern Reichweite, und der neu entwickelten \u00dcberschallwaffen in Deutschland. Das m\u00fcssen wir verhindern.<\/span><\/p>\n<p><b>Die Drohung mit dem Einsatz von Atomwaffen spielt mit der massenhaften Vernichtung von Leben und einer jahrhundertelangen Verw\u00fcstung unserer Welt. Dies ist der schlimmste\u00a0 Terrorismus, der denkbar ist.<\/b><\/p>\n<div id=\"attachment_10329\" style=\"width: 1310px\" class=\"wp-caption alignnone\"><img loading=\"lazy\" decoding=\"async\" aria-describedby=\"caption-attachment-10329\" class=\"size-full wp-image-10329\" src=\"https:\/\/www.friedenkoeln.de\/wp-content\/uploads\/2017\/02\/Gedenkstein-Foto_von_Konrad_2007_wp.jpg\" alt=\"Gedenkstein im Hiroshima-Nagasaki-Park\" width=\"1300\" height=\"867\" srcset=\"https:\/\/www.friedenkoeln.de\/wp-content\/uploads\/2017\/02\/Gedenkstein-Foto_von_Konrad_2007_wp.jpg 1300w, https:\/\/www.friedenkoeln.de\/wp-content\/uploads\/2017\/02\/Gedenkstein-Foto_von_Konrad_2007_wp-320x213.jpg 320w, https:\/\/www.friedenkoeln.de\/wp-content\/uploads\/2017\/02\/Gedenkstein-Foto_von_Konrad_2007_wp-634x423.jpg 634w, https:\/\/www.friedenkoeln.de\/wp-content\/uploads\/2017\/02\/Gedenkstein-Foto_von_Konrad_2007_wp-924x616.jpg 924w, https:\/\/www.friedenkoeln.de\/wp-content\/uploads\/2017\/02\/Gedenkstein-Foto_von_Konrad_2007_wp-139x94.jpg 139w\" sizes=\"auto, (max-width: 1300px) 100vw, 1300px\" \/><p id=\"caption-attachment-10329\" class=\"wp-caption-text\">Gedenkstein im Hiroshima-Nagasaki-Park K\u00f6ln. Foto: Konrad H\u00f6cker, 5.8.2007.<\/p><\/div>\n","protected":false},"excerpt":{"rendered":"<p>Einladung als pdf herunterladen HiroshimaDer Arbeitskreis Hiroshima Nagasaki im K\u00f6lner Friedensforum, l\u00e4dt ein zum Gedenken an die Opfer der Atombombenabw\u00fcrfe von Hiroshima und Nagasaki am 6. Und 9. August, vor 79 Jahren.\u00a0 Treffpunkt: 10.&#46;&#46;&#46;<\/p>\n","protected":false},"author":109,"featured_media":10329,"comment_status":"open","ping_status":"open","sticky":false,"template":"","format":"standard","meta":{"footnotes":""},"categories":[104],"tags":[33],"class_list":["post-18604","post","type-post","status-publish","format-standard","has-post-thumbnail","hentry","category-ankuendigung","tag-atomwaffen"],"_links":{"self":[{"href":"https:\/\/www.friedenkoeln.de\/index.php?rest_route=\/wp\/v2\/posts\/18604","targetHints":{"allow":["GET"]}}],"collection":[{"href":"https:\/\/www.friedenkoeln.de\/index.php?rest_route=\/wp\/v2\/posts"}],"about":[{"href":"https:\/\/www.friedenkoeln.de\/index.php?rest_route=\/wp\/v2\/types\/post"}],"author":[{"embeddable":true,"href":"https:\/\/www.friedenkoeln.de\/index.php?rest_route=\/wp\/v2\/users\/109"}],"replies":[{"embeddable":true,"href":"https:\/\/www.friedenkoeln.de\/index.php?rest_route=%2Fwp%2Fv2%2Fcomments&post=18604"}],"version-history":[{"count":10,"href":"https:\/\/www.friedenkoeln.de\/index.php?rest_route=\/wp\/v2\/posts\/18604\/revisions"}],"predecessor-version":[{"id":18625,"href":"https:\/\/www.friedenkoeln.de\/index.php?rest_route=\/wp\/v2\/posts\/18604\/revisions\/18625"}],"wp:featuredmedia":[{"embeddable":true,"href":"https:\/\/www.friedenkoeln.de\/index.php?rest_route=\/wp\/v2\/media\/10329"}],"wp:attachment":[{"href":"https:\/\/www.friedenkoeln.de\/index.php?rest_route=%2Fwp%2Fv2%2Fmedia&parent=18604"}],"wp:term":[{"taxonomy":"category","embeddable":true,"href":"https:\/\/www.friedenkoeln.de\/index.php?rest_route=%2Fwp%2Fv2%2Fcategories&post=18604"},{"taxonomy":"post_tag","embeddable":true,"href":"https:\/\/www.friedenkoeln.de\/index.php?rest_route=%2Fwp%2Fv2%2Ftags&post=18604"}],"curies":[{"name":"wp","href":"https:\/\/api.w.org\/{rel}","templated":true}]}}