{"id":18626,"date":"2024-08-13T20:31:34","date_gmt":"2024-08-13T18:31:34","guid":{"rendered":"https:\/\/www.friedenkoeln.de\/?p=18626"},"modified":"2024-08-13T20:31:34","modified_gmt":"2024-08-13T18:31:34","slug":"koelner-friedensgruppe-mobilisiert-gegen-mobilmache-im-stadionbad","status":"publish","type":"post","link":"https:\/\/www.friedenkoeln.de\/?p=18626","title":{"rendered":"K\u00f6lner Friedensgruppe mobilisiert gegen Mobilmache im Stadionbad"},"content":{"rendered":"<p>Die K\u00f6lner Gruppe der Deutschen Friedensgesellschaft &#8211; Vereinigte KriegsdienstgegnerInnen (DFG-VK) protestiert am 14.8.2024 mit einer Kundgebung gegen die Bundeswehr-Werbung am Sprungturm des K\u00f6lner Stadionbades.<\/p>\n<blockquote><p>Das Banner mit der Aufschrift \u201aKarrieresprung\u2019 soll unsere Kinder wohl f\u00fcr die \u201aOstfront\u2018 gegen Russland mobil machen,<\/p><\/blockquote>\n<p>vermutet eine Sprecherin und warnt:<\/p>\n<blockquote><p>Das ist kein Karrieresprung, sondern ein Sprung in den Abgrund!<\/p><\/blockquote>\n<p>Das Freibad werde von vielen Kindern und Jugendlichen besucht.<\/p>\n<blockquote><p>Die Werbung f\u00fcr die Bundeswehr geh\u00f6rt, wie Werbung f\u00fcr Zigaretten und Alkohol, aus Jugendschutzgr\u00fcnden nicht in ein Freibad,<\/p><\/blockquote>\n<p>so die Sprecherin. Die K\u00f6lnB\u00e4der GmbH erzielt mit der Milit\u00e4rwerbung zus\u00e4tzliche Einnahmen. Ihre Gesch\u00e4ftsf\u00fchrerin Claudia Heckmann betonte in ihrer Rechtfertigung gegen\u00fcber der Presse, die Bundeswehr stehe \u201enicht in erster Linie f\u00fcr Krieg\u201c.<\/p>\n<div id=\"attachment_18628\" style=\"width: 510px\" class=\"wp-caption alignright\"><img loading=\"lazy\" decoding=\"async\" aria-describedby=\"caption-attachment-18628\" class=\"size-medium wp-image-18628\" src=\"https:\/\/www.friedenkoeln.de\/wp-content\/uploads\/2024\/08\/20240726_kriegsgeil_im_Stadionbad-min-500x500.jpg\" alt=\"Collage aus Werbe-Fotos der Bundeswehr, Aufnahmen des Sprungturms im Stadionbad K\u00f6ln\" width=\"500\" height=\"500\" srcset=\"https:\/\/www.friedenkoeln.de\/wp-content\/uploads\/2024\/08\/20240726_kriegsgeil_im_Stadionbad-min-500x500.jpg 500w, https:\/\/www.friedenkoeln.de\/wp-content\/uploads\/2024\/08\/20240726_kriegsgeil_im_Stadionbad-min-200x200.jpg 200w, https:\/\/www.friedenkoeln.de\/wp-content\/uploads\/2024\/08\/20240726_kriegsgeil_im_Stadionbad-min-768x768.jpg 768w, https:\/\/www.friedenkoeln.de\/wp-content\/uploads\/2024\/08\/20240726_kriegsgeil_im_Stadionbad-min-80x80.jpg 80w, https:\/\/www.friedenkoeln.de\/wp-content\/uploads\/2024\/08\/20240726_kriegsgeil_im_Stadionbad-min-320x320.jpg 320w, https:\/\/www.friedenkoeln.de\/wp-content\/uploads\/2024\/08\/20240726_kriegsgeil_im_Stadionbad-min.jpg 1050w\" sizes=\"auto, (max-width: 500px) 100vw, 500px\" \/><p id=\"caption-attachment-18628\" class=\"wp-caption-text\">\u201eKriegsgeil im Stadionbad\u201c. Collage: privat<\/p><\/div>\n<p>Die DFG-VK erkl\u00e4rt dagegen, dass der Kern des Soldatenberufs darin bestehe, das T\u00f6ten anderer Menschen und das Zerst\u00f6ren gro\u00dfer Sachen zu erlernen &#8211; es sei kein Beruf wie jeder andere. Es sei eine gesellschaftlich wichtige Erziehungsaufgabe, Kindern und Jugendlichen die gewaltfreie Regelung von Konflikten beizubringen. Milit\u00e4rwerbung st\u00fcnde dem entgegen. Besorgniserregend findet die DFG-VK die Tatsache, dass die Bundeswehr jedes Jahr Minderj\u00e4hrige rekrutiert &#8211; im Rekrutenjahrgang 2023 waren es \u00fcber 10 Prozent.<\/p>\n<p>Die Friedensgruppe ruft gegen die \u201eMobilmache\u201c im Freibad am Mittwoch, 14.8.2024, 14 Uhr, vor dem Haupteingang des Stadionbades, Olympiaweg 20, zu einer Kundgebung \u201eKein Werben f\u00fcrs Sterben!\u201c auf.<\/p>\n","protected":false},"excerpt":{"rendered":"<p>Die K\u00f6lner Gruppe der Deutschen Friedensgesellschaft &#8211; Vereinigte KriegsdienstgegnerInnen (DFG-VK) protestiert am 14.8.2024 mit einer Kundgebung gegen die Bundeswehr-Werbung am Sprungturm des K\u00f6lner Stadionbades. Das Banner mit der Aufschrift \u201aKarrieresprung\u2019 soll unsere Kinder wohl&#46;&#46;&#46;<\/p>\n","protected":false},"author":110,"featured_media":18628,"comment_status":"open","ping_status":"open","sticky":false,"template":"","format":"standard","meta":{"footnotes":""},"categories":[87],"tags":[48,122],"class_list":["post-18626","post","type-post","status-publish","format-standard","has-post-thumbnail","hentry","category-pressemitteilung","tag-bundeswehr","tag-jugend"],"_links":{"self":[{"href":"https:\/\/www.friedenkoeln.de\/index.php?rest_route=\/wp\/v2\/posts\/18626","targetHints":{"allow":["GET"]}}],"collection":[{"href":"https:\/\/www.friedenkoeln.de\/index.php?rest_route=\/wp\/v2\/posts"}],"about":[{"href":"https:\/\/www.friedenkoeln.de\/index.php?rest_route=\/wp\/v2\/types\/post"}],"author":[{"embeddable":true,"href":"https:\/\/www.friedenkoeln.de\/index.php?rest_route=\/wp\/v2\/users\/110"}],"replies":[{"embeddable":true,"href":"https:\/\/www.friedenkoeln.de\/index.php?rest_route=%2Fwp%2Fv2%2Fcomments&post=18626"}],"version-history":[{"count":2,"href":"https:\/\/www.friedenkoeln.de\/index.php?rest_route=\/wp\/v2\/posts\/18626\/revisions"}],"predecessor-version":[{"id":18629,"href":"https:\/\/www.friedenkoeln.de\/index.php?rest_route=\/wp\/v2\/posts\/18626\/revisions\/18629"}],"wp:featuredmedia":[{"embeddable":true,"href":"https:\/\/www.friedenkoeln.de\/index.php?rest_route=\/wp\/v2\/media\/18628"}],"wp:attachment":[{"href":"https:\/\/www.friedenkoeln.de\/index.php?rest_route=%2Fwp%2Fv2%2Fmedia&parent=18626"}],"wp:term":[{"taxonomy":"category","embeddable":true,"href":"https:\/\/www.friedenkoeln.de\/index.php?rest_route=%2Fwp%2Fv2%2Fcategories&post=18626"},{"taxonomy":"post_tag","embeddable":true,"href":"https:\/\/www.friedenkoeln.de\/index.php?rest_route=%2Fwp%2Fv2%2Ftags&post=18626"}],"curies":[{"name":"wp","href":"https:\/\/api.w.org\/{rel}","templated":true}]}}