{"id":18630,"date":"2024-08-15T13:58:57","date_gmt":"2024-08-15T11:58:57","guid":{"rendered":"https:\/\/www.friedenkoeln.de\/?p=18630"},"modified":"2024-08-15T13:58:57","modified_gmt":"2024-08-15T11:58:57","slug":"militaerwerbung-im-stadionbad-protestaktion-auf-dem-sprungturm","status":"publish","type":"post","link":"https:\/\/www.friedenkoeln.de\/?p=18630","title":{"rendered":"Milit\u00e4rwerbung im Stadionbad: Protestaktion auf dem Sprungturm"},"content":{"rendered":"<p><em>K\u00f6ln, 14.8.2024.<\/em> Mitglieder der Deutschen Friedensgesellschaft &#8211; Vereinigte KriegsdienstgegnerInnen (DFG-VK) protestierten am gestrigen Mittwoch auf dem 10-Meter-Sprungturm des K\u00f6lner Stadionbades gegen die dort angebrachte Milit\u00e4rwerbung. Sie hielten ein Banner \u201eKein Werben f\u00fcrs Sterben!\u201c unter das Bundeswehr-Plakat \u201eKarrieresprung\u201c, das ein Kriegsschiff abbildete. Au\u00dferdem zeigten sie das Logo ihrer Organisation, welches ein zerbrochenes Gewehr darstellt.<\/p>\n<div id=\"attachment_18632\" style=\"width: 418px\" class=\"wp-caption alignright\"><img loading=\"lazy\" decoding=\"async\" aria-describedby=\"caption-attachment-18632\" class=\"wp-image-18632 \" src=\"https:\/\/www.friedenkoeln.de\/wp-content\/uploads\/2024\/08\/Protest-gegen-Militaerwerbung-auf-dem-Sprungturm_20240814_Foto-privat.jpeg\" alt=\"In einem Freibad h\u00e4ngt ein Gro\u00dfplakat mit einem Kriegsschiff und der Aufschrift &quot;Karrieresprung&quot; auf der Sprungplattform davor halten zwei M\u00e4nner ein Banner mit der Aufschrift &quot;Kein Werben f\u00fcrs Sterben!&quot;. Darunter halten zwei weitere ein blaues Banner, auf dem das Logo der DFG-VK zu sehen ist: ein zerbrochenes Gewehr.\" width=\"408\" height=\"544\" srcset=\"https:\/\/www.friedenkoeln.de\/wp-content\/uploads\/2024\/08\/Protest-gegen-Militaerwerbung-auf-dem-Sprungturm_20240814_Foto-privat.jpeg 1321w, https:\/\/www.friedenkoeln.de\/wp-content\/uploads\/2024\/08\/Protest-gegen-Militaerwerbung-auf-dem-Sprungturm_20240814_Foto-privat-150x200.jpeg 150w, https:\/\/www.friedenkoeln.de\/wp-content\/uploads\/2024\/08\/Protest-gegen-Militaerwerbung-auf-dem-Sprungturm_20240814_Foto-privat-768x1024.jpeg 768w, https:\/\/www.friedenkoeln.de\/wp-content\/uploads\/2024\/08\/Protest-gegen-Militaerwerbung-auf-dem-Sprungturm_20240814_Foto-privat-1152x1536.jpeg 1152w\" sizes=\"auto, (max-width: 408px) 100vw, 408px\" \/><p id=\"caption-attachment-18632\" class=\"wp-caption-text\">Protest gegen Milit\u00e4rwerbung auf dem Sprungturm im Stadionbad K\u00f6ln, 14.8.2024. Foto: privat<\/p><\/div>\n<p>Aus Sicht der Aktivisten handeln die Gesch\u00e4ftsf\u00fchrung der K\u00f6lnB\u00e4der GmbH und die Verantwortlichen bei der Bundeswehr unmoralisch. Die Gesch\u00e4ftsf\u00fchrerin Claudia Heckmann hatte gegen\u00fcber der Presse erkl\u00e4rt: \u201eWir erzielen mit der Werbung f\u00fcr uns wichtige Zusatzeinnahmen.\u201c Bei einer Kundgebung, die vor dem Freibad stattfand, kritisierten die Aktivisten, dass ausgerechnet an einem Ort, an dem sich Familien mit Kindern vergn\u00fcgen und Erholung vom Alltagsstress suchen, f\u00fcr den Dienst an der Waffe geworben werde.<\/p>\n<p>\u201eWir haben bei unserer Aktion auf dem Sprungturm klargemacht, worum es hier in Wirklichkeit geht, n\u00e4mlich das \u201aT\u00f6ten und Sterben\u2018, wie es auf unserem Banner hei\u00dft\u201c, erkl\u00e4rt ein Sprecher. Der K\u00f6lnB\u00e4der GmbH ginge es dagegen offenbar nur ums Geld, und die Bundeswehr spreche mit ihrer Werbestrategie gezielt Minderj\u00e4hrige an. Die DFG-VK erinnert daran, dass der UN-Ausschuss f\u00fcr die Rechte des Kindes Deutschland am 23.9.2022 r\u00fcgte und das Land aufforderte \u201edas Mindestalter f\u00fcr die freiwillige Verpflichtung bei den Streitkr\u00e4ften auf 18 Jahre anzuheben und alle Formen der auf Kinder ausgerichteten Werbung oder Vermarktung des Milit\u00e4rdienstes zu verbieten\u201c.<\/p>\n","protected":false},"excerpt":{"rendered":"<p>K\u00f6ln, 14.8.2024. Mitglieder der Deutschen Friedensgesellschaft &#8211; Vereinigte KriegsdienstgegnerInnen (DFG-VK) protestierten am gestrigen Mittwoch auf dem 10-Meter-Sprungturm des K\u00f6lner Stadionbades gegen die dort angebrachte Milit\u00e4rwerbung. Sie hielten ein Banner \u201eKein Werben f\u00fcrs Sterben!\u201c unter&#46;&#46;&#46;<\/p>\n","protected":false},"author":110,"featured_media":18632,"comment_status":"open","ping_status":"open","sticky":false,"template":"","format":"standard","meta":{"footnotes":""},"categories":[87],"tags":[48,122,76],"class_list":["post-18630","post","type-post","status-publish","format-standard","has-post-thumbnail","hentry","category-pressemitteilung","tag-bundeswehr","tag-jugend","tag-wirtschaft"],"_links":{"self":[{"href":"https:\/\/www.friedenkoeln.de\/index.php?rest_route=\/wp\/v2\/posts\/18630","targetHints":{"allow":["GET"]}}],"collection":[{"href":"https:\/\/www.friedenkoeln.de\/index.php?rest_route=\/wp\/v2\/posts"}],"about":[{"href":"https:\/\/www.friedenkoeln.de\/index.php?rest_route=\/wp\/v2\/types\/post"}],"author":[{"embeddable":true,"href":"https:\/\/www.friedenkoeln.de\/index.php?rest_route=\/wp\/v2\/users\/110"}],"replies":[{"embeddable":true,"href":"https:\/\/www.friedenkoeln.de\/index.php?rest_route=%2Fwp%2Fv2%2Fcomments&post=18630"}],"version-history":[{"count":2,"href":"https:\/\/www.friedenkoeln.de\/index.php?rest_route=\/wp\/v2\/posts\/18630\/revisions"}],"predecessor-version":[{"id":18633,"href":"https:\/\/www.friedenkoeln.de\/index.php?rest_route=\/wp\/v2\/posts\/18630\/revisions\/18633"}],"wp:featuredmedia":[{"embeddable":true,"href":"https:\/\/www.friedenkoeln.de\/index.php?rest_route=\/wp\/v2\/media\/18632"}],"wp:attachment":[{"href":"https:\/\/www.friedenkoeln.de\/index.php?rest_route=%2Fwp%2Fv2%2Fmedia&parent=18630"}],"wp:term":[{"taxonomy":"category","embeddable":true,"href":"https:\/\/www.friedenkoeln.de\/index.php?rest_route=%2Fwp%2Fv2%2Fcategories&post=18630"},{"taxonomy":"post_tag","embeddable":true,"href":"https:\/\/www.friedenkoeln.de\/index.php?rest_route=%2Fwp%2Fv2%2Ftags&post=18630"}],"curies":[{"name":"wp","href":"https:\/\/api.w.org\/{rel}","templated":true}]}}