{"id":18640,"date":"2024-08-17T07:13:29","date_gmt":"2024-08-17T05:13:29","guid":{"rendered":"https:\/\/www.friedenkoeln.de\/?p=18640"},"modified":"2024-08-17T07:27:33","modified_gmt":"2024-08-17T05:27:33","slug":"mitmachen-antikriegstag-1-9-2024-international-solidarisch-friedensfaehig-statt-kriegstuechtig","status":"publish","type":"post","link":"https:\/\/www.friedenkoeln.de\/?p=18640","title":{"rendered":"Mitmachen: Antikriegstag 1.9.2024 &#8211; International solidarisch \u2013 Friedensf\u00e4hig statt kriegst\u00fcchtig!"},"content":{"rendered":"<p><em>Zusammen mit dem K\u00f6lner Friedensforum laden wir ein:<\/em><\/p>\n<hr \/>\n<p style=\"text-align: center;\"><strong>Antikriegstag Demo + Reden + Musik<\/strong><br \/>\n<strong>16:30 h \u00b7 Chlodwigplatz 18:00 h \u00b7 Friedenspark<\/strong><\/p>\n<p style=\"text-align: center;\"><strong>Frieden schaffen statt Waffen liefern \u2013 in Gaza, der Ukraine und weltweit!<\/strong><br \/>\n<strong>Keine Stationierung von atomwaffenf\u00e4higen Mittelstreckenraketen!<\/strong><br \/>\n<strong>Abr\u00fcstung und Sozialaufbau!<\/strong><\/p>\n<p>Mit Reden von:<\/p>\n<ul>\n<li><strong>Thomas Nauerth<\/strong>, Katholischer Theologe, Universit\u00e4t Osnabr\u00fcck<\/li>\n<li><strong>Alain Rouy<\/strong>, Mouvement de la Paix, Frankreich<\/li>\n<li><strong>Peter Trinogga<\/strong>, Vereinigte der Verfolgten des Naziregimes \u2013 Bund der Antifaschistinnen und\u2028Antifaschisten (VVN-BdA)<\/li>\n<\/ul>\n<p>und weiteren Rede- und Kulturbeitr\u00e4gen<\/p>\n<h4>Heraus zum Antikriegstag!<\/h4>\n<p><a href=\"https:\/\/www.friedenkoeln.de\/wp-content\/uploads\/2024\/08\/Aufruf-Antirkiegsta-2024-fortlaufend.pdf\">Der Aufruf als pdf<\/a><\/p>\n<p><a href=\"https:\/\/www.friedenkoeln.de\/wp-content\/uploads\/2024\/08\/Flyer-Weltfriedenstag2024-A5-Kurzfassung-300dpi.pdf\">Kurzfassung des Aufrufs als pdf<\/a><\/p>\n<p><img loading=\"lazy\" decoding=\"async\" class=\"alignright wp-image-18644 \" style=\"font-style: italic;\" src=\"https:\/\/www.friedenkoeln.de\/wp-content\/uploads\/2024\/08\/Plakat-Antikriegstag-2024.jpg\" alt=\"Aufruf des K\u00f6lner Friedensforums zum 1.9.2024 mit einer Grafik von Picasso &quot;Friede allen V\u00f6lkern&quot;\" width=\"436\" height=\"614\" srcset=\"https:\/\/www.friedenkoeln.de\/wp-content\/uploads\/2024\/08\/Plakat-Antikriegstag-2024.jpg 1258w, https:\/\/www.friedenkoeln.de\/wp-content\/uploads\/2024\/08\/Plakat-Antikriegstag-2024-142x200.jpg 142w, https:\/\/www.friedenkoeln.de\/wp-content\/uploads\/2024\/08\/Plakat-Antikriegstag-2024-768x1082.jpg 768w, https:\/\/www.friedenkoeln.de\/wp-content\/uploads\/2024\/08\/Plakat-Antikriegstag-2024-1090x1536.jpg 1090w\" sizes=\"auto, (max-width: 436px) 100vw, 436px\" \/><\/p>\n<p>Der \u00dcberfall Deutschlands auf Polen am 1. September 1939 war der Beginn eines Raub- und Vernichtungskrieges, der \u00fcber 60 Millionen Menschen das Leben gekostet und unermessliches Leid und Zerst\u00f6rung \u00fcber die Menschheit gebracht hat. 85 Jahre sp\u00e4ter ist die Verwirklichung der zivilisatorischen Konsequenzen, die \u00fcber unterschiedliche Weltanschauungen hinweg aus den Menschheitsverbrechen des deutschen Fa\u00adschismus und der deutschen Wehr\u00admacht gezogen wurden, dr\u00e4ngender und aktueller denn je.<\/p>\n<p>Menschen- und V\u00f6lkerrecht m\u00fcssen universell und weltweit verwirklicht, das Friedens- und Sozialstaatsgebot des Grundgesetzes umfassend realisiert werden.<\/p>\n<h4>Die Waffen m\u00fcssen schweigen in der Ukraine, Gaza und weltweit!<\/h4>\n<p>Hunderte Menschen sterben t\u00e4glich in Kriegen, tausende verhungern jeden Tag; auch in reichen L\u00e4ndern wie der Bundesrepublik nehmen Armut und Ungleichheit zu. W\u00e4hrenddessen steigen die Profite der R\u00fcstungskonzerne und deutsche Waffenlieferungen befeuern die Spirale der Eskalation und Zerst\u00f6rung. Ob in der Ukraine oder andernorts auf dem Globus, \u00fcberall werden deutsche Waffen in Kriegen ein\u00adgesetzt. Sei es gegen die an Hunger leidende Zivilbev\u00f6lkerung in Gaza, gegen die kurdische Bev\u00f6lkerung oder aufst\u00e4ndische Regionen im Jemen.<\/p>\n<p>Gleichzeitig will \u201eVerteidigungsminister\u201c Pistorius die Bev\u00f6lkerung f\u00fcr eine milit\u00e4rische Konfrontation mit Russland \u201ekriegst\u00fcchtig\u201c machen. Diese Politik hat keine Zukunft, sie kann und muss schnellstm\u00f6glich beendet werden.<\/p>\n<p>Wir rufen alle zur Demonstration am Antikriegstag auf, um die Verantwortung f\u00fcr den Frieden in die eigenen H\u00e4nde zu nehmen und nicht der Politik zu \u00fcberlassen!<\/p>\n<h4>Stopp der Stationierung von Mittelstreckenraketen<\/h4>\n<p>Die Friedensbewegung hat in den 80er Jahren un\u00fcbersehbar gegen das Wettr\u00fcsten zwischen den USA und der Sowjetunion demonstriert. Die wachs\u00adenden Proteste hatten den Abzug von atomaren Mittelstreckenraketen aus Deutschland und das vertragliche Verbot dieser Waffen in ganz Europa mit erm\u00f6glicht und einer weitreichenden atomaren und konventionellen Abr\u00fcstung den Weg bereitet. (INF-Vertrag). Nach der K\u00fcndigung dieses Vertrags durch die USA im Jahr 2019 haben nun die Bundesregierung und die USA beim diesj\u00e4hrigen Nato-Gipfel bekannt gegeben, ab 2026 US-Mittelstreckenraketen in Deutschland gegen Russland stationieren zu wollen. Dieser neuer Schritt der Eskalation bringt nicht mehr Sicherheit, sondern ist brandgef\u00e4hrlich und muss verhindert werden!<\/p>\n<p>Wir fordern:<\/p>\n<ul>\n<li>Keine Stationierung von US-Mittelstreckenraketen in der BRD, sondern Wiederinkraftsetzung des INF-Vertrags, Beitritt Deutschlands zum Atomwaffenverbotsvertrag und Abzug der US-amerikani\u00adschen Atombomben aus B\u00fcchel.<\/li>\n<li>Sofortiger Waffenstillstand und Verhandlungen f\u00fcr eine politische L\u00f6sung in den Kriegen im Nahen Osten und der Ukraine und ein Stopp der Waffenlieferungen.<\/li>\n<li>Sozialaufbau und Abr\u00fcstung, Investitionen in Soziales und internationale Hilfe statt in den Krieg, Nein zum Kriegs- und K\u00fcrzungshaushalt der Bundesregierung.<\/li>\n<li>Friedensf\u00e4higkeit statt Kriegsert\u00fcchtigung: Nein zur Wehrpflicht! Lernen f\u00fcr Frieden statt f\u00fcr den Krieg: keine Kooperationspflicht von Schulen und Hochschulen mit der Bundeswehr, Zivilklauseln \u00fcberall!<\/li>\n<li>Keine Abschiebungen in Krieg und Elend, Solidarit\u00e4t mit allen Kriegsdienstverweigernden und allen, die vor Krieg, Klimaver\u00e4nderungen und unmenschlichen Verh\u00e4ltnissen fliehen.<\/li>\n<li>Die St\u00e4rkung der Vereinten Nationen zur globalen Verwirklichung von Menschenrechten, sozialer Verbesserungen und den Erhalt der Umwelt.<\/li>\n<\/ul>\n<p>Die Menschheit braucht alle Kreativit\u00e4t, alle Gedanken und Bem\u00fchungen f\u00fcr die Verwirklichung der Grundrechte auf Ern\u00e4hrung, Gesundheit, Wohnungen, Bildung, Kultur und f\u00fcr den Erhalt der nat\u00fcrlichen Lebensgrundlagen. Kooperation statt Konkurrenz, Menschenw\u00fcrde und Frieden statt Krieg und Barbarei \u2013 auf zum Antikriegstag!<\/p>\n<blockquote><p>F\u00fcr uns \u00fcberlebende Verfolgte der Nazibarbarei ist der Satz \u201aNie wieder Faschismus, nie wieder Krieg\u2018 ein Satz, dessen beide Teile untrennbar miteinander verbunden sind. (\u2026) Die Vision von einem demokratischen Neuaufbau wurde formuliert in den \u201a4 Des\u2018, wie es damals hie\u00df [Demilitarisierung, Denazifizierung, Demonopolisierung, Demokrati\u00adsierung]. (\u2026) Zu diesen vier Hauptpunkten kam noch die daraus abgeleitete Forderung nach sozialer Gerechtigkeit. Insbesondere Antifaschisten hatten nicht vergessen, dass die soziale Ungerechtigkeit vor 1933, die hohe Arbeitslosigkeit, Not und Verelendung N\u00e4hrboden f\u00fcr die Anf\u00e4lligkeit von Teilen der Bev\u00f6lkerung f\u00fcr faschistische Ideologien gewesen waren. Zu dieser geforderten Sozialstaatlichkeit geh\u00f6rte vor allem das Recht auf Arbeit und auf Wohnung. (\u2026) Den Antifaschisten von 1945 war klar, dass nur noch ein friedlicher Interessensausgleich zugelassen werden d\u00fcrfe und dass eine Form der internationalen Beziehungen entwickelt werden m\u00fcsse, die den Krieg aus dem Leben der V\u00f6lker verbanne.<\/p><\/blockquote>\n<p>(Aus einer Rede des Widerstandsk\u00e4mpfers, KZ-\u00dcberlebenden und Antifaschisten Martin L\u00f6wenberg am 26. M\u00e4rz 2005 in M\u00fcnchen)<\/p>\n","protected":false},"excerpt":{"rendered":"<p>Zusammen mit dem K\u00f6lner Friedensforum laden wir ein: Antikriegstag Demo + Reden + Musik 16:30 h \u00b7 Chlodwigplatz 18:00 h \u00b7 Friedenspark Frieden schaffen statt Waffen liefern \u2013 in Gaza, der Ukraine und weltweit!&#46;&#46;&#46;<\/p>\n","protected":false},"author":110,"featured_media":18644,"comment_status":"open","ping_status":"open","sticky":false,"template":"","format":"standard","meta":{"footnotes":""},"categories":[116],"tags":[33,221,99,252,91],"class_list":["post-18640","post","type-post","status-publish","format-standard","has-post-thumbnail","hentry","category-aufruf","tag-atomwaffen","tag-friedenspolitik","tag-menschenrechte","tag-mittelstreckenraketen","tag-voelkerrecht"],"_links":{"self":[{"href":"https:\/\/www.friedenkoeln.de\/index.php?rest_route=\/wp\/v2\/posts\/18640","targetHints":{"allow":["GET"]}}],"collection":[{"href":"https:\/\/www.friedenkoeln.de\/index.php?rest_route=\/wp\/v2\/posts"}],"about":[{"href":"https:\/\/www.friedenkoeln.de\/index.php?rest_route=\/wp\/v2\/types\/post"}],"author":[{"embeddable":true,"href":"https:\/\/www.friedenkoeln.de\/index.php?rest_route=\/wp\/v2\/users\/110"}],"replies":[{"embeddable":true,"href":"https:\/\/www.friedenkoeln.de\/index.php?rest_route=%2Fwp%2Fv2%2Fcomments&post=18640"}],"version-history":[{"count":4,"href":"https:\/\/www.friedenkoeln.de\/index.php?rest_route=\/wp\/v2\/posts\/18640\/revisions"}],"predecessor-version":[{"id":18647,"href":"https:\/\/www.friedenkoeln.de\/index.php?rest_route=\/wp\/v2\/posts\/18640\/revisions\/18647"}],"wp:featuredmedia":[{"embeddable":true,"href":"https:\/\/www.friedenkoeln.de\/index.php?rest_route=\/wp\/v2\/media\/18644"}],"wp:attachment":[{"href":"https:\/\/www.friedenkoeln.de\/index.php?rest_route=%2Fwp%2Fv2%2Fmedia&parent=18640"}],"wp:term":[{"taxonomy":"category","embeddable":true,"href":"https:\/\/www.friedenkoeln.de\/index.php?rest_route=%2Fwp%2Fv2%2Fcategories&post=18640"},{"taxonomy":"post_tag","embeddable":true,"href":"https:\/\/www.friedenkoeln.de\/index.php?rest_route=%2Fwp%2Fv2%2Ftags&post=18640"}],"curies":[{"name":"wp","href":"https:\/\/api.w.org\/{rel}","templated":true}]}}