{"id":18648,"date":"2024-08-18T17:48:05","date_gmt":"2024-08-18T15:48:05","guid":{"rendered":"https:\/\/www.friedenkoeln.de\/?p=18648"},"modified":"2024-09-09T09:55:46","modified_gmt":"2024-09-09T07:55:46","slug":"nie-wieder-krieg-nein-zu-krieg-und-hochruestung-ja-zu-frieden-und-internationaler-solidaritaet","status":"publish","type":"post","link":"https:\/\/www.friedenkoeln.de\/?p=18648","title":{"rendered":"Nie wieder Krieg! Nein zu Krieg und Hochr\u00fcstung! Ja zu Frieden und internationaler Solidarit\u00e4t."},"content":{"rendered":"<p><em>Aufruf zur bundesweiten Friedensdemonstration am 3. Oktober 2024 in Berlin:<\/em><\/p>\n<hr \/>\n<p><a href=\"https:\/\/koelner-friedensforum.org\/gemeinsame-anfahrt-zur-bundesweiten-friedensdemonstration-am-3-oktober-in-berlin\/\"><em>Nachtrag: Infos zur gemeinsamen Anreise aus K\u00f6ln sind auf der Seite des K\u00f6lner Friedensforums!<\/em><\/a><\/p>\n<hr \/>\n<p>Die Situation in Europa und Nahost entwickelt sich gef\u00e4hrlich in Richtung Gro\u00dfkrieg. Statt sich f\u00fcr Frieden einzusetzen, liefert der Westen \u2013 einschlie\u00dflich der Bundesregierung \u2013 immer mehr Waffen und beschleunigt die Eskalation durch die Erlaubnis, diese auch gegen russisches Gebiet einzusetzen. Atomwaffen werden wieder einsatzf\u00e4hig gemacht. Die deutsche Regierung r\u00fcstet auf wie nie zuvor. Wir alle sollen kriegst\u00fcchtig gemacht werden. Eine \u201eneue\u201c Wehrpflicht droht. Das Geld f\u00fcr die Hochr\u00fcstung fehlt bei Krankenh\u00e4usern und Pflege, Rente und Sozialleistungen, Bildung und Kitas, Bahn und Nahverkehr. Globale Herausforderungen, die weltweit nur gemeinsam gel\u00f6st werden k\u00f6nnen, um den Generationen, die uns folgen, eine lebenswerte Welt zu erhalten, werden nicht in Angriff genommen.<\/p>\n<p><strong>Den Frieden gewinnen \u2013 jetzt oder nie!<\/strong><\/p>\n<p>Deshalb:<\/p>\n<ul>\n<li>Verhandlungen zur sofortigen Beendigung des Krieges in der Ukraine und in Gaza!<br \/>\n\u2013 Keine Waffenlieferungen an die Ukraine, Israel und in alle Welt!<\/li>\n<li>Atomwaffen raus aus Deutschland und Atomwaffenverbotsvertrag unterzeichnen!<br \/>\n\u2013 Keine Modernisierung der Atomwaffen und keine atomare Teilhabe! Keine Stationierung von US-Mittelstreckenwaffen in Deutschland!<\/li>\n<li>Friedenserziehung an Schulen und Aufrechterhaltung der Zivilklausel an Universit\u00e4ten und Hochschulen!<br \/>\n\u2013 Keine Bundeswehr an Schulen und keine \u201eneue\u201c Wehrpflicht!<\/li>\n<li>Recht auf Kriegsdienstverweigerung \u00fcberall!<br \/>\n\u2013 Keine Zwangsrekrutierung!<\/li>\n<li>Abr\u00fcstung! Geld in Bildung, Gesundheitswesen, Klimaschutz und Infrastruktur investieren, Sozialstaat ausbauen!<br \/>\n\u2013 Keine Milliarden in die R\u00fcstung!<\/li>\n<li>Demokratischen Meinungsaustausch f\u00f6rdern, sachliche Berichterstattung erm\u00f6glichen!<br \/>\n\u2013 Keine Einschr\u00e4nkung der Meinungs- und Versammlungsfreiheit!<\/li>\n<\/ul>\n<p>Frieden und Sicherheit gehen nur gemeinsam. Es ist kurz vor 12! Widerstand und Protest \u2013 jetzt! Geht auf die Stra\u00dfe, bildet Initiativen, wehrt euch, seid kreativ, wehret den Anf\u00e4ngen, die schon l\u00e4ngst keine mehr sind!<\/p>\n<p><strong>Kommt alle zur bundesweiten Friedensdemonstration am 3. Oktober um 12:30 Uhr nach Berlin!<\/strong><\/p>\n<p>Es liegt an uns!<\/p>\n<p>Initiative \u201eNie wieder Krieg \u2013 Die Waffen nieder\u201c<br \/>\nYusuf As, Reiner Braun, Wiebke Diehl, Andreas Gr\u00fcnwald, Rita-Sybille Heinrich, Jutta Kausch-Henken, Ralf Kr\u00e4mer, Willi van Ooyen, Christof Ostheimer, Peter Wahl<\/p>\n<div id=\"attachment_18653\" style=\"width: 504px\" class=\"wp-caption alignleft\"><img loading=\"lazy\" decoding=\"async\" aria-describedby=\"caption-attachment-18653\" class=\"wp-image-18653 \" src=\"https:\/\/www.friedenkoeln.de\/wp-content\/uploads\/2024\/08\/sharepic-1.jpeg\" alt=\"Ein Kind stemmt die H\u00e4nde in die Seiten und l\u00e4chelt den Betrachter an. Dabeben Luftballons, Luftschlangen und eine Katze\" width=\"494\" height=\"494\" srcset=\"https:\/\/www.friedenkoeln.de\/wp-content\/uploads\/2024\/08\/sharepic-1.jpeg 1080w, https:\/\/www.friedenkoeln.de\/wp-content\/uploads\/2024\/08\/sharepic-1-500x500.jpeg 500w, https:\/\/www.friedenkoeln.de\/wp-content\/uploads\/2024\/08\/sharepic-1-200x200.jpeg 200w, https:\/\/www.friedenkoeln.de\/wp-content\/uploads\/2024\/08\/sharepic-1-768x768.jpeg 768w, https:\/\/www.friedenkoeln.de\/wp-content\/uploads\/2024\/08\/sharepic-1-80x80.jpeg 80w, https:\/\/www.friedenkoeln.de\/wp-content\/uploads\/2024\/08\/sharepic-1-320x320.jpeg 320w\" sizes=\"auto, (max-width: 494px) 100vw, 494px\" \/><p id=\"caption-attachment-18653\" class=\"wp-caption-text\">&#8222;Conni hat keine Lust auf Krieg. Deshalb f\u00e4hrt sie am 3. Oktober zur Friedensdemo nach Berlin&#8220;<\/p><\/div>\n<p>Mit Stand vom 17.08.2024 haben bisher weitere 1048 Gruppen und Einzelpersonen erkl\u00e4rt, dass sie die Friedensdemonstration am 3. Oktober in Berlin aktiv unterst\u00fctzen werden.<\/p>\n<p>Dazu z\u00e4hlen beispielsweise:<br \/>\nDr. Dietmar Bartsch (MdB), Prof. Heinz Bierbaum (Vors. der RLS), Prof. Peter Brandt, Prof. Michael Brie, Prof. Christoph Butterwegge, Sevim Dagdelen (MdB), \u00d6zlem Demirel (MdEP), Eugen Drewermann, Ulrike Eifler (Gewerkschaftssekret\u00e4rin), Sefariye Eksi (DIDF-Bundesvorsitzende), Dr. Petra Erler, L\u00fchr Henken (Co-Sprecher Bundesausschuss Friedensratschlag), Matthias Jochheim (IPPNW), Patrik K\u00f6bele (DKP), Christian Leye (MdB), Gesine L\u00f6tzsch (MdB), Prof. Birgit Mahnkopf, Amira Mohamed Ali (BSW-Co-Vorsitzende), Michael M\u00fcller, Zaklin Nastic (MdB), S\u00f6ren Pellmann (MdB), Mehmet Peri\u015fan (Vorsitzender IG BAU K\u00f6ln \/ Bonn), Prof. Werner Ruf, Helga und Reinhard Schwitzer, Werner Siebler (DGB-Vorsitzender Freiburg), Prof. Wolfgang Streeck, Jessica Tatti (MdB), Ceyda Tutan (Bundesverband der Migrantinnen in Deutschland e.V.), G\u00fcnter Verheugen, Dr. Michael von der Schulenburg (MdEP), Sahra Wagenknecht, Ayhan Zeytin (BR ArcelorMittal, IG Metall) \u2026<\/p>\n<p>Weitere Infos zum Ablauf der Demo und Fahrpl\u00e4nen, die Liste aller Unterst\u00fctzenden, das Spendenkonto, Flyer, Stellungnahmen usw. sind auf der <a href=\"https:\/\/nie-wieder-krieg.org\">Demo-Seite<\/a>.<\/p>\n<p><strong>Hinweis: <\/strong><strong>Wir suchen noch ein, zwei Personen, die die Anfahrt von K\u00f6ln nach Berlin koordinieren! Bitte bei kontakt@friedenkoeln.de melden!<\/strong><\/p>\n","protected":false},"excerpt":{"rendered":"<p>Aufruf zur bundesweiten Friedensdemonstration am 3. Oktober 2024 in Berlin: Nachtrag: Infos zur gemeinsamen Anreise aus K\u00f6ln sind auf der Seite des K\u00f6lner Friedensforums! Die Situation in Europa und Nahost entwickelt sich gef\u00e4hrlich in&#46;&#46;&#46;<\/p>\n","protected":false},"author":110,"featured_media":18653,"comment_status":"open","ping_status":"open","sticky":false,"template":"","format":"standard","meta":{"footnotes":""},"categories":[116],"tags":[42,112,253,90,218,182],"class_list":["post-18648","post","type-post","status-publish","format-standard","has-post-thumbnail","hentry","category-aufruf","tag-abruestung","tag-atomwaffenverbotsvertrag","tag-friedensbildung","tag-friedensverhandlung","tag-kriegsdienstverweigerung","tag-meinungsfreiheit"],"_links":{"self":[{"href":"https:\/\/www.friedenkoeln.de\/index.php?rest_route=\/wp\/v2\/posts\/18648","targetHints":{"allow":["GET"]}}],"collection":[{"href":"https:\/\/www.friedenkoeln.de\/index.php?rest_route=\/wp\/v2\/posts"}],"about":[{"href":"https:\/\/www.friedenkoeln.de\/index.php?rest_route=\/wp\/v2\/types\/post"}],"author":[{"embeddable":true,"href":"https:\/\/www.friedenkoeln.de\/index.php?rest_route=\/wp\/v2\/users\/110"}],"replies":[{"embeddable":true,"href":"https:\/\/www.friedenkoeln.de\/index.php?rest_route=%2Fwp%2Fv2%2Fcomments&post=18648"}],"version-history":[{"count":6,"href":"https:\/\/www.friedenkoeln.de\/index.php?rest_route=\/wp\/v2\/posts\/18648\/revisions"}],"predecessor-version":[{"id":18721,"href":"https:\/\/www.friedenkoeln.de\/index.php?rest_route=\/wp\/v2\/posts\/18648\/revisions\/18721"}],"wp:featuredmedia":[{"embeddable":true,"href":"https:\/\/www.friedenkoeln.de\/index.php?rest_route=\/wp\/v2\/media\/18653"}],"wp:attachment":[{"href":"https:\/\/www.friedenkoeln.de\/index.php?rest_route=%2Fwp%2Fv2%2Fmedia&parent=18648"}],"wp:term":[{"taxonomy":"category","embeddable":true,"href":"https:\/\/www.friedenkoeln.de\/index.php?rest_route=%2Fwp%2Fv2%2Fcategories&post=18648"},{"taxonomy":"post_tag","embeddable":true,"href":"https:\/\/www.friedenkoeln.de\/index.php?rest_route=%2Fwp%2Fv2%2Ftags&post=18648"}],"curies":[{"name":"wp","href":"https:\/\/api.w.org\/{rel}","templated":true}]}}