{"id":18679,"date":"2024-08-28T12:54:16","date_gmt":"2024-08-28T10:54:16","guid":{"rendered":"https:\/\/www.friedenkoeln.de\/?p=18679"},"modified":"2024-08-28T12:54:16","modified_gmt":"2024-08-28T10:54:16","slug":"bundeswehr-werbung-um-jugendliche-in-koeln-friedensgruppe-kuendigt-rekrutierungsbuero-fuer-kriegstuechtige-mitbuergerinnen-und-mitbuerger-an","status":"publish","type":"post","link":"https:\/\/www.friedenkoeln.de\/?p=18679","title":{"rendered":"Bundeswehr-Werbung um Jugendliche in K\u00f6ln: Friedensgruppe k\u00fcndigt \u201eRekrutierungsb\u00fcro f\u00fcr kriegst\u00fcchtige Mitb\u00fcrgerinnen und Mitb\u00fcrger\u201c an"},"content":{"rendered":"<p>Die K\u00f6lner Gruppe der Deutschen Friedensgesellschaft &#8211; Vereinigte KriegsdienstgegnerInnen (DFG-VK) k\u00fcndigt Aufkl\u00e4rungs- und Satire-Aktionen gegen ein bevorstehendes Lockangebot der Bundeswehr f\u00fcr Jugendliche an.<\/p>\n<p>Unter der \u00dcberschrift \u201eFu\u00dfballfans aufgepasst!\u201c und \u201eOlympix 2024\u201c wendet sich das in K\u00f6ln ans\u00e4ssige Personalmanagement der Bundeswehr ausdr\u00fccklich an \u201eJugendliche im Alter von 15 bis 17 Jahren\u201c, denen es \u201epackende Duelle in der L\u00fcttich-Kaserne in K\u00f6ln\u201c verspricht. Ein kombiniertes Fu\u00dfball- und E-Sports-Turnier, erg\u00e4nzt durch \u201eein spannendes Rahmenprogramm, DJ und Live-Acts, Chill-Zone und k\u00fchle Drinks\u201c, soll die Jugendlichen vom 30.8. bis 1.9.2024 in die Kaserne locken.<\/p>\n<p>Die K\u00f6lner DFG-VK kritisiert die Werbeaktion der Bundeswehr, weil sie den Jugendlichen ein v\u00f6llig falsches Bild von Abenteuer und Coolness vorgaukele, das mit der milit\u00e4rischen Realit\u00e4t nichts zu tun habe.<\/p>\n<blockquote><p>Die Bundeswehr ist seit Jahren nicht in der Lage, ihre j\u00e4hrlichen Rekrutierungsziele mit Erwachsenen zu f\u00fcllen,<\/p><\/blockquote>\n<p>erkl\u00e4rt ein Sprecher der Gruppe. Im Jahr 2023 waren \u00fcber 10 Prozent der Rekruten und Rekrutinnen Jugendliche. Das sei wohl der Hintergrund der gezielten Werbung bei Jugendlichen. Ein \u201eArmutszeugnis\u201c finden die K\u00f6lner Friedensaktivisten das, denn dies untergrabe die weltweiten Bem\u00fchungen um die Anhebung des Mindestalters auf 18 Jahre. Deutschland mache sich international unglaubw\u00fcrdig.<\/p>\n<blockquote><p>Au\u00dferdem finden wir absto\u00dfend, dass die Werbeaktion zur Militarisierung der Jugend ausgerechnet am Antikriegstag, also 85 Jahre nach dem deutschen \u00dcberfall auf Polen und dem Beginn des Zweiten Weltkriegs, stattfindet,<\/p><\/blockquote>\n<p>so ein anderes Mitglied der Gruppe.<\/p>\n<p>Mitte August hatte eine massive Plakatwerbung der Bundeswehr in einem K\u00f6lner Freibad bereits Proteste und Beschwerden bei der st\u00e4dtischen K\u00f6lnB\u00e4der GmbH hervorgerufen, wie die Presse berichtete. Weitere Kritik gab es vergangene Woche an der Pr\u00e4senz der Bundeswehr auf der Spielemesse Gamescom. Nach Angaben des K\u00f6lner \u201eExpress\u201c hatte das Jugendnetzwerk der DFG-VK \u201eaus Protest in der ganzen Stadt Fake-Plakate im Stil der Bundeswehr aufgehangen\u201c. Auf dem bekannten Camouflage-Look der \u201anormalen\u2018 Bundeswehr-Plakate seien flapsige Spr\u00fcche zu Themen zu lesen gewesen, wegen denen die Bundeswehr in der Kritik stehe: Krieg, Hierarchie, Sexismus, Nazi-Tendenzen.<\/p>\n<blockquote><p>Die Versuche der Bundeswehr, Jugendliche zu umgarnen, kann man ja nur noch mit schwarzem Humor ertragen,<\/p><\/blockquote>\n<p>st\u00f6hnt der Sprecher der DFG-VK Gruppe K\u00f6ln.<\/p>\n<blockquote><p>Wir laden deshalb alle Interessierten am 31.8.2024 ab 11 Uhr ein, den \u201aSatirischen Sektor\u2019 auf dem Chlodwigplatz zu betreten und in unser \u201aRekrutierungsb\u00fcro f\u00fcr kriegst\u00fcchtige Mitb\u00fcrgerinnen und Mitb\u00fcrger\u2018 zu kommen.<\/p><\/blockquote>\n<p>Weitere Aufkl\u00e4rungsaktionen planen die Friedensaktivisten am 30.8.2024 um 14 Uhr vor der L\u00fcttich-Kaserne und um 15 Uhr in Chorweiler.<\/p>\n<div id=\"attachment_15086\" style=\"width: 2570px\" class=\"wp-caption aligncenter\"><img loading=\"lazy\" decoding=\"async\" aria-describedby=\"caption-attachment-15086\" class=\"size-full wp-image-15086\" src=\"https:\/\/www.friedenkoeln.de\/wp-content\/uploads\/2020\/06\/fullsizeoutput_18eb-scaled.jpeg\" alt=\"Drei M\u00e4nner und zwei Frauen stehen im Sonnenlicht am Flussufer und halten ein Banner &quot;Unter 18? - Nie! Nein zur Rekrutierung Minderj\u00e4hriger durch die Bundeswehr!&quot;, sowie Schilder und Flaggen von Organisationen vor sich. Im Hintergrund das gegen\u00fcberliegende st\u00e4dtisch bebaute Flussufer mit gr\u00fcnen B\u00e4umen.\" width=\"2560\" height=\"1007\" srcset=\"https:\/\/www.friedenkoeln.de\/wp-content\/uploads\/2020\/06\/fullsizeoutput_18eb-scaled.jpeg 2560w, https:\/\/www.friedenkoeln.de\/wp-content\/uploads\/2020\/06\/fullsizeoutput_18eb-150x59.jpeg 150w, https:\/\/www.friedenkoeln.de\/wp-content\/uploads\/2020\/06\/fullsizeoutput_18eb-768x302.jpeg 768w, https:\/\/www.friedenkoeln.de\/wp-content\/uploads\/2020\/06\/fullsizeoutput_18eb-1536x604.jpeg 1536w, https:\/\/www.friedenkoeln.de\/wp-content\/uploads\/2020\/06\/fullsizeoutput_18eb-2048x806.jpeg 2048w\" sizes=\"auto, (max-width: 2560px) 100vw, 2560px\" \/><p id=\"caption-attachment-15086\" class=\"wp-caption-text\">Ein Ende der Rekrutierung unter 18-j\u00e4hriger durch die Bundeswehr forderten am 12.6.2020 in K\u00f6ln (v.l.): Michael S\u00fcnner (DFG-VK, hier auch f\u00fcr die Evangelische Sch\u00fcler*- und Sch\u00fclerinnen*arbeit im Rheinland), Josef Obladen (AG Frieden und internationale Politik, Die Linke K\u00f6ln), Stefanie Intveen (DFG-VK, hier auch f\u00fcr terre des hommes), Eva-Maria Zimmermann (GEW Stadtverband K\u00f6ln), Florian Bechtel (Qu\u00e4ker). Foto: privat<\/p><\/div>\n","protected":false},"excerpt":{"rendered":"<p>Die K\u00f6lner Gruppe der Deutschen Friedensgesellschaft &#8211; Vereinigte KriegsdienstgegnerInnen (DFG-VK) k\u00fcndigt Aufkl\u00e4rungs- und Satire-Aktionen gegen ein bevorstehendes Lockangebot der Bundeswehr f\u00fcr Jugendliche an. Unter der \u00dcberschrift \u201eFu\u00dfballfans aufgepasst!\u201c und \u201eOlympix 2024\u201c wendet sich das&#46;&#46;&#46;<\/p>\n","protected":false},"author":110,"featured_media":15086,"comment_status":"open","ping_status":"open","sticky":false,"template":"","format":"standard","meta":{"footnotes":""},"categories":[87],"tags":[48,122],"class_list":["post-18679","post","type-post","status-publish","format-standard","has-post-thumbnail","hentry","category-pressemitteilung","tag-bundeswehr","tag-jugend"],"_links":{"self":[{"href":"https:\/\/www.friedenkoeln.de\/index.php?rest_route=\/wp\/v2\/posts\/18679","targetHints":{"allow":["GET"]}}],"collection":[{"href":"https:\/\/www.friedenkoeln.de\/index.php?rest_route=\/wp\/v2\/posts"}],"about":[{"href":"https:\/\/www.friedenkoeln.de\/index.php?rest_route=\/wp\/v2\/types\/post"}],"author":[{"embeddable":true,"href":"https:\/\/www.friedenkoeln.de\/index.php?rest_route=\/wp\/v2\/users\/110"}],"replies":[{"embeddable":true,"href":"https:\/\/www.friedenkoeln.de\/index.php?rest_route=%2Fwp%2Fv2%2Fcomments&post=18679"}],"version-history":[{"count":2,"href":"https:\/\/www.friedenkoeln.de\/index.php?rest_route=\/wp\/v2\/posts\/18679\/revisions"}],"predecessor-version":[{"id":18681,"href":"https:\/\/www.friedenkoeln.de\/index.php?rest_route=\/wp\/v2\/posts\/18679\/revisions\/18681"}],"wp:featuredmedia":[{"embeddable":true,"href":"https:\/\/www.friedenkoeln.de\/index.php?rest_route=\/wp\/v2\/media\/15086"}],"wp:attachment":[{"href":"https:\/\/www.friedenkoeln.de\/index.php?rest_route=%2Fwp%2Fv2%2Fmedia&parent=18679"}],"wp:term":[{"taxonomy":"category","embeddable":true,"href":"https:\/\/www.friedenkoeln.de\/index.php?rest_route=%2Fwp%2Fv2%2Fcategories&post=18679"},{"taxonomy":"post_tag","embeddable":true,"href":"https:\/\/www.friedenkoeln.de\/index.php?rest_route=%2Fwp%2Fv2%2Ftags&post=18679"}],"curies":[{"name":"wp","href":"https:\/\/api.w.org\/{rel}","templated":true}]}}