{"id":18723,"date":"2024-09-12T09:55:03","date_gmt":"2024-09-12T07:55:03","guid":{"rendered":"https:\/\/www.friedenkoeln.de\/?p=18723"},"modified":"2024-09-12T09:56:55","modified_gmt":"2024-09-12T07:56:55","slug":"leichen-vor-der-luettich-kaserne","status":"publish","type":"post","link":"https:\/\/www.friedenkoeln.de\/?p=18723","title":{"rendered":"\u201eLeichen\u201c vor der L\u00fcttich-Kaserne"},"content":{"rendered":"<p>Eigentlich ist es eine tolle Idee einen olympischen Wettbewerb mit Jugendlichen durchzuf\u00fchren, wo doch gerade in Paris die olympischen Spiele waren. Doch wenn die Bundeswehr so etwas macht, wollen wir es doch hinterfragen.<\/p>\n<p>In der griechischen Geschichte wurden die Olympische Spiele im Rahmen religi\u00f6ser Feierlichkeiten als Zeichen des Friedens ausgetragen. W\u00e4hrenddessen ruhten die Feindseligkeiten zwischen den griechischen Stadtstaaten und es herrschte ein Waffenstillstand.<\/p>\n<p>Das offizielle Logo der Olympischen Spiele, die f\u00fcnf miteinander verbundenen Ringe, stellen die f\u00fcnf Kontinente dar. Die Spiele sind urspr\u00fcnglich als ein Wettkampf zur V\u00f6lkerverst\u00e4ndigung gedacht, des Verlagerns von Konflikten auf eine sportliche Ebene des Konkurrierens, auf das Erlernen des Respektes vor anderen Kulturen und des fairen Umgangs miteinander.<\/p>\n<p>Die Bundeswehr m\u00f6chte hingegen mit dem sogenannten Olympix-Event, unter der Zielgruppe von Jugendlichen und jungen Erwachsenen zwischen 15 und 19 Jahren f\u00fcr die Bundeswehr werben. Nach ihrer Rekrutierung lernen die jungen Menschen das F\u00fchren von Kriegen und das T\u00f6ten von Menschen. Das hat nach unserer Ansicht nichts mit dem olympischen Gedanken zu tun.<\/p>\n<p>Um dies aufzuzeigen sind wir vor die L\u00fcttich-Kaserne gezogen; mit der Aufforderung keine Jugendlichen f\u00fcr das T\u00f6ten und Sterben zu werben, und der Erinnerung daran, dass Kriegsger\u00e4t kein Spielzeug f\u00fcr Jugendliche ist. Um das eigentliche Wirken der Bundeswehr zu veranschaulichen, inszenierten einige von uns das Sterben durch Krieg.<\/p>\n<p><strong>Pl\u00f6tzlich lagen Leichen vor dem Kasernentor<\/strong><\/p>\n<p><strong>&#8211; Leichen in Tarnkleidung<\/strong><\/p>\n<p><strong>&#8211; Leichen, deren Umrisse nach Entfernung auf der Stra\u00dfe zu sehen sind<\/strong><\/p>\n<p><strong>&#8211; Leichen, zu betrauern durch Familien und Freunde<\/strong><\/p>\n<div class=\"rl-gallery-container rl-loading\" id=\"rl-gallery-container-1\" data-gallery_id=\"18728\"> <div class=\"rl-gallery rl-basicgrid-gallery \" id=\"rl-gallery-1\" data-gallery_no=\"1\"> <div class=\"rl-gallery-item\"><a href=\"https:\/\/www.friedenkoeln.de\/wp-content\/uploads\/2024\/09\/20230830-_DSC1798-scaled.jpg\" title=\"\" data-rl_title=\"\" class=\"rl-gallery-link\" data-rl_caption=\"Aktion vor der L\u00fcttich Kaserne, Foto: Herbert Sauerwein, 30.8.2024\" data-rel=\"lightbox-gallery-1\"><img loading=\"lazy\" decoding=\"async\" src=\"https:\/\/www.friedenkoeln.de\/wp-content\/uploads\/2024\/09\/20230830-_DSC1798-500x500.jpg\" width=\"500\" height=\"500\" alt=\"Aktion vor der L\u00fcttich Kaserne, Banner Kein Werben f\u00fcrs T\u00f6ten und Sterben!\" \/><span class=\"rl-gallery-caption\"><span class=\"rl-gallery-item-caption\">Aktion vor der L\u00fcttich Kaserne, Foto: Herbert Sauerwein, 30.8.2024<\/span><\/span><\/a><\/div><div class=\"rl-gallery-item\"><a href=\"https:\/\/www.friedenkoeln.de\/wp-content\/uploads\/2024\/09\/20230830-_DSC1794-scaled.jpg\" title=\"\" data-rl_title=\"\" class=\"rl-gallery-link\" data-rl_caption=\"Aktion vor der L\u00fcttich Kaserne, Foto: Herbert Sauerwein, 30.8.2024\" data-rel=\"lightbox-gallery-1\"><img loading=\"lazy\" decoding=\"async\" src=\"https:\/\/www.friedenkoeln.de\/wp-content\/uploads\/2024\/09\/20230830-_DSC1794-500x500.jpg\" width=\"500\" height=\"500\" alt=\"Aktion vor der L\u00fcttich Kaserne mit &quot;Die In&quot;\" \/><span class=\"rl-gallery-caption\"><span class=\"rl-gallery-item-caption\">Aktion vor der L\u00fcttich Kaserne, Foto: Herbert Sauerwein, 30.8.2024<\/span><\/span><\/a><\/div><div class=\"rl-gallery-item\"><a href=\"https:\/\/www.friedenkoeln.de\/wp-content\/uploads\/2024\/09\/20230830-_DSC1803-scaled.jpg\" title=\"\" data-rl_title=\"\" class=\"rl-gallery-link\" data-rl_caption=\"Aktion vor der L\u00fcttich Kaserne, Foto: Herbert Sauerwein, 30.8.2024\" data-rel=\"lightbox-gallery-1\"><img loading=\"lazy\" decoding=\"async\" src=\"https:\/\/www.friedenkoeln.de\/wp-content\/uploads\/2024\/09\/20230830-_DSC1803-500x500.jpg\" width=\"500\" height=\"500\" alt=\"Aktion vor der L\u00fcttich Kaserne in K\u00f6ln, Banner kein Werben f\u00fcrs T\u00f6ten und Sterben\" \/><span class=\"rl-gallery-caption\"><span class=\"rl-gallery-item-caption\">Aktion vor der L\u00fcttich Kaserne, Foto: Herbert Sauerwein, 30.8.2024<\/span><\/span><\/a><\/div> <\/div> <\/div>\n<p>&nbsp;<\/p>\n<p><strong>Dies ist das Ergebnis von Krieg, nicht Abenteuer und Spa\u00df. <\/strong><\/p>\n<p>Selbst wenn man eine Bundeswehr f\u00fcr notwendig h\u00e4lt, sollte man nicht Jugendliche durch Spiel \u2013\u00a0 Spa\u00df \u2013 Spannung f\u00fcr den Kriegsdienst werben. Dem olympischen Gedanken wird man dadurch nicht gerecht. Die Bundeswehr ist keine Verteidigungsarmee mehr. Sie ist eingebunden in ein aggressiv agierendes Milit\u00e4rb\u00fcndnis. Die Soldaten der Bundeswehr bedrohen andere L\u00e4nder und agieren als Konfliktparteien, weit entfernt von Deutschlands Grenzen.<\/p>\n<p>Die Kosten f\u00fcr Kriege und Aufr\u00fcstung gehen zu Lasten der Bev\u00f6lkerung.<\/p>\n<p><strong>Wehrt euch gegen das Werben f\u00fcrs T\u00f6ten und Sterben.<\/strong><\/p>\n<p>&nbsp;<\/p>\n","protected":false},"excerpt":{"rendered":"<p>Eigentlich ist es eine tolle Idee einen olympischen Wettbewerb mit Jugendlichen durchzuf\u00fchren, wo doch gerade in Paris die olympischen Spiele waren. Doch wenn die Bundeswehr so etwas macht, wollen wir es doch hinterfragen. In&#46;&#46;&#46;<\/p>\n","protected":false},"author":110,"featured_media":18725,"comment_status":"open","ping_status":"open","sticky":false,"template":"","format":"standard","meta":{"footnotes":""},"categories":[2,105],"tags":[],"class_list":["post-18723","post","type-post","status-publish","format-standard","has-post-thumbnail","hentry","category-aktionen","category-bericht"],"_links":{"self":[{"href":"https:\/\/www.friedenkoeln.de\/index.php?rest_route=\/wp\/v2\/posts\/18723","targetHints":{"allow":["GET"]}}],"collection":[{"href":"https:\/\/www.friedenkoeln.de\/index.php?rest_route=\/wp\/v2\/posts"}],"about":[{"href":"https:\/\/www.friedenkoeln.de\/index.php?rest_route=\/wp\/v2\/types\/post"}],"author":[{"embeddable":true,"href":"https:\/\/www.friedenkoeln.de\/index.php?rest_route=\/wp\/v2\/users\/110"}],"replies":[{"embeddable":true,"href":"https:\/\/www.friedenkoeln.de\/index.php?rest_route=%2Fwp%2Fv2%2Fcomments&post=18723"}],"version-history":[{"count":4,"href":"https:\/\/www.friedenkoeln.de\/index.php?rest_route=\/wp\/v2\/posts\/18723\/revisions"}],"predecessor-version":[{"id":18731,"href":"https:\/\/www.friedenkoeln.de\/index.php?rest_route=\/wp\/v2\/posts\/18723\/revisions\/18731"}],"wp:featuredmedia":[{"embeddable":true,"href":"https:\/\/www.friedenkoeln.de\/index.php?rest_route=\/wp\/v2\/media\/18725"}],"wp:attachment":[{"href":"https:\/\/www.friedenkoeln.de\/index.php?rest_route=%2Fwp%2Fv2%2Fmedia&parent=18723"}],"wp:term":[{"taxonomy":"category","embeddable":true,"href":"https:\/\/www.friedenkoeln.de\/index.php?rest_route=%2Fwp%2Fv2%2Fcategories&post=18723"},{"taxonomy":"post_tag","embeddable":true,"href":"https:\/\/www.friedenkoeln.de\/index.php?rest_route=%2Fwp%2Fv2%2Ftags&post=18723"}],"curies":[{"name":"wp","href":"https:\/\/api.w.org\/{rel}","templated":true}]}}