{"id":18736,"date":"2024-09-16T20:54:22","date_gmt":"2024-09-16T18:54:22","guid":{"rendered":"https:\/\/www.friedenkoeln.de\/?p=18736"},"modified":"2024-09-16T20:54:22","modified_gmt":"2024-09-16T18:54:22","slug":"auch-ialana-ruft-zur-friedensdemonstration-in-berlin-am-03-oktober-2024-auf","status":"publish","type":"post","link":"https:\/\/www.friedenkoeln.de\/?p=18736","title":{"rendered":"Auch IALANA ruft zur Friedensdemonstration in Berlin am 03. Oktober 2024 auf"},"content":{"rendered":"<p>IALANA &#8211; International Association Of Lawyers Against Nuclear Arms &#8211; ruft zur Teilnahme an der Friedensdemonstration am 03. Oktober auf:<\/p>\n<p>&nbsp;<\/p>\n<table style=\"height: 392px;\" width=\"1393\">\n<tbody>\n<tr>\n<td width=\"100%\">\n<p style=\"text-align: left;\"><strong>Aufruf zur Friedensdemo am 3.10.2024<\/strong><\/p>\n<p style=\"text-align: left;\"><em>IALANA ruft auf zur Teilnahme an der f\u00fcr den<\/em><em>\u00a0<\/em><em><a href=\"https:\/\/nie-wieder-krieg.org\/\">3. Oktober geplanten Friedensdemonstration in Berlin<\/a>.<\/em><\/p>\n<div id=\"attachment_18739\" style=\"width: 180px\" class=\"wp-caption alignright\"><img loading=\"lazy\" decoding=\"async\" aria-describedby=\"caption-attachment-18739\" class=\"size-full wp-image-18739\" src=\"https:\/\/www.friedenkoeln.de\/wp-content\/uploads\/2024\/09\/IALANA-Logo.png\" alt=\"\" width=\"170\" height=\"110\" \/><p id=\"caption-attachment-18739\" class=\"wp-caption-text\">Logo des IALANA Deutschland e.V. &#8211; Vereinigung f\u00fcr Friedensrecht. Deutsche Sektion der International Association Of Lawyers Against Nuclear Arms<\/p><\/div>\n<p style=\"text-align: left;\">Die Appelle zur Beendigung der gegenw\u00e4rtigen Kriege in der Ukraine und in Pal\u00e4stina durch Waffenstillstandsvereinbarungen und die sofortige Aufnahme von Friedensverhandlungen unter Beteiligung aller Kriegsparteien wurden nicht befolgt. Die geplante Demonstration ist notwendig, um den Forderungen der Friedensbewegung Nachdruck zu verleihen.<\/p>\n<p style=\"text-align: left;\">Insbesondere die an den Kriegen unmittelbar und mittelbar beteiligen Staaten sind nach Art. 1 und 2 der UN-Charta verpflichtet, unbedingt und jederzeit konstruktive Vorschl\u00e4ge zur dauerhaften Beendigung der Kriege unterbreiten. Das Gebot, Frieden zu bewahren und zu stiften, ist f\u00fcr Deutschland im Grundgesetz und f\u00fcr alle Mitglieder der EU im EU-Vertrag bekr\u00e4ftigt. Wir erkennen kein ernsthaftes Bem\u00fchen der Kriegsparteien und der sie unterst\u00fctzenden Staaten, die genannten Gebote zu erf\u00fcllen. Schon seit ihrem Beginn verursachen diese Kriege ein unermessliches Leid der zivilen Bev\u00f6lkerungen. Das Humanit\u00e4re V\u00f6lkerrecht, das Zivilpersonen sch\u00fctzen will, und die Internationalen Menschenrechte werden fortlaufend missachtet. Schulgeb\u00e4ude, Krankenh\u00e4user, Vertriebenenunterk\u00fcnfte und andere zivile Einrichtungen werden bombardiert. Streumunition und Uranmunition werden ohne R\u00fccksicht auf T\u00f6tung und Sch\u00e4digung von Zivilpersonen geliefert und eingesetzt. Inzwischen besteht allgemein die Einsch\u00e4tzung, dass von beiden Kriegen die Gefahr eines unkontrollierbaren Fl\u00e4chenbrandes ausgeht.<\/p>\n<p style=\"text-align: left;\">Die V\u00f6lkergemeinschaft fordert: Dieses v\u00f6lkerrechtswidrige Morden muss sofort beendet werden. Auch die Androhung weiterer Kriegshandlungen muss unterbleiben. Das gilt vor allem f\u00fcr die Androhung des Einsatzes von Atomwaffen.<\/p>\n<p><a href=\"https:\/\/www.friedenkoeln.de\/wp-content\/uploads\/2024\/09\/IALANA-Deutschland_Aufruf-zur-Friedensdemo-am-3.-Oktober-2024-in-Berlin_lv.pdf\" target=\"_blank\" rel=\"noopener\">Aufruf herunterladen (pdf)<\/a><\/td>\n<\/tr>\n<\/tbody>\n<\/table>\n","protected":false},"excerpt":{"rendered":"<p>IALANA &#8211; International Association Of Lawyers Against Nuclear Arms &#8211; ruft zur Teilnahme an der Friedensdemonstration am 03. Oktober auf: &nbsp; Aufruf zur Friedensdemo am 3.10.2024 IALANA ruft auf zur Teilnahme an der f\u00fcr&#46;&#46;&#46;<\/p>\n","protected":false},"author":109,"featured_media":18739,"comment_status":"open","ping_status":"open","sticky":false,"template":"","format":"standard","meta":{"footnotes":""},"categories":[105],"tags":[],"class_list":["post-18736","post","type-post","status-publish","format-standard","has-post-thumbnail","hentry","category-bericht"],"_links":{"self":[{"href":"https:\/\/www.friedenkoeln.de\/index.php?rest_route=\/wp\/v2\/posts\/18736","targetHints":{"allow":["GET"]}}],"collection":[{"href":"https:\/\/www.friedenkoeln.de\/index.php?rest_route=\/wp\/v2\/posts"}],"about":[{"href":"https:\/\/www.friedenkoeln.de\/index.php?rest_route=\/wp\/v2\/types\/post"}],"author":[{"embeddable":true,"href":"https:\/\/www.friedenkoeln.de\/index.php?rest_route=\/wp\/v2\/users\/109"}],"replies":[{"embeddable":true,"href":"https:\/\/www.friedenkoeln.de\/index.php?rest_route=%2Fwp%2Fv2%2Fcomments&post=18736"}],"version-history":[{"count":5,"href":"https:\/\/www.friedenkoeln.de\/index.php?rest_route=\/wp\/v2\/posts\/18736\/revisions"}],"predecessor-version":[{"id":18743,"href":"https:\/\/www.friedenkoeln.de\/index.php?rest_route=\/wp\/v2\/posts\/18736\/revisions\/18743"}],"wp:featuredmedia":[{"embeddable":true,"href":"https:\/\/www.friedenkoeln.de\/index.php?rest_route=\/wp\/v2\/media\/18739"}],"wp:attachment":[{"href":"https:\/\/www.friedenkoeln.de\/index.php?rest_route=%2Fwp%2Fv2%2Fmedia&parent=18736"}],"wp:term":[{"taxonomy":"category","embeddable":true,"href":"https:\/\/www.friedenkoeln.de\/index.php?rest_route=%2Fwp%2Fv2%2Fcategories&post=18736"},{"taxonomy":"post_tag","embeddable":true,"href":"https:\/\/www.friedenkoeln.de\/index.php?rest_route=%2Fwp%2Fv2%2Ftags&post=18736"}],"curies":[{"name":"wp","href":"https:\/\/api.w.org\/{rel}","templated":true}]}}