{"id":18744,"date":"2024-09-20T13:46:24","date_gmt":"2024-09-20T11:46:24","guid":{"rendered":"https:\/\/www.friedenkoeln.de\/?p=18744"},"modified":"2024-09-20T13:46:24","modified_gmt":"2024-09-20T11:46:24","slug":"mitmachen-demo-heute-am-20-8-2024-in-koeln-ceasefire-now-stronger-together","status":"publish","type":"post","link":"https:\/\/www.friedenkoeln.de\/?p=18744","title":{"rendered":"Mitmachen: Demo heute am 20.8.2024 in K\u00f6ln \u201eCeasefire Now! Stronger Together!\u201c"},"content":{"rendered":"<p><em>Wir unterst\u00fctzen den folgenden Aufruf der &#8222;<\/em><\/p>\n<hr \/>\n<p style=\"text-align: center;\"><strong>Kommt am Freitag, 20.9., um 18 Uhr zum Chlodwigplatz f\u00fcr unsere Demo unter dem Motto <\/strong><\/p>\n<p style=\"text-align: center;\"><strong>\u201eCeasefire Now! Stronger Together!\u201c<\/strong><\/p>\n<p><strong>Es ist mehr als 11 Monate her, dass die Terrororganisation Hamas die israelische Zivilbev\u00f6lkerung auf grausame Weise angegriffen hat und die rechtsextreme israelische Regierung daraufhin den Krieg gegen Gaza erkl\u00e4rte.<\/strong><br \/>\n<strong>Mehr als 1200 Israelis und 40000 Pal\u00e4stinenser wurden get\u00f6tet. Gaza wurde zerst\u00f6rt und die Menschen wurden mehrfach vertrieben, kein Ort ist mehr sicher. Es gibt mindestens 92.000 Verwundete und unz\u00e4hlige Vermisste, sowie tiefe Traumata, Hunger, Krankheiten und ein zusammengebrochenes Gesundheitssystem.<\/strong><\/p>\n<p>Die Situation in der illegal besetzten Westbank hat sich ebenfalls verschlimmert: Hunderte von pal\u00e4stinensischen Anwohnenden mussten ihre H\u00e4user wegen der staatlich unterst\u00fctzten Siedlergewalt verlassen. Einige von ihnen wurden ohne Anh\u00f6rung und ohne legitime Rechtsgrundlage, gest\u00fctzt durch ein System der ethnischen Segregation, inhaftiert.<\/p>\n<p>103 Geiseln befinden sich noch immer in der Gewalt der Hamas. Etwa 250.000 Israelis, die im Norden und S\u00fcden entlang der Grenzen zum Libanon und zum Gazastreifen leben, wurden infolge des Krieges vertrieben.<br \/>\nDie repressive Islamische Republik Iran unterst\u00fctzt die islamistische Hamas und die Hisbollah, um ihre Macht in der Region auszuweiten. Die gesamte Region l\u00e4uft Gefahr, in einen Krieg hineingezogen zu werden, der zu massiver Zerst\u00f6rung, Vertreibung und noch mehr Toten in Israel, Pal\u00e4stina, Syrien, Libanon und Iran f\u00fchren wird.<br \/>\nDer Anschlag vom 7. Oktober und der anhaltende Krieg haben auch unser Leben hier in Deutschland ver\u00e4ndert. Antisemitismus und antiarabischer\/antimuslimischer Rassismus haben zugenommen. Die Polarisierung hat die linke Community gespalten. Der Kampf der Narrative und der Streit um Begriffe haben es f\u00fcr viele Linke fast unm\u00f6glich gemacht, zusammenzukommen. Gerade in Zeiten, in denen die AFD immer st\u00e4rker wird und sich Nazis auf der Stra\u00dfe organisieren, m\u00fcssen wir uns vergegenw\u00e4rtigen, dass wir uns gegenseitig brauchen.<\/p>\n<p>Die Pal\u00e4stinenser_innen in Gaza brauchen uns. Die Geiseln in Gaza brauchen uns. Willk\u00fcrlich inhaftierte Pal\u00e4stinenser_innen, die gefoltert werden, brauchen uns. Israelis, die Netanjahu und seine rechtsextreme Unterst\u00fctzung zu Fall bringen wollen, brauchen uns. Pal\u00e4stinenser_innen, die unter der israelischen Milit\u00e4rbesatzung im Westjordanland leben, brauchen uns. Beduinengemeinschaften, die von Zwangsr\u00e4umungen, Hauszerst\u00f6rungen und der Vernichtung ihrer Lebensgrundlagen betroffen sind, brauchen uns. J\u00fcdische, christliche, muslimische und drusische Gemeinschaften in Israel und Pal\u00e4stina brauchen uns. J\u00fcd_innen und Pal\u00e4stinenser_innen in der Diaspora brauchen uns.<\/p>\n<p><strong>Sie brauchen uns vereint, denn gemeinsam sind wir st\u00e4rker.<\/strong><\/p>\n<p>Wir, Palestinians and Jews for Peace, brauchen auch euch! Wir d\u00fcrfen nicht schweigen, sondern m\u00fcssen unsere Stimmen erheben, um die Ungerechtigkeiten zu benennen und sie zu bek\u00e4mpfen. Der Kreislauf von Leid, Schmerz und Tod muss durchbrochen werden! Wie bei den anderen von uns organisierten Demonstrationen bitten wir euch, Kerzen und Blumen anstelle von Fahnen mitzubringen.<\/p>\n<p>Unsere Forderungen sind:<\/p>\n<ul>\n<li><strong>Dauerhafter Waffenstillstand jetzt!<\/strong><\/li>\n<li><strong>Freilassung der Geiseln jetzt!<\/strong><\/li>\n<li><strong>Freilassung der willk\u00fcrlichen pal\u00e4stinensischen Gefangenen jetzt!<\/strong><\/li>\n<li><strong>Ende der illegalen Besatzung der pal\u00e4stinensischen Gebiete jetzt!<\/strong><\/li>\n<li><strong>Sofortige humanit\u00e4re und medizinische Hilfe jetzt!<\/strong><\/li>\n<li><strong>Zugang zu sauberem Wasser jetzt!<\/strong><\/li>\n<li><strong>Unterst\u00fctzung demokratischer Initiativen in Gaza jetzt!<\/strong><\/li>\n<li><strong>Hilfe beim Wiederaufbau Gazas jetzt!<\/strong><\/li>\n<\/ul>\n<p>Von der deutschen Regierung fordern wir:<\/p>\n<ul>\n<li><strong>Beendigung der bedingungslosen Waffenunterst\u00fctzung jetzt!<\/strong><\/li>\n<li><strong>Verh\u00e4ngung von Sanktionen gegen L\u00e4nder, die die Hamas und Hisbollah unterst\u00fctzen jetzt!<\/strong><\/li>\n<li><strong>Anerkennung des Staates Pal\u00e4stina jetzt!<\/strong><\/li>\n<li><strong>Asyl f\u00fcr pal\u00e4stinensische Gefl\u00fcchtete aus Gaza jetzt!<\/strong><\/li>\n<li><strong>Kampf gegen Antisemitismus, Rassismus und Nationalismus in Deutschland, statt sich den Faschisten und Nazis anzun\u00e4hern, jetzt!<\/strong><\/li>\n<li><strong>Sich eingestehen, dass der Antisemitismus tief in der deutschen Gesellschaft verwurzelt ist, dessen Gefahren ernst nehmen und konsequent gegen sie vorgehen, jetzt!<\/strong><\/li>\n<li><strong>Schutz von j\u00fcdischem und pal\u00e4stinensischem Leben jetzt!<\/strong><\/li>\n<li><strong>Stopp der Polizeigewalt gegen Pal\u00e4stina unterst\u00fctzende Demonstrant_innen jetzt!<\/strong><\/li>\n<li><strong>\u00dcbernahme von Verantwortung und konkrete Ma\u00dfnahmen, um Druck auf die in Teilen faschistische Regierung Israels auszu\u00fcben, damit sie ihre illegalen Aktivit\u00e4ten einstellt, jetzt!<\/strong><\/li>\n<\/ul>\n<p>&nbsp;<\/p>\n<p><img loading=\"lazy\" decoding=\"async\" class=\"size-full wp-image-18746 aligncenter\" src=\"https:\/\/www.friedenkoeln.de\/wp-content\/uploads\/2024\/09\/demo-aufruf-2024-09-20.jpg.webp\" alt=\"Demoplakat mit Handsymbol auf lila Grund\" width=\"1024\" height=\"1235\" srcset=\"https:\/\/www.friedenkoeln.de\/wp-content\/uploads\/2024\/09\/demo-aufruf-2024-09-20.jpg.webp 1024w, https:\/\/www.friedenkoeln.de\/wp-content\/uploads\/2024\/09\/demo-aufruf-2024-09-20.jpg-166x200.webp 166w, https:\/\/www.friedenkoeln.de\/wp-content\/uploads\/2024\/09\/demo-aufruf-2024-09-20.jpg-768x926.webp 768w\" sizes=\"auto, (max-width: 1024px) 100vw, 1024px\" \/><\/p>\n","protected":false},"excerpt":{"rendered":"<p>Wir unterst\u00fctzen den folgenden Aufruf der &#8222; Kommt am Freitag, 20.9., um 18 Uhr zum Chlodwigplatz f\u00fcr unsere Demo unter dem Motto \u201eCeasefire Now! Stronger Together!\u201c Es ist mehr als 11 Monate her, dass&#46;&#46;&#46;<\/p>\n","protected":false},"author":110,"featured_media":18746,"comment_status":"open","ping_status":"open","sticky":false,"template":"","format":"standard","meta":{"footnotes":""},"categories":[116],"tags":[140,117,66,99,37,91],"class_list":["post-18744","post","type-post","status-publish","format-standard","has-post-thumbnail","hentry","category-aufruf","tag-antisemitismus","tag-flucht","tag-israel-palaestina","tag-menschenrechte","tag-ruestungsexporte","tag-voelkerrecht"],"_links":{"self":[{"href":"https:\/\/www.friedenkoeln.de\/index.php?rest_route=\/wp\/v2\/posts\/18744","targetHints":{"allow":["GET"]}}],"collection":[{"href":"https:\/\/www.friedenkoeln.de\/index.php?rest_route=\/wp\/v2\/posts"}],"about":[{"href":"https:\/\/www.friedenkoeln.de\/index.php?rest_route=\/wp\/v2\/types\/post"}],"author":[{"embeddable":true,"href":"https:\/\/www.friedenkoeln.de\/index.php?rest_route=\/wp\/v2\/users\/110"}],"replies":[{"embeddable":true,"href":"https:\/\/www.friedenkoeln.de\/index.php?rest_route=%2Fwp%2Fv2%2Fcomments&post=18744"}],"version-history":[{"count":2,"href":"https:\/\/www.friedenkoeln.de\/index.php?rest_route=\/wp\/v2\/posts\/18744\/revisions"}],"predecessor-version":[{"id":18747,"href":"https:\/\/www.friedenkoeln.de\/index.php?rest_route=\/wp\/v2\/posts\/18744\/revisions\/18747"}],"wp:featuredmedia":[{"embeddable":true,"href":"https:\/\/www.friedenkoeln.de\/index.php?rest_route=\/wp\/v2\/media\/18746"}],"wp:attachment":[{"href":"https:\/\/www.friedenkoeln.de\/index.php?rest_route=%2Fwp%2Fv2%2Fmedia&parent=18744"}],"wp:term":[{"taxonomy":"category","embeddable":true,"href":"https:\/\/www.friedenkoeln.de\/index.php?rest_route=%2Fwp%2Fv2%2Fcategories&post=18744"},{"taxonomy":"post_tag","embeddable":true,"href":"https:\/\/www.friedenkoeln.de\/index.php?rest_route=%2Fwp%2Fv2%2Ftags&post=18744"}],"curies":[{"name":"wp","href":"https:\/\/api.w.org\/{rel}","templated":true}]}}