{"id":18776,"date":"2024-10-07T20:39:12","date_gmt":"2024-10-07T18:39:12","guid":{"rendered":"https:\/\/www.friedenkoeln.de\/?p=18776"},"modified":"2024-10-07T20:41:47","modified_gmt":"2024-10-07T18:41:47","slug":"schatten-in-uns","status":"publish","type":"post","link":"https:\/\/www.friedenkoeln.de\/?p=18776","title":{"rendered":"Schatten in uns"},"content":{"rendered":"\n<p><em>Von Andrea und Veit Lindau<\/em>.<\/p>\n\n\n\n<p>Unser Herz ist heute voller Trauer und Ohnmacht. Denn heute j\u00e4hrt sich das Massaker der Hamas in Israel.<\/p>\n\n\n\n<p>Nein, dies ist kein Post, mit dem wir f\u00fcr eine der Seiten Position beziehen.<br>Wir gedenken mit blutendem Herzen des Wahnsinns, der dort stattfindet.<br>Uns ist klar, dass der 7. Oktober nicht der Anfang der Gewalt, sondern ein brutaler Tiefpunkt innerhalb einer langen Geschichte von Angst, Schmerz und Hass ist.<\/p>\n\n\n\n<p>Es ist verf\u00fchrerisch, aus Ohnmacht gar nicht hinzuschauen.<\/p>\n\n\n\n<p>Es ist emotional verst\u00e4ndlich, Partei f\u00fcr eine Seite ergreifen zu wollen. Doch auch das ist nicht die L\u00f6sung.<\/p>\n\n\n\n<p>Wir verurteilen ganz klar die andauernde Aggression Israels, aber auch jede terroristische Gewalttat. Wir verurteilen die Heuchelei unserer Regierung.<\/p>\n\n\n\n<p>Doch vor allem gedenken wir heute mit blutendem Herzen der Opfer auf beiden Seiten. Wir weigern uns, sie gegeneinander aufzuz\u00e4hlen.<\/p>\n\n\n\n<p>Wir beten heute f\u00fcr die, die in diesem Wahnsinn Menschen oder ihr Zuhause verloren haben.<\/p>\n\n\n\n<p>Wir gedenken derer, die die fast \u00fcbermenschliche St\u00e4rke aufbringen und sich auf beiden Seiten oder auch hier bei uns f\u00fcr Verst\u00e4ndigung und Frieden einsetzen.<\/p>\n\n\n\n<p>Was da im Nahen Osten passiert, ist nicht der einzige, aber der vielleicht gerade deutlichste, h\u00e4ssliche Spiegel f\u00fcr die f\u00fcrchterliche Angewohnheit des Menschen, das WIR der Menschheit in ein &#8222;uns&#8220; und ein &#8222;die&#8220; einzuteilen, Vorurteile aufzubauen, Mauern zu ziehen, zu unterdr\u00fccken, sich zu bedrohen, wegzunehmen, zur\u00fcckzuschlagen, und, und, und \u2026<\/p>\n\n\n\n<p>M\u00f6ge uns dieser Tag an den Schatten in uns erinnern.<\/p>\n\n\n\n<p>An die Momente, in denen wir innerlich aus Selbstgerechtigkeit oder Angst heraus ein Menschenleben h\u00f6her bewerten als ein anderes.<\/p>\n\n\n\n<p>Wir beten heute daf\u00fcr, dass dieser Wahnsinn stoppt.<\/p>\n\n\n\n<p>Nicht durch ein Wunder, das vom Himmel kommt, sondern durch Millionen kleiner Wunder. Durch Gesten des Mitgef\u00fchls und der Verst\u00e4ndigung. In jedem:jeder in uns.<\/p>\n\n\n\n<p>In stillem Gebet,<\/p>\n\n\n\n<p>Veit und Andrea<\/p>\n\n\n<div class=\"wp-block-image\">\n<figure class=\"aligncenter size-full\"><img loading=\"lazy\" decoding=\"async\" width=\"1024\" height=\"670\" src=\"https:\/\/www.friedenkoeln.de\/wp-content\/uploads\/2018\/11\/1024px-Gaza_Beach.jpg\" alt=\"\u00dcber einen Sandstrand in der Abendsonne spazieren viele Menschen der Wasserkante entlang.\" class=\"wp-image-13000\" srcset=\"https:\/\/www.friedenkoeln.de\/wp-content\/uploads\/2018\/11\/1024px-Gaza_Beach.jpg 1024w, https:\/\/www.friedenkoeln.de\/wp-content\/uploads\/2018\/11\/1024px-Gaza_Beach-150x98.jpg 150w, https:\/\/www.friedenkoeln.de\/wp-content\/uploads\/2018\/11\/1024px-Gaza_Beach-768x503.jpg 768w\" sizes=\"auto, (max-width: 1024px) 100vw, 1024px\" \/><figcaption class=\"wp-element-caption\">Strand in Gaza 2006. Foto: Gus, Wikimedia Commons.<\/figcaption><\/figure>\n<\/div>","protected":false},"excerpt":{"rendered":"<p>Von Andrea und Veit Lindau. Unser Herz ist heute voller Trauer und Ohnmacht. Denn heute j\u00e4hrt sich das Massaker der Hamas in Israel. Nein, dies ist kein Post, mit dem wir f\u00fcr eine der&#46;&#46;&#46;<\/p>\n","protected":false},"author":110,"featured_media":13000,"comment_status":"open","ping_status":"open","sticky":false,"template":"","format":"standard","meta":{"footnotes":""},"categories":[111],"tags":[170,66,3,60],"class_list":["post-18776","post","type-post","status-publish","format-standard","has-post-thumbnail","hentry","category-rede","tag-gewaltfreiheit","tag-israel-palaestina","tag-pazifismus","tag-religion"],"_links":{"self":[{"href":"https:\/\/www.friedenkoeln.de\/index.php?rest_route=\/wp\/v2\/posts\/18776","targetHints":{"allow":["GET"]}}],"collection":[{"href":"https:\/\/www.friedenkoeln.de\/index.php?rest_route=\/wp\/v2\/posts"}],"about":[{"href":"https:\/\/www.friedenkoeln.de\/index.php?rest_route=\/wp\/v2\/types\/post"}],"author":[{"embeddable":true,"href":"https:\/\/www.friedenkoeln.de\/index.php?rest_route=\/wp\/v2\/users\/110"}],"replies":[{"embeddable":true,"href":"https:\/\/www.friedenkoeln.de\/index.php?rest_route=%2Fwp%2Fv2%2Fcomments&post=18776"}],"version-history":[{"count":3,"href":"https:\/\/www.friedenkoeln.de\/index.php?rest_route=\/wp\/v2\/posts\/18776\/revisions"}],"predecessor-version":[{"id":18779,"href":"https:\/\/www.friedenkoeln.de\/index.php?rest_route=\/wp\/v2\/posts\/18776\/revisions\/18779"}],"wp:featuredmedia":[{"embeddable":true,"href":"https:\/\/www.friedenkoeln.de\/index.php?rest_route=\/wp\/v2\/media\/13000"}],"wp:attachment":[{"href":"https:\/\/www.friedenkoeln.de\/index.php?rest_route=%2Fwp%2Fv2%2Fmedia&parent=18776"}],"wp:term":[{"taxonomy":"category","embeddable":true,"href":"https:\/\/www.friedenkoeln.de\/index.php?rest_route=%2Fwp%2Fv2%2Fcategories&post=18776"},{"taxonomy":"post_tag","embeddable":true,"href":"https:\/\/www.friedenkoeln.de\/index.php?rest_route=%2Fwp%2Fv2%2Ftags&post=18776"}],"curies":[{"name":"wp","href":"https:\/\/api.w.org\/{rel}","templated":true}]}}