{"id":18783,"date":"2024-10-18T09:16:06","date_gmt":"2024-10-18T07:16:06","guid":{"rendered":"https:\/\/www.friedenkoeln.de\/?p=18783"},"modified":"2024-10-18T09:26:35","modified_gmt":"2024-10-18T07:26:35","slug":"12-11-2024-in-koeln-krieg-ohne-ende-mit-michael-lueders","status":"publish","type":"post","link":"https:\/\/www.friedenkoeln.de\/?p=18783","title":{"rendered":"12.11.2024 in K\u00f6ln: &#8222;Krieg ohne Ende?&#8220; mit Michael L\u00fcders"},"content":{"rendered":"\n<h4 class=\"wp-block-heading\">Krieg ohne Ende? Auf der Suche nach Frieden und Stabilit\u00e4t f\u00fcr den Nahen Osten<\/h4>\n\n\n<div class=\"wp-block-image\">\n<figure class=\"alignright size-full is-resized\"><a href=\"https:\/\/michael-lueders.de\/krieg-ohne-ende-2\/\" target=\"_blank\" rel=\"noreferrer noopener\"><img loading=\"lazy\" decoding=\"async\" width=\"256\" height=\"408\" src=\"https:\/\/www.friedenkoeln.de\/wp-content\/uploads\/2024\/10\/Krieg-Ohne-Ende-Cover-256x408-1.jpg\" alt=\"\" class=\"wp-image-18782\" style=\"width:205px;height:auto\" srcset=\"https:\/\/www.friedenkoeln.de\/wp-content\/uploads\/2024\/10\/Krieg-Ohne-Ende-Cover-256x408-1.jpg 256w, https:\/\/www.friedenkoeln.de\/wp-content\/uploads\/2024\/10\/Krieg-Ohne-Ende-Cover-256x408-1-125x200.jpg 125w\" sizes=\"auto, (max-width: 256px) 100vw, 256px\" \/><\/a><\/figure>\n<\/div>\n\n\n<p><em>K\u00f6ln, 17.10.2024.<\/em>&nbsp;Zu einem Vortrag mit Buchlesung und Diskussion mit dem renommierten Nahostexperten und Bestsellerautor Michael L\u00fcders laden mehrere K\u00f6lner Organisationen am 12. November 2024 in das B\u00fcrgerhaus Ehrenfeld ein.<\/p>\n\n\n\n<p>Tod, Vertreibung, Hunger: Der Angriff der Hamas auf Israel am 7. Oktober 2023 hat einen neuen, verheerenden Krieg zun\u00e4chst in Gaza ausgel\u00f6st. Mittlerweile hat die Gewalt die gesamte Region in Brand gesetzt, vom Libanon \u00fcber den Jemen bis in den Iran \u2013 mit schwerwiegenden Konsequenzen auch f\u00fcr Deutschland und Europa.&nbsp;<\/p>\n\n\n\n<p>Michael L\u00fcders erkl\u00e4rt dazu: \u201eUm die Wurzeln jener furchtbaren Gewalt zu verstehen (&#8230;), m\u00fcssen wir zur\u00fcckgehen in die j\u00fcngere Vergangenheit \u2013 angefangen mit Flucht und Vertreibung der Pal\u00e4stinenser im Zuge der israelischen Staatsgr\u00fcndung 1948. Sither l\u00e4sst die ungel\u00f6ste Pal\u00e4stinafrage die Region nicht zur Ruhe kommen. Diese Einsicht aber grenzt hierzulande an ein Tabu. Deswegen darf der 7. Oktober auch keine Vorgeschichte haben. Deswegen sind Pal\u00e4stinenser grunds\u00e4tzlich Terroristen, wenn sie Gewalt anwenden, w\u00e4hrend die israelische Seite grunds\u00e4tzlich von ihrem \u203alegitimen Recht auf Selbstverteidigung\u2039 Gebrauch macht, selbst wenn dabei Zehntausende sterben.&#8220;<\/p>\n\n\n\n<p>Der Bestsellerautor mahnt: &#8222;Wer den Frieden sucht, muss sich der Geschichte stellen\u201c. Er wird in seinem Vortrag die These vertreten, f\u00fcr den Frieden im Nahen Osten m\u00fcsse die deutsche Politik ihre Haltung zu Israel \u00e4ndern. Nach der Einf\u00fchrung in das komplexe Thema und die Ursachen des Konflikts gibt es Raum, um \u00fcber Strategien und Chancen f\u00fcr Frieden in Pal\u00e4stina und Israel zu diskutieren.<\/p>\n\n\n\n<p><strong>Krieg ohne Ende? Auf der Suche nach Frieden und Stabilit\u00e4t f\u00fcr den Nahen Osten<\/strong><br>Vortrag und Diskussion mit dem renommierten Nahostexperten und Bestsellerautor<br><strong>Michael L\u00fcders<\/strong><br><strong>Dienstag, 12.11.2024 19.00 Uhr<\/strong>&nbsp;(Einlass ab 18.30 Uhr)<br><strong>B\u00fcrgerhaus Ehrenfeld, Venloer Str. 429, 50825 K\u00f6ln<\/strong><br>Veranstalter: IPPNW Regionalgruppe K\u00f6ln, St\u00e4dtepartnerschaftsverein K\u00f6ln-Bethlehem, DFG-VK Gruppe K\u00f6ln, Pal\u00e4stinensische Gemeinde K\u00f6ln, Deutsch-Iranischer Frauenverein, Caf\u00e9 Palestine Colonia, Nachdenkseiten Gespr\u00e4chskreis K\u00f6ln, K\u00f6lner Friedensforum u. a.<br>Eintritt frei &#8211; Spende erbeten<br>Im Anschluss kann das neue Buch von Michael L\u00fcders erworben werden.<\/p>\n\n\n\n<p><span style=\"text-decoration: underline;\">Hinweise:<\/span><br><a href=\"https:\/\/michael-lueders.de\/krieg-ohne-ende-2\/\" target=\"_blank\" rel=\"noreferrer noopener\">https:\/\/michael-lueders.de\/krieg-ohne-ende-2\/<\/a><\/p>\n\n\n\n<p><span style=\"text-decoration: underline;\">Pressekontakt:<\/span><br>Dr. Uwe Trieschmann, IPPNW Regionalgruppe K\u00f6ln, Tel: +49 163 2568041<\/p>\n\n\n\n<hr class=\"wp-block-separator has-alpha-channel-opacity\"\/>\n\n\n\n<p><a href=\"https:\/\/www.friedenkoeln.de\/wp-content\/uploads\/2024\/10\/PM_Michael-Lueders_Vortrag-Koeln-12-Nov_20241017.pdf\" data-type=\"link\" data-id=\"https:\/\/www.friedenkoeln.de\/wp-content\/uploads\/2024\/10\/PM_Michael-Lueders_Vortrag-Koeln-12-Nov_20241017.pdf\" target=\"_blank\" rel=\"noreferrer noopener\">Pressemitteilung herunterladen<\/a><\/p>\n\n\n\n<p><span style=\"text-decoration: underline;\">Beitragsbild<\/span>: Michael L\u00fcders auf der Leipziger Buchmesse, von Amrei-Marie &#8211; Eigenes Werk, CC BY-SA 4.0, <a href=\"https:\/\/commons.wikimedia.org\/w\/index.php?curid=57402792\">https:\/\/commons.wikimedia.org\/w\/index.php?curid=57402792<\/a><\/p>\n\n\n\n<p><\/p>\n","protected":false},"excerpt":{"rendered":"<p>Krieg ohne Ende? Auf der Suche nach Frieden und Stabilit\u00e4t f\u00fcr den Nahen Osten K\u00f6ln, 17.10.2024.&nbsp;Zu einem Vortrag mit Buchlesung und Diskussion mit dem renommierten Nahostexperten und Bestsellerautor Michael L\u00fcders laden mehrere K\u00f6lner Organisationen&#46;&#46;&#46;<\/p>\n","protected":false},"author":109,"featured_media":18785,"comment_status":"open","ping_status":"open","sticky":false,"template":"","format":"standard","meta":{"footnotes":""},"categories":[104,87],"tags":[66],"class_list":["post-18783","post","type-post","status-publish","format-standard","has-post-thumbnail","hentry","category-ankuendigung","category-pressemitteilung","tag-israel-palaestina"],"_links":{"self":[{"href":"https:\/\/www.friedenkoeln.de\/index.php?rest_route=\/wp\/v2\/posts\/18783","targetHints":{"allow":["GET"]}}],"collection":[{"href":"https:\/\/www.friedenkoeln.de\/index.php?rest_route=\/wp\/v2\/posts"}],"about":[{"href":"https:\/\/www.friedenkoeln.de\/index.php?rest_route=\/wp\/v2\/types\/post"}],"author":[{"embeddable":true,"href":"https:\/\/www.friedenkoeln.de\/index.php?rest_route=\/wp\/v2\/users\/109"}],"replies":[{"embeddable":true,"href":"https:\/\/www.friedenkoeln.de\/index.php?rest_route=%2Fwp%2Fv2%2Fcomments&post=18783"}],"version-history":[{"count":8,"href":"https:\/\/www.friedenkoeln.de\/index.php?rest_route=\/wp\/v2\/posts\/18783\/revisions"}],"predecessor-version":[{"id":18793,"href":"https:\/\/www.friedenkoeln.de\/index.php?rest_route=\/wp\/v2\/posts\/18783\/revisions\/18793"}],"wp:featuredmedia":[{"embeddable":true,"href":"https:\/\/www.friedenkoeln.de\/index.php?rest_route=\/wp\/v2\/media\/18785"}],"wp:attachment":[{"href":"https:\/\/www.friedenkoeln.de\/index.php?rest_route=%2Fwp%2Fv2%2Fmedia&parent=18783"}],"wp:term":[{"taxonomy":"category","embeddable":true,"href":"https:\/\/www.friedenkoeln.de\/index.php?rest_route=%2Fwp%2Fv2%2Fcategories&post=18783"},{"taxonomy":"post_tag","embeddable":true,"href":"https:\/\/www.friedenkoeln.de\/index.php?rest_route=%2Fwp%2Fv2%2Ftags&post=18783"}],"curies":[{"name":"wp","href":"https:\/\/api.w.org\/{rel}","templated":true}]}}