{"id":18828,"date":"2024-11-09T09:51:52","date_gmt":"2024-11-09T08:51:52","guid":{"rendered":"https:\/\/www.friedenkoeln.de\/?p=18828"},"modified":"2024-11-10T08:36:37","modified_gmt":"2024-11-10T07:36:37","slug":"disziplinarische-massnahme-schulverweis-wegen-protest-gegen-jugendoffiziere","status":"publish","type":"post","link":"https:\/\/www.friedenkoeln.de\/?p=18828","title":{"rendered":"Leipzig: Disziplinarische Ma\u00dfnahme: Schulverweis wegen Protest gegen Jugendoffiziere"},"content":{"rendered":"<div id=\"attachment_18825\" style=\"width: 667px\" class=\"wp-caption alignright\"><img loading=\"lazy\" decoding=\"async\" aria-describedby=\"caption-attachment-18825\" class=\"wp-image-18825\" src=\"https:\/\/www.friedenkoeln.de\/wp-content\/uploads\/2024\/11\/241028-Foto-vom-Die-In-und-Megafondurchsage.webp\" alt=\"\" width=\"657\" height=\"370\" srcset=\"https:\/\/www.friedenkoeln.de\/wp-content\/uploads\/2024\/11\/241028-Foto-vom-Die-In-und-Megafondurchsage.webp 800w, https:\/\/www.friedenkoeln.de\/wp-content\/uploads\/2024\/11\/241028-Foto-vom-Die-In-und-Megafondurchsage-200x113.webp 200w, https:\/\/www.friedenkoeln.de\/wp-content\/uploads\/2024\/11\/241028-Foto-vom-Die-In-und-Megafondurchsage-768x432.webp 768w\" sizes=\"auto, (max-width: 657px) 100vw, 657px\" \/><p id=\"caption-attachment-18825\" class=\"wp-caption-text\">Die-In und Megafondurchsage von Sch\u00fcler*innen der Humboldtschule Leipzig anl\u00e4sslich des Besuchs der Bundeswehr in der Schule (Foto: change.org)<\/p><\/div>\n<p>Alleine in 2022 konnten Jugendoffiziere der Bundeswehr \u00fcber 100.000 Sch\u00fclern und Studenten in Schulen und Hochschulen ihre Weltsicht vermitteln. Doch im Vorfeld des f\u00fcr Mittwoch, den 30. Oktober geplanten Bundeswehrtermins an einer Schule in Leipzig regt sich Protest. Sch\u00fclerinnen und Sch\u00fcler der Humboldtschule versammeln sich am Montag auf dem Schulhof. Einige von ihnen legen sich im Stil eines \u201eDie-In\u201c auf den Boden. Ein anderer macht mit einem Megafon eine Durchsage zur t\u00f6dlichen Zukunft von zum Wehrdienst verpflichteten Jugendlichen.<\/p>\n<p>Am Dienstag flattern aus der 3. Etage Flugbl\u00e4tter \u00fcber den Schulhof, mit Aufschriften wie \u201eKein Werben f\u00fcrs Sterben \u2013 Keine Bundeswehr an unserer Schule!\u201c oder \u201eSch\u00fcler:innen f\u00fcr Frieden! Krieg ist keine Option!\u201c. Mit einem Megafon wird auf den anstehenden Bundeswehrbesuch aufmerksam gemacht und die Sch\u00fclerschaft dazu aufgefordert, diesen nicht unwidersprochen geschehen zu lassen. Von den umstehenden Sch\u00fclern gibt es Beifall und Zuspruch. Bei der n\u00e4chsten Durchsage rei\u00dft eine Lehrkraft einer Sch\u00fclerin das Megafon aus der Hand und erkl\u00e4rt die Aktion f\u00fcr beendet.<\/p>\n<p>Noch am selben Tag wird der 17-j\u00e4hrige Iven in das B\u00fcro der Schulleitung bestellt. Dort wird ihm ein Schulverweis angedroht, sollte er seinen Protest nicht einstellen. Einige Tage sp\u00e4ter wird seine gleichaltrige Mitsch\u00fclerin Feli mit denselben Drohungen eingesch\u00fcchtert. Trotzdem wird am Mittwoch w\u00e4hrend des Bundeswehrvortrags der Protest fortgesetzt. Durch kritische Nachfragen zu den Kriegsverbrechen der Bundeswehr in Afghanistan und zu F\u00e4llen von sexuellem Missbrauch im Milit\u00e4r kommen die beiden Jugendoffiziere ordentlich ins Schwitzen.<\/p>\n<p>Inzwischen wurden weitere Sch\u00fclerinnen und Sch\u00fcler von der Schulleitung zu Einzelgespr\u00e4chen vorgeladen. Es kann nicht sein, dass f\u00fcr Propagandaveranstaltungen der Bundeswehr das Recht auf freie Meinungs\u00e4u\u00dferung ausgesetzt wird. Repression als Mittel zur Durchsetzung von militaristischen Auftritten ist undemokratisch und ein Armutszeugnis f\u00fcr die Schulleitung. Die Androhung eines Schulverweises ist absurd und ein Skandal. Unterschreibt diese Petition <a href=\"https:\/\/chng.it\/9JcWB4rsm8\" target=\"_blank\" rel=\"noopener\">https:\/\/chng.it\/9JcWB4rsm8<\/a> oder schreibt der Schulleitung E-Mails an <a href=\"mailto:schule@humboldtleipzig.de\">schule@humboldtleipzig.de<\/a> . Feli und Iven haben ein Recht auf Bildung, und zwar an der Humboldtschule! Siehe auch unsere <a href=\"https:\/\/www.friedenkoeln.de\/wp-content\/uploads\/2024\/11\/Solidaritaetserklaerung.pdf\" target=\"_blank\" rel=\"noopener\">Solidarit\u00e4tserkl\u00e4rung<\/a> f\u00fcr Feli und Iven.<\/p>\n","protected":false},"excerpt":{"rendered":"<p>Alleine in 2022 konnten Jugendoffiziere der Bundeswehr \u00fcber 100.000 Sch\u00fclern und Studenten in Schulen und Hochschulen ihre Weltsicht vermitteln. Doch im Vorfeld des f\u00fcr Mittwoch, den 30. Oktober geplanten Bundeswehrtermins an einer Schule in&#46;&#46;&#46;<\/p>\n","protected":false},"author":109,"featured_media":18827,"comment_status":"open","ping_status":"open","sticky":false,"template":"","format":"standard","meta":{"footnotes":""},"categories":[116,105],"tags":[],"class_list":["post-18828","post","type-post","status-publish","format-standard","has-post-thumbnail","hentry","category-aufruf","category-bericht"],"_links":{"self":[{"href":"https:\/\/www.friedenkoeln.de\/index.php?rest_route=\/wp\/v2\/posts\/18828","targetHints":{"allow":["GET"]}}],"collection":[{"href":"https:\/\/www.friedenkoeln.de\/index.php?rest_route=\/wp\/v2\/posts"}],"about":[{"href":"https:\/\/www.friedenkoeln.de\/index.php?rest_route=\/wp\/v2\/types\/post"}],"author":[{"embeddable":true,"href":"https:\/\/www.friedenkoeln.de\/index.php?rest_route=\/wp\/v2\/users\/109"}],"replies":[{"embeddable":true,"href":"https:\/\/www.friedenkoeln.de\/index.php?rest_route=%2Fwp%2Fv2%2Fcomments&post=18828"}],"version-history":[{"count":5,"href":"https:\/\/www.friedenkoeln.de\/index.php?rest_route=\/wp\/v2\/posts\/18828\/revisions"}],"predecessor-version":[{"id":18844,"href":"https:\/\/www.friedenkoeln.de\/index.php?rest_route=\/wp\/v2\/posts\/18828\/revisions\/18844"}],"wp:featuredmedia":[{"embeddable":true,"href":"https:\/\/www.friedenkoeln.de\/index.php?rest_route=\/wp\/v2\/media\/18827"}],"wp:attachment":[{"href":"https:\/\/www.friedenkoeln.de\/index.php?rest_route=%2Fwp%2Fv2%2Fmedia&parent=18828"}],"wp:term":[{"taxonomy":"category","embeddable":true,"href":"https:\/\/www.friedenkoeln.de\/index.php?rest_route=%2Fwp%2Fv2%2Fcategories&post=18828"},{"taxonomy":"post_tag","embeddable":true,"href":"https:\/\/www.friedenkoeln.de\/index.php?rest_route=%2Fwp%2Fv2%2Ftags&post=18828"}],"curies":[{"name":"wp","href":"https:\/\/api.w.org\/{rel}","templated":true}]}}