{"id":18859,"date":"2024-12-05T16:57:32","date_gmt":"2024-12-05T15:57:32","guid":{"rendered":"https:\/\/www.friedenkoeln.de\/?p=18859"},"modified":"2024-12-05T16:57:32","modified_gmt":"2024-12-05T15:57:32","slug":"demo-7-12-2024-in-koeln-sofortiger-waffenstillstand-in-gaza-und-libanon","status":"publish","type":"post","link":"https:\/\/www.friedenkoeln.de\/?p=18859","title":{"rendered":"Demo 7.12.2024 in K\u00f6ln: Sofortiger Waffenstillstand in Gaza und Libanon!"},"content":{"rendered":"<p><em>Wir rufen zur Demo f\u00fcr Waffenstillstand und Stopp aller Waffenlieferungen im Nahen Osten auf:<\/em><\/p>\n<hr \/>\n<p>Die Eskalation in Nahost &#8211; in Pal\u00e4stina \/ Gaza \/ Libanon &#8211; das T\u00f6ten und das Leid der<br \/>\nMenschen muss ein Ende haben: Menschenw\u00fcrde f\u00fcr alle Menschen!<\/p>\n<h3 style=\"text-align: center;\">Sofortiger dauerhafter Waffenstillstand in Gaza und Libanon!<\/h3>\n<h4 style=\"text-align: center;\">Aufhebung der Besatzung von Gaza und Westjordanland<br \/>\nR\u00fccknahme des UNRWA-Verbots<br \/>\nFreilassung der Geiseln und der pal\u00e4stinensischen Gefangenen<\/h4>\n<p>Hunderte von B\u00fcrgern in K\u00f6ln haben in den vergangenen Wochen einen &#8222;Brandbrief&#8220; an K\u00f6lner Bundestagsabgeordnete unterzeichnet, weil sie die Haltung der Bundesregierung &#8211; &#8222;Wir haben Waffen geliefert, und wir werden Waffen liefern&#8220; (Bundeskanzler Scholz im Bundestag) &#8211; nicht akzeptieren!<\/p>\n<p>Anstatt zur Eskalierung des Krieges und zum Genozid (der IGH ermittelt) der<br \/>\nPal\u00e4stinenser beizutragen, ben\u00f6tigen wir Druck auf Israel:<\/p>\n<h3 style=\"text-align: center;\">Stopp aller Waffenlieferungen<\/h3>\n<h4 style=\"text-align: center;\">Anerkennung Pal\u00e4stinas<br \/>\nAussetzung des Assoziierungsabkommens mit Israel<\/h4>\n<p>60% der Menschen in Deutschland sind gegen weitere Waffenlieferungen an Israel (Forsa-Umfrage f\u00fcr den &#8222;stern&#8220;). Jede sich selbst als demokratisch bezeichnende Regierung ist verpflichtet, diese eindeutige Mehrheitsentscheidung der Bev\u00f6lkerung umzusetzen. Gleiches gilt f\u00fcr die UN-Resolutionen und Entscheidungen des internationalen Gerichtshofs zum Ende der Besatzung.<\/p>\n<p>Dieser Meinung muss Geh\u00f6r verschafft werden! Deshalb rufen wir auf:<\/p>\n<h3 style=\"text-align: center;\">Demonstration: Samstag 7.12.2024 in K\u00f6ln<br \/>\nAuftaktkundgebung 14:00 Uhr<br \/>\nBreslauer Platz (Hauptbahnhof, Nord-Ost-Seite)<\/h3>\n<p>Es ruft auf die Pal\u00e4stina-Koordination K\u00f6ln mit:<\/p>\n<ul>\n<li>Pal\u00e4stinensische Allianz NRW,<\/li>\n<li>Pal\u00e4stinensische Gemeinde K\u00f6ln,<\/li>\n<li>Deutsch-Pal\u00e4stinensischer Frauenverein,<\/li>\n<li>St\u00e4dtepartnerschaftsverein K\u00f6ln-Bethlehem,<\/li>\n<li>Caf\u00e9 Palestine Colonia,<\/li>\n<li>Partnerschaftsverein Bonn-Ramallah,<\/li>\n<li>IPPNW K\u00f6ln,<\/li>\n<li>K\u00f6lner Friedensforum,<\/li>\n<li>DFG-VK Gruppe K\u00f6ln,<\/li>\n<li>Nachdenkseiten K\u00f6ln,<\/li>\n<li>Was tun K\u00f6ln,<\/li>\n<li>Mera 25,<\/li>\n<li>DKP K\u00f6ln<\/li>\n<\/ul>\n<p><a href=\"https:\/\/www.friedenkoeln.de\/wp-content\/uploads\/2024\/12\/Flyer-Soli-Demo-Gaza-Libanon-7.12.pdf\">Flyer zum Download<\/a><\/p>\n<p><img loading=\"lazy\" decoding=\"async\" class=\"size-full wp-image-18864 aligncenter\" src=\"https:\/\/www.friedenkoeln.de\/wp-content\/uploads\/2024\/12\/SharePic-07.12.24.jpg\" alt=\"Flyer auf dem Hintergrund eines Schwarzwei\u00dffotos einer zerst\u00f6rten Stadt mit Pal\u00e4stina-Flagge oben rechts.\" width=\"960\" height=\"720\" srcset=\"https:\/\/www.friedenkoeln.de\/wp-content\/uploads\/2024\/12\/SharePic-07.12.24.jpg 960w, https:\/\/www.friedenkoeln.de\/wp-content\/uploads\/2024\/12\/SharePic-07.12.24-200x150.jpg 200w, https:\/\/www.friedenkoeln.de\/wp-content\/uploads\/2024\/12\/SharePic-07.12.24-768x576.jpg 768w\" sizes=\"auto, (max-width: 960px) 100vw, 960px\" \/><\/p>\n<hr \/>\n<p>Fakten:<\/p>\n<ul>\n<li>In Gaza ist die Zahl der Toten inzwischen auf \u00fcber 43.000 angestiegen. Im Libanon sind auch schon \u00fcber 3000 Menschen gestorben und \u00fcber 1 Mio. auf der Flucht.<\/li>\n<li>T\u00e4glich sterben im Namen des Kampfes gegen den Terrorismus unz\u00e4hlige Zivilisten; auch Krankenh\u00e4user und UN-Blauhelmtruppen UNIFIL im Libanon wurden immer wieder beschossen.<\/li>\n<li>Das israelische Parlament hat das UN-Hilfswerk UNRWA, die wichtigste Hilfsorganisation in Gaza, verboten. Das bewusste Vorenthalten von humanit\u00e4rer Hilfe, von Nahrungsmitteln, sauberem Trinkwasser und medizinischer Versorgung durch Israel bedroht das Leben Hunderttausender in Gaza.<\/li>\n<li>Um die Befreiung der israelischen Geiseln scheint es Netanjahu nicht mehr zu gehen, denn Freilassung von Geiseln gab es nur in einer Phase des Waffenstillstands, von dem Netanjahu und seine Regierung nichts wissen will.<\/li>\n<li>S\u00fcdafrika hat am 29.12.2023 Israel vor dem Internationalen Gerichtshof (IGH) in Den Haag wegen V\u00f6lkermord in Gaza angeklagt. Diese Klage wird von 32 Staaten unterst\u00fctzt u.a. die EU-Staaten Belgien, Irland und Spanien. Und in der Klage Nicaraguas gegen Deutschland vor dem IGH wurde. Im Juli ver\u00f6ffentliche der IGH ein Gutachten, in dem Israel aufgefordert wurde, die Besetzung der Pal\u00e4stinensergebiete &#8222;so schnell wie m\u00f6glich zu beenden&#8220;. Diese Beschl\u00fcsse und Gutachten des internationalen Gerichtshofs (IGH) und genauso die Beschl\u00fcsse des UN-Sicherheitsrats f\u00fcr einen Waffenstillstand werden von der Regierung Netanjahu ignoriert. Stattdessen hat das Israelische Parlament noch im Juli explizit beschlossen, dass es einen<br \/>\npal\u00e4stinensischen Staat ablehnt.<\/li>\n<li>Die im Bundestag beschlossene &#8222;Antisemitismus-Resolution&#8220; beschneidet die freie Meinungs\u00e4u\u00dferung hier in Deutschland und wird auch von vielen j\u00fcdischen Organisationen und Pers\u00f6nlichkeiten kritisiert.<\/li>\n<li>Um ernsthafte Verhandlungen \u00fcber einen gerechten Frieden in Nahost f\u00fchren zu k\u00f6nnen, ist die Anerkennung eines unabh\u00e4ngigen Staates Pal\u00e4stina durch alle europ\u00e4ischen Staaten wichtig, um das Selbstbestimmungsrecht des pal\u00e4stinensischen Volkes zu unterstreichen. Spanien, Irland, Slowenien, Norwegen sind diesen Schritt bereits gegangen.<\/li>\n<li>Das Assoziierungsabkommen zwischen Israel und der EU sichert Israel wirtschaftliche Vorteile und k\u00f6nnte ein wichtiges Druckmittel sein.<\/li>\n<\/ul>\n<p>Unterst\u00fctzt auch:<\/p>\n<ul>\n<li>die Petition &#8222;F\u00fcr einen gerechten Frieden in Gaza. Waffenexporte stoppen &amp; Hilfsblockade beenden!&#8220; www.gerechter-Frieden.org<\/li>\n<li>den Offenen Brief aus Wissenschaft und Kulturbereich an die Bundesregierung &#8222;Deutschland muss umgehend aufh\u00f6ren, die Vernichtung von Pal\u00e4stinenser:innen zu unterst\u00fctzen&#8220;<br \/>\n(https:\/\/drive.google.com\/file\/d\/1sAtEstiz5Nc4wQDNyyjiRS9d2U1dvEuv\/view )<\/li>\n<\/ul>\n<p>Kontakt: palaestina-koordination-koeln@mailbox.org<\/p>\n","protected":false},"excerpt":{"rendered":"<p>Wir rufen zur Demo f\u00fcr Waffenstillstand und Stopp aller Waffenlieferungen im Nahen Osten auf: Die Eskalation in Nahost &#8211; in Pal\u00e4stina \/ Gaza \/ Libanon &#8211; das T\u00f6ten und das Leid der Menschen muss&#46;&#46;&#46;<\/p>\n","protected":false},"author":110,"featured_media":18864,"comment_status":"open","ping_status":"open","sticky":false,"template":"","format":"standard","meta":{"footnotes":""},"categories":[104,116],"tags":[66,124,91],"class_list":["post-18859","post","type-post","status-publish","format-standard","has-post-thumbnail","hentry","category-ankuendigung","category-aufruf","tag-israel-palaestina","tag-voelkermord","tag-voelkerrecht"],"_links":{"self":[{"href":"https:\/\/www.friedenkoeln.de\/index.php?rest_route=\/wp\/v2\/posts\/18859","targetHints":{"allow":["GET"]}}],"collection":[{"href":"https:\/\/www.friedenkoeln.de\/index.php?rest_route=\/wp\/v2\/posts"}],"about":[{"href":"https:\/\/www.friedenkoeln.de\/index.php?rest_route=\/wp\/v2\/types\/post"}],"author":[{"embeddable":true,"href":"https:\/\/www.friedenkoeln.de\/index.php?rest_route=\/wp\/v2\/users\/110"}],"replies":[{"embeddable":true,"href":"https:\/\/www.friedenkoeln.de\/index.php?rest_route=%2Fwp%2Fv2%2Fcomments&post=18859"}],"version-history":[{"count":5,"href":"https:\/\/www.friedenkoeln.de\/index.php?rest_route=\/wp\/v2\/posts\/18859\/revisions"}],"predecessor-version":[{"id":18866,"href":"https:\/\/www.friedenkoeln.de\/index.php?rest_route=\/wp\/v2\/posts\/18859\/revisions\/18866"}],"wp:featuredmedia":[{"embeddable":true,"href":"https:\/\/www.friedenkoeln.de\/index.php?rest_route=\/wp\/v2\/media\/18864"}],"wp:attachment":[{"href":"https:\/\/www.friedenkoeln.de\/index.php?rest_route=%2Fwp%2Fv2%2Fmedia&parent=18859"}],"wp:term":[{"taxonomy":"category","embeddable":true,"href":"https:\/\/www.friedenkoeln.de\/index.php?rest_route=%2Fwp%2Fv2%2Fcategories&post=18859"},{"taxonomy":"post_tag","embeddable":true,"href":"https:\/\/www.friedenkoeln.de\/index.php?rest_route=%2Fwp%2Fv2%2Ftags&post=18859"}],"curies":[{"name":"wp","href":"https:\/\/api.w.org\/{rel}","templated":true}]}}