{"id":18888,"date":"2024-12-11T12:30:21","date_gmt":"2024-12-11T11:30:21","guid":{"rendered":"https:\/\/www.friedenkoeln.de\/?p=18888"},"modified":"2024-12-11T12:33:10","modified_gmt":"2024-12-11T11:33:10","slug":"jetzt-anmelden-seminar-zu-friedenslogik-und-sozialer-verteidigung-in-stuttgart","status":"publish","type":"post","link":"https:\/\/www.friedenkoeln.de\/?p=18888","title":{"rendered":"Jetzt anmelden: Seminar zu Friedenslogik und Sozialer Verteidigung in Stuttgart"},"content":{"rendered":"<p><em>Gerne machen wir auf ein Seminar aufmerksam, das der Landesverband Baden-W\u00fcrttemberg und die AG Friedenslogik der DFG-VK am 1.2.2025 in Stuttgart anbieten:<\/em><\/p>\n<hr \/>\n<h3>Frieden machen mit Friedenslogik und Sozialer Verteidigung (Modul 1)<\/h3>\n<p>Seminar f\u00fcr Aktive der DFG-VK und weitere Interessierte<\/p>\n<p style=\"text-align: center;\"><strong>1. Februar 2025, 10:00 &#8211; 17:30 Uhr,<\/strong><br \/>\n<strong>Clara-Zetkin-Haus, Gorch-Fock-Stra\u00dfe 26, Stuttgart<\/strong><\/p>\n<p>Begr\u00fc\u00dfung: <strong>Stefan Philipp<\/strong> (DFG-VK Ba-W\u00fc)<\/p>\n<p>Vortrag und Diskussion: <strong>J\u00fcrgen Gr\u00e4sslin<\/strong> und <strong>Joachim Schramm<\/strong> (beide DFG-VK) \u201eWhy civil resistance works\u201c: eine Studie belegt die Wirksamkeit von zivilem Widerstand. Wie geht Friedenslogik? Beispielhaft dargestellt am Russland-Ukraine-Konflikt.<\/p>\n<p>Vortrag und Diskussion: <strong>Dr. Barbara M\u00fcller<\/strong> (BSV) zum Thema Soziale Verteidigung mit dem Szenario \u201cExterner territorialer Angriff\u201d<\/p>\n<p>Vortrag und Diskussion: <strong>Stephan Br\u00fces<\/strong> (BSV) zum Thema Soziale Verteidigung mit dem Szenario \u201cKrieg aktiv blockieren &#8211; welche M\u00f6glichkeiten haben wir?\u201d<\/p>\n<p>Moderation: <strong>Felicitas Dieterle<\/strong> und <strong>Stefanie Intveen<\/strong> (beide DFG-VK)<\/p>\n<p><img loading=\"lazy\" decoding=\"async\" class=\" wp-image-18806 alignright\" src=\"https:\/\/www.friedenkoeln.de\/wp-content\/uploads\/2024\/10\/Friedenslogik_Deckblatt-Flyer-DFG-VK.png\" alt=\"Ein Flyer im blau-wei\u00dfen DFG-VK-Design mit wehender Regebogenflagge im Hintergrund.\" width=\"272\" height=\"342\" srcset=\"https:\/\/www.friedenkoeln.de\/wp-content\/uploads\/2024\/10\/Friedenslogik_Deckblatt-Flyer-DFG-VK.png 576w, https:\/\/www.friedenkoeln.de\/wp-content\/uploads\/2024\/10\/Friedenslogik_Deckblatt-Flyer-DFG-VK-159x200.png 159w\" sizes=\"auto, (max-width: 272px) 100vw, 272px\" \/>Krisen, Spannungen und Gewalt in all ihren Formen bis hin zum (Atom-) Krieg beherrschen die Schlagzeilen. Angst und Feindbilder verst\u00e4rken sich. Sicherheitsapparate werden ausgebaut, Streitkr\u00e4fte aufger\u00fcstet, Z\u00e4une und Mauern errichtet. Viele Menschen erkennen, dass dies eine zerst\u00f6rerische Entwicklung ist. Sie f\u00fchlen sich aber oft ohnm\u00e4chtig oder sind w\u00fctend.<\/p>\n<p>Welche konkreten Auswege gibt es? Wie k\u00f6nnen Konflikte konstruktiv unter Einschluss der Menschenrechte transformiert werden? Wie lassen sich Friedensprozesse nachhaltig gestalten? Ein friedenslogisches Herangehen erm\u00f6glicht Handlungsans\u00e4tze, die aus der<br \/>\nGewaltspirale hinausf\u00fchren. Friedenslogische Reflexion f\u00fchrt zu Ver\u00e4nderungen, besonders im Blick sind die Beziehungen zwischen Einzelnen, Gruppen und Staaten, alle Strukturen und Prozesse, die Gewalt erzeugen sowie die Methoden und Instrumente zur Konfliktbearbeitung wie z.B. die Soziale Verteidigung.<\/p>\n<p>Das Seminar hat zum Ziel, DFG-VK Mitgliedern sowie anderen Friedensaktivist:innen ein tieferes Verst\u00e4ndnis des Konzeptes der Friedenslogik nach Prof. Dr. Hanne &#8211; Margret Birckenbach zu vermitteln und weiterhin den Begriff der Sozialen Verteidigung, der allgemein sehr abstrakt ist, f\u00fcr die Teilnehmer:innen greifbarer und begreifbarer werden zu lassen.<\/p>\n<p>Es geht um:<\/p>\n<ul>\n<li>Gemeinsames Lernen und Weiterbildung<\/li>\n<li>auf Kompetenzen der DFG-VK aufmerksam machen<\/li>\n<li>Methoden des &#8222;Friedenmachens&#8220; und der gewaltfreien Verteidigung kennenlernen<\/li>\n<li>Netzwerke innerhalb und au\u00dferhalb der DFG-VK in der Region st\u00e4rken<\/li>\n<\/ul>\n<p>Teilnahmebeitrag: 25,- Euro (inkl. Mittagessen)<\/p>\n<p><strong>Verbindliche Anmeldung: bis 10.1.2025 an friedenslogik@dfg-vk.de<\/strong><\/p>\n<p>Das Modul 2 folgt im Herbst 2025<\/p>\n<p>Eine Veranstaltung von:<\/p>\n<ul>\n<li>AG Friedenslogik des DFG-VK Bundesverbandes<\/li>\n<li>Landesverband Baden-W\u00fcrttemberg<\/li>\n<\/ul>\n<p><a href=\"https:\/\/www.friedenkoeln.de\/wp-content\/uploads\/2024\/12\/Fl_Feb25_finp.pdf\">Flyer zum Seminar<\/a><\/p>\n<p><a href=\"https:\/\/www.friedenkoeln.de\/wp-content\/uploads\/2024\/10\/2024-10_Friedenslogik-Flyer.pdf\">Flyer &#8222;Friedenslogik&#8220;<\/a><\/p>\n","protected":false},"excerpt":{"rendered":"<p>Gerne machen wir auf ein Seminar aufmerksam, das der Landesverband Baden-W\u00fcrttemberg und die AG Friedenslogik der DFG-VK am 1.2.2025 in Stuttgart anbieten: Frieden machen mit Friedenslogik und Sozialer Verteidigung (Modul 1) Seminar f\u00fcr Aktive&#46;&#46;&#46;<\/p>\n","protected":false},"author":110,"featured_media":18806,"comment_status":"open","ping_status":"open","sticky":false,"template":"","format":"standard","meta":{"footnotes":""},"categories":[104,102],"tags":[95,170,256,115],"class_list":["post-18888","post","type-post","status-publish","format-standard","has-post-thumbnail","hentry","category-ankuendigung","category-in-eigener-sache","tag-friedenslogik","tag-gewaltfreiheit","tag-soziale-verteidigung","tag-ziviler-ungehorsam"],"_links":{"self":[{"href":"https:\/\/www.friedenkoeln.de\/index.php?rest_route=\/wp\/v2\/posts\/18888","targetHints":{"allow":["GET"]}}],"collection":[{"href":"https:\/\/www.friedenkoeln.de\/index.php?rest_route=\/wp\/v2\/posts"}],"about":[{"href":"https:\/\/www.friedenkoeln.de\/index.php?rest_route=\/wp\/v2\/types\/post"}],"author":[{"embeddable":true,"href":"https:\/\/www.friedenkoeln.de\/index.php?rest_route=\/wp\/v2\/users\/110"}],"replies":[{"embeddable":true,"href":"https:\/\/www.friedenkoeln.de\/index.php?rest_route=%2Fwp%2Fv2%2Fcomments&post=18888"}],"version-history":[{"count":2,"href":"https:\/\/www.friedenkoeln.de\/index.php?rest_route=\/wp\/v2\/posts\/18888\/revisions"}],"predecessor-version":[{"id":18891,"href":"https:\/\/www.friedenkoeln.de\/index.php?rest_route=\/wp\/v2\/posts\/18888\/revisions\/18891"}],"wp:featuredmedia":[{"embeddable":true,"href":"https:\/\/www.friedenkoeln.de\/index.php?rest_route=\/wp\/v2\/media\/18806"}],"wp:attachment":[{"href":"https:\/\/www.friedenkoeln.de\/index.php?rest_route=%2Fwp%2Fv2%2Fmedia&parent=18888"}],"wp:term":[{"taxonomy":"category","embeddable":true,"href":"https:\/\/www.friedenkoeln.de\/index.php?rest_route=%2Fwp%2Fv2%2Fcategories&post=18888"},{"taxonomy":"post_tag","embeddable":true,"href":"https:\/\/www.friedenkoeln.de\/index.php?rest_route=%2Fwp%2Fv2%2Ftags&post=18888"}],"curies":[{"name":"wp","href":"https:\/\/api.w.org\/{rel}","templated":true}]}}