{"id":18898,"date":"2024-12-17T10:35:13","date_gmt":"2024-12-17T09:35:13","guid":{"rendered":"https:\/\/www.friedenkoeln.de\/?p=18898"},"modified":"2024-12-24T13:53:46","modified_gmt":"2024-12-24T12:53:46","slug":"an-die-krieger","status":"publish","type":"post","link":"https:\/\/www.friedenkoeln.de\/?p=18898","title":{"rendered":"Johann Wilhelm Ludwig Gleim: An die Krieger"},"content":{"rendered":"<p>H\u00f6rt doch, allerliebste Krieger,<\/p>\n<p>H\u00f6rt doch,seid doch nicht so grimmig,<\/p>\n<p>Wenn ihr mit den Feinden fechtet,<\/p>\n<p>Stechen euch die Feinde Wunden,<\/p>\n<p>Und dann m\u00fcsst ihr euch verbluten.<\/p>\n<p>Warum wollt ihr euch verbluten?<\/p>\n<p>Wollt ihr etwa an den Wunden<\/p>\n<p>Eines sanften Todes sterben?<\/p>\n<p>Warum wollt ihr denn schon sterben?<\/p>\n<p>Seht ihr nicht, auf diesen Bergen<\/p>\n<p>Reifen schon die vollen Trauben!<\/p>\n<p>Stiftet Frieden mit den Feinden,<\/p>\n<p>Helft die vollen Trauben keltern,<\/p>\n<p>Trinkt den Most und werdet Br\u00fcder,<\/p>\n<p>Und lasst euch durch Wein und Freundschaft,<\/p>\n<p>Alle Lust zum Sterben rauben!<\/p>\n<p><strong>Johann Wilhelm Ludwig Gleim (1719 \u2013 1803)<\/strong><\/p>\n<p>Angesichts der hoch wahrscheinlichen Wiedereinf\u00fchrung der &#8222;Wehrpflicht&#8220; ein bedenkenswertes Werk aus dem 18. Jahrhundert<\/p>\n","protected":false},"excerpt":{"rendered":"<p>H\u00f6rt doch, allerliebste Krieger, H\u00f6rt doch,seid doch nicht so grimmig, Wenn ihr mit den Feinden fechtet, Stechen euch die Feinde Wunden, Und dann m\u00fcsst ihr euch verbluten. Warum wollt ihr euch verbluten? Wollt ihr&#46;&#46;&#46;<\/p>\n","protected":false},"author":110,"featured_media":10323,"comment_status":"open","ping_status":"open","sticky":false,"template":"","format":"standard","meta":{"footnotes":""},"categories":[226],"tags":[114,90],"class_list":["post-18898","post","type-post","status-publish","format-standard","has-post-thumbnail","hentry","category-gedicht","tag-antimilitarismus","tag-friedensverhandlung"],"_links":{"self":[{"href":"https:\/\/www.friedenkoeln.de\/index.php?rest_route=\/wp\/v2\/posts\/18898","targetHints":{"allow":["GET"]}}],"collection":[{"href":"https:\/\/www.friedenkoeln.de\/index.php?rest_route=\/wp\/v2\/posts"}],"about":[{"href":"https:\/\/www.friedenkoeln.de\/index.php?rest_route=\/wp\/v2\/types\/post"}],"author":[{"embeddable":true,"href":"https:\/\/www.friedenkoeln.de\/index.php?rest_route=\/wp\/v2\/users\/110"}],"replies":[{"embeddable":true,"href":"https:\/\/www.friedenkoeln.de\/index.php?rest_route=%2Fwp%2Fv2%2Fcomments&post=18898"}],"version-history":[{"count":3,"href":"https:\/\/www.friedenkoeln.de\/index.php?rest_route=\/wp\/v2\/posts\/18898\/revisions"}],"predecessor-version":[{"id":18907,"href":"https:\/\/www.friedenkoeln.de\/index.php?rest_route=\/wp\/v2\/posts\/18898\/revisions\/18907"}],"wp:featuredmedia":[{"embeddable":true,"href":"https:\/\/www.friedenkoeln.de\/index.php?rest_route=\/wp\/v2\/media\/10323"}],"wp:attachment":[{"href":"https:\/\/www.friedenkoeln.de\/index.php?rest_route=%2Fwp%2Fv2%2Fmedia&parent=18898"}],"wp:term":[{"taxonomy":"category","embeddable":true,"href":"https:\/\/www.friedenkoeln.de\/index.php?rest_route=%2Fwp%2Fv2%2Fcategories&post=18898"},{"taxonomy":"post_tag","embeddable":true,"href":"https:\/\/www.friedenkoeln.de\/index.php?rest_route=%2Fwp%2Fv2%2Ftags&post=18898"}],"curies":[{"name":"wp","href":"https:\/\/api.w.org\/{rel}","templated":true}]}}