{"id":18902,"date":"2024-12-18T18:03:53","date_gmt":"2024-12-18T17:03:53","guid":{"rendered":"https:\/\/www.friedenkoeln.de\/?p=18902"},"modified":"2024-12-18T18:03:53","modified_gmt":"2024-12-18T17:03:53","slug":"visiting-palestine-jabalia-refugee-camp-in-2012","status":"publish","type":"post","link":"https:\/\/www.friedenkoeln.de\/?p=18902","title":{"rendered":"Visiting Palestine: JABALIA Refugee Camp in 2012"},"content":{"rendered":"<p>Wir empfehlen den 18-min\u00fctigen englischsprachigen Dokumentarfilm unserer Friedensfreundin Elsa Rassbach \u00fcber ihren Besuch in Gaza im Dezember 2012.<\/p>\n<p>Im Oktober 2024 ver\u00f6ffentlichte sie ihn neu auf Youtube. Hier ist ihr Begleittext:<\/p>\n<blockquote><p>I shot this film in Jabalia Refugee Camp (Arabic: \u0645\u062e\u064a\u0651\u0645 \u062c\u0628\u0627\u0644\u064a\u0627) in Northern Gaza in December, 2012. My guide was Majed Abusalama, who grew up in the Camp and introduced me to his neighbors and friends there.<\/p>\n<p>Jabalia was established by the UN in 1948 to provide shelter to Palestinians who had been driven from their homes during the Nakba. With more than 100,000 inhabitants, Jabalia became the largest refugee camp in the Palestinian territory. Its residents have been at the forefront of the struggle for freedom and justice in Palestine.<\/p>\n<p>Now (in October 2024) Jabalia Camp and its people are under severe attack by Israel, which receives large amounts of financial and military support paid for by US and German taxpayers.<\/p><\/blockquote>\n","protected":false},"excerpt":{"rendered":"<p>Wir empfehlen den 18-min\u00fctigen englischsprachigen Dokumentarfilm unserer Friedensfreundin Elsa Rassbach \u00fcber ihren Besuch in Gaza im Dezember 2012. Im Oktober 2024 ver\u00f6ffentlichte sie ihn neu auf Youtube. Hier ist ihr Begleittext: I shot this&#46;&#46;&#46;<\/p>\n","protected":false},"author":110,"featured_media":0,"comment_status":"open","ping_status":"closed","sticky":false,"template":"","format":"video","meta":{"footnotes":""},"categories":[185],"tags":[66,99,37,232],"class_list":["post-18902","post","type-post","status-publish","format-video","hentry","category-reportage","tag-israel-palaestina","tag-menschenrechte","tag-ruestungsexporte","tag-usa","post_format-post-format-video"],"_links":{"self":[{"href":"https:\/\/www.friedenkoeln.de\/index.php?rest_route=\/wp\/v2\/posts\/18902","targetHints":{"allow":["GET"]}}],"collection":[{"href":"https:\/\/www.friedenkoeln.de\/index.php?rest_route=\/wp\/v2\/posts"}],"about":[{"href":"https:\/\/www.friedenkoeln.de\/index.php?rest_route=\/wp\/v2\/types\/post"}],"author":[{"embeddable":true,"href":"https:\/\/www.friedenkoeln.de\/index.php?rest_route=\/wp\/v2\/users\/110"}],"replies":[{"embeddable":true,"href":"https:\/\/www.friedenkoeln.de\/index.php?rest_route=%2Fwp%2Fv2%2Fcomments&post=18902"}],"version-history":[{"count":1,"href":"https:\/\/www.friedenkoeln.de\/index.php?rest_route=\/wp\/v2\/posts\/18902\/revisions"}],"predecessor-version":[{"id":18903,"href":"https:\/\/www.friedenkoeln.de\/index.php?rest_route=\/wp\/v2\/posts\/18902\/revisions\/18903"}],"wp:attachment":[{"href":"https:\/\/www.friedenkoeln.de\/index.php?rest_route=%2Fwp%2Fv2%2Fmedia&parent=18902"}],"wp:term":[{"taxonomy":"category","embeddable":true,"href":"https:\/\/www.friedenkoeln.de\/index.php?rest_route=%2Fwp%2Fv2%2Fcategories&post=18902"},{"taxonomy":"post_tag","embeddable":true,"href":"https:\/\/www.friedenkoeln.de\/index.php?rest_route=%2Fwp%2Fv2%2Ftags&post=18902"}],"curies":[{"name":"wp","href":"https:\/\/api.w.org\/{rel}","templated":true}]}}