{"id":18904,"date":"2024-12-23T14:32:12","date_gmt":"2024-12-23T13:32:12","guid":{"rendered":"https:\/\/www.friedenkoeln.de\/?p=18904"},"modified":"2024-12-24T14:00:52","modified_gmt":"2024-12-24T13:00:52","slug":"fuer-unsere-koelner-mitglieder-workshop-am-18-1-2025","status":"publish","type":"post","link":"https:\/\/www.friedenkoeln.de\/?p=18904","title":{"rendered":"F\u00fcr unsere K\u00f6lner Mitglieder: Workshop am 18.1.2025"},"content":{"rendered":"<p>F\u00fcr die Mitglieder der DFG-VK Gruppe K\u00f6ln:<\/p>\n<p>Wir laden herzlich zum gemeinsamen Nachdenken und Planen am Samstag, den 18.1.2025, 10 bis 17 Uhr, ein. N\u00e4here Infos verschickt die Vorbereitungsgruppe ( Michael S\u00fc., Sabina, Stefanie, Thespina) per Email.<\/p>\n<div id=\"attachment_18099\" style=\"width: 2570px\" class=\"wp-caption aligncenter\"><img loading=\"lazy\" decoding=\"async\" aria-describedby=\"caption-attachment-18099\" class=\"size-full wp-image-18099\" src=\"https:\/\/www.friedenkoeln.de\/wp-content\/uploads\/2024\/03\/DSC_0023-scaled.jpg\" alt=\"Anderthalb Dutzend Erwachsene stehen gut gelaunt mit Sektgl\u00e4sern hinter einem gedeckten Tisch.\" width=\"2560\" height=\"1707\" srcset=\"https:\/\/www.friedenkoeln.de\/wp-content\/uploads\/2024\/03\/DSC_0023-scaled.jpg 2560w, https:\/\/www.friedenkoeln.de\/wp-content\/uploads\/2024\/03\/DSC_0023-200x133.jpg 200w, https:\/\/www.friedenkoeln.de\/wp-content\/uploads\/2024\/03\/DSC_0023-768x512.jpg 768w, https:\/\/www.friedenkoeln.de\/wp-content\/uploads\/2024\/03\/DSC_0023-1536x1024.jpg 1536w, https:\/\/www.friedenkoeln.de\/wp-content\/uploads\/2024\/03\/DSC_0023-2048x1365.jpg 2048w\" sizes=\"auto, (max-width: 2560px) 100vw, 2560px\" \/><p id=\"caption-attachment-18099\" class=\"wp-caption-text\">Feier nach der Jahresmitgliederversammlung der DFG-VK Gruppe K\u00f6ln im Friedensbildungswerk, 29.2.2024. Foto: Stefanie Intveen<\/p><\/div>\n<p>&nbsp;<\/p>\n","protected":false},"excerpt":{"rendered":"<p>F\u00fcr die Mitglieder der DFG-VK Gruppe K\u00f6ln: Wir laden herzlich zum gemeinsamen Nachdenken und Planen am Samstag, den 18.1.2025, 10 bis 17 Uhr, ein. N\u00e4here Infos verschickt die Vorbereitungsgruppe ( Michael S\u00fc., Sabina, Stefanie,&#46;&#46;&#46;<\/p>\n","protected":false},"author":110,"featured_media":18099,"comment_status":"open","ping_status":"open","sticky":false,"template":"","format":"standard","meta":{"footnotes":""},"categories":[104,102],"tags":[212],"class_list":["post-18904","post","type-post","status-publish","format-standard","has-post-thumbnail","hentry","category-ankuendigung","category-in-eigener-sache","tag-friedensaktion"],"_links":{"self":[{"href":"https:\/\/www.friedenkoeln.de\/index.php?rest_route=\/wp\/v2\/posts\/18904","targetHints":{"allow":["GET"]}}],"collection":[{"href":"https:\/\/www.friedenkoeln.de\/index.php?rest_route=\/wp\/v2\/posts"}],"about":[{"href":"https:\/\/www.friedenkoeln.de\/index.php?rest_route=\/wp\/v2\/types\/post"}],"author":[{"embeddable":true,"href":"https:\/\/www.friedenkoeln.de\/index.php?rest_route=\/wp\/v2\/users\/110"}],"replies":[{"embeddable":true,"href":"https:\/\/www.friedenkoeln.de\/index.php?rest_route=%2Fwp%2Fv2%2Fcomments&post=18904"}],"version-history":[{"count":2,"href":"https:\/\/www.friedenkoeln.de\/index.php?rest_route=\/wp\/v2\/posts\/18904\/revisions"}],"predecessor-version":[{"id":18906,"href":"https:\/\/www.friedenkoeln.de\/index.php?rest_route=\/wp\/v2\/posts\/18904\/revisions\/18906"}],"wp:featuredmedia":[{"embeddable":true,"href":"https:\/\/www.friedenkoeln.de\/index.php?rest_route=\/wp\/v2\/media\/18099"}],"wp:attachment":[{"href":"https:\/\/www.friedenkoeln.de\/index.php?rest_route=%2Fwp%2Fv2%2Fmedia&parent=18904"}],"wp:term":[{"taxonomy":"category","embeddable":true,"href":"https:\/\/www.friedenkoeln.de\/index.php?rest_route=%2Fwp%2Fv2%2Fcategories&post=18904"},{"taxonomy":"post_tag","embeddable":true,"href":"https:\/\/www.friedenkoeln.de\/index.php?rest_route=%2Fwp%2Fv2%2Ftags&post=18904"}],"curies":[{"name":"wp","href":"https:\/\/api.w.org\/{rel}","templated":true}]}}