{"id":18913,"date":"2025-01-16T00:03:34","date_gmt":"2025-01-15T23:03:34","guid":{"rendered":"https:\/\/www.friedenkoeln.de\/?p=18913"},"modified":"2025-01-16T00:03:34","modified_gmt":"2025-01-15T23:03:34","slug":"clemens-ronnefeldt-am-30-1-2025-in-koeln-der-ukrainekrieg-hintergruende-und-perspektive","status":"publish","type":"post","link":"https:\/\/www.friedenkoeln.de\/?p=18913","title":{"rendered":"Clemens Ronnefeldt am 30.1.2025 in K\u00f6ln: Der Ukrainekrieg &#8211; Hintergr\u00fcnde und Perspektive"},"content":{"rendered":"<p><em>Gerne machen wir auf folgende Veranstaltung aufmerksam:<\/em><\/p>\n<hr \/>\n<p style=\"text-align: center;\"><strong>DER UKRAINEKRIEG: <\/strong><strong>Hintergr\u00fcnde und Perspektive<\/strong><br \/>\n<strong>Clemens Ronnefeldt<\/strong><br \/>\nReferent f\u00fcr Friedensfragen beim deutschen Zweig des internationalen Vers\u00f6hnungsbundes<\/p>\n<p style=\"text-align: center;\">am Do 30.01.2025 | 19.30 Uhr im Domforum | Domkloster 3 | 50667 K\u00f6ln<\/p>\n<p>Hintergr\u00fcnde und Perspektive<\/p>\n<p>Clemens Ronnefeldt wird in seinem Vortrag \u00fcber den Ukraine-Krieg zum einen auf das historische Verh\u00e4ltnis der Ukraine zur Russischen F\u00f6deration eingehen und wichtigen Stationen des Weges des russischen Pr\u00e4sidenten von seiner Zeit in Deutschland ab 1984 bis zur Entscheidung<br \/>\ndes Ukraine-Krieges nachgehen.<\/p>\n<p>Zum anderen wird er auch auf das Verh\u00e4ltnis von NATO und Russischer F\u00f6deration nach dem Ende der Sowjetunion 1991 eingehen und darstellen, welche Friedenskr\u00e4fte es in der Ukraine und auch in der Russischen F\u00f6deration gibt, die zu einer Deeskalation beitragen k\u00f6nnen.<\/p>\n<p>Im letzten Teil wird der Referent den Stand bisheriger und aktueller Verhandlungsbem\u00fchungen vorstellen.<\/p>\n<p>Veranstalter:<br \/>\nKatholischen Bildungswerk<br \/>\nPax Christi<br \/>\nMelanchthon-Akademie K\u00f6ln,<br \/>\nFriedensbildungswerk K\u00f6ln<\/p>\n<p>Flyer zum Download<\/p>\n<p><em><img loading=\"lazy\" decoding=\"async\" class=\"wp-image-18911 aligncenter\" src=\"https:\/\/www.friedenkoeln.de\/wp-content\/uploads\/2025\/01\/HZ-A5_FriedensForum_2025-01-30-scaled.jpg\" alt=\"Flyer mit Grafik: mit Weltkarte bedruckte H\u00e4nde, aus denen Friedenstauben aufsteigen\" width=\"564\" height=\"800\" srcset=\"https:\/\/www.friedenkoeln.de\/wp-content\/uploads\/2025\/01\/HZ-A5_FriedensForum_2025-01-30-scaled.jpg 1804w, https:\/\/www.friedenkoeln.de\/wp-content\/uploads\/2025\/01\/HZ-A5_FriedensForum_2025-01-30-141x200.jpg 141w, https:\/\/www.friedenkoeln.de\/wp-content\/uploads\/2025\/01\/HZ-A5_FriedensForum_2025-01-30-768x1090.jpg 768w, https:\/\/www.friedenkoeln.de\/wp-content\/uploads\/2025\/01\/HZ-A5_FriedensForum_2025-01-30-1083x1536.jpg 1083w, https:\/\/www.friedenkoeln.de\/wp-content\/uploads\/2025\/01\/HZ-A5_FriedensForum_2025-01-30-1444x2048.jpg 1444w\" sizes=\"auto, (max-width: 564px) 100vw, 564px\" \/><\/em><\/p>\n","protected":false},"excerpt":{"rendered":"<p>Gerne machen wir auf folgende Veranstaltung aufmerksam: DER UKRAINEKRIEG: Hintergr\u00fcnde und Perspektive Clemens Ronnefeldt Referent f\u00fcr Friedensfragen beim deutschen Zweig des internationalen Vers\u00f6hnungsbundes am Do 30.01.2025 | 19.30 Uhr im Domforum | Domkloster 3&#46;&#46;&#46;<\/p>\n","protected":false},"author":110,"featured_media":18911,"comment_status":"open","ping_status":"open","sticky":false,"template":"","format":"standard","meta":{"footnotes":""},"categories":[104],"tags":[221,45,219,214],"class_list":["post-18913","post","type-post","status-publish","format-standard","has-post-thumbnail","hentry","category-ankuendigung","tag-friedenspolitik","tag-geschichte","tag-russland","tag-ukraine"],"_links":{"self":[{"href":"https:\/\/www.friedenkoeln.de\/index.php?rest_route=\/wp\/v2\/posts\/18913","targetHints":{"allow":["GET"]}}],"collection":[{"href":"https:\/\/www.friedenkoeln.de\/index.php?rest_route=\/wp\/v2\/posts"}],"about":[{"href":"https:\/\/www.friedenkoeln.de\/index.php?rest_route=\/wp\/v2\/types\/post"}],"author":[{"embeddable":true,"href":"https:\/\/www.friedenkoeln.de\/index.php?rest_route=\/wp\/v2\/users\/110"}],"replies":[{"embeddable":true,"href":"https:\/\/www.friedenkoeln.de\/index.php?rest_route=%2Fwp%2Fv2%2Fcomments&post=18913"}],"version-history":[{"count":2,"href":"https:\/\/www.friedenkoeln.de\/index.php?rest_route=\/wp\/v2\/posts\/18913\/revisions"}],"predecessor-version":[{"id":18915,"href":"https:\/\/www.friedenkoeln.de\/index.php?rest_route=\/wp\/v2\/posts\/18913\/revisions\/18915"}],"wp:featuredmedia":[{"embeddable":true,"href":"https:\/\/www.friedenkoeln.de\/index.php?rest_route=\/wp\/v2\/media\/18911"}],"wp:attachment":[{"href":"https:\/\/www.friedenkoeln.de\/index.php?rest_route=%2Fwp%2Fv2%2Fmedia&parent=18913"}],"wp:term":[{"taxonomy":"category","embeddable":true,"href":"https:\/\/www.friedenkoeln.de\/index.php?rest_route=%2Fwp%2Fv2%2Fcategories&post=18913"},{"taxonomy":"post_tag","embeddable":true,"href":"https:\/\/www.friedenkoeln.de\/index.php?rest_route=%2Fwp%2Fv2%2Ftags&post=18913"}],"curies":[{"name":"wp","href":"https:\/\/api.w.org\/{rel}","templated":true}]}}