{"id":18922,"date":"2025-01-25T16:29:22","date_gmt":"2025-01-25T15:29:22","guid":{"rendered":"https:\/\/www.friedenkoeln.de\/?p=18922"},"modified":"2025-01-25T16:29:22","modified_gmt":"2025-01-25T15:29:22","slug":"offener-brief-an-geschaeftsfuehrung-des-cinedom-koeln","status":"publish","type":"post","link":"https:\/\/www.friedenkoeln.de\/?p=18922","title":{"rendered":"Offener Brief an Gesch\u00e4ftsf\u00fchrung des Cinedom K\u00f6ln"},"content":{"rendered":"<p><em>Wir ver\u00f6ffentlichen unseren <a href=\"https:\/\/www.friedenkoeln.de\/wp-content\/uploads\/2025\/01\/250126-DFG-VK-Koeln-Flyer-Offener-Brief-an-Cindedom-Keine-Militaerwerbung-im-Kino.pdf\">Offenen Brief<\/a> an die Gesch\u00e4ftsf\u00fchrung des Cinedom in K\u00f6ln vom 22.1.2025:<\/em><\/p>\n<hr \/>\n<p>Gesch\u00e4ftsf\u00fchrung Cinedom Kinobetriebe GmbH<br \/>\nIm Mediapark 1<br \/>\n50670 K\u00f6ln<\/p>\n<p>Sehr geehrter Herr Pfaff, K\u00f6ln,<\/p>\n<p>in das Cinedom laden Sie Kinder bis zum Alter von 11 Jahren zur Party ihres Kindergeburtstages ein. Als Kinofans begr\u00fc\u00dfen wir es, jungen Menschen Kino und Filmkultur nahe zu bringen. Allerdings w\u00fcrden wir uns sehr freuen, wenn Sie in diesem Zusammenhang auf Werbeeinblendungen der Bundeswehr verzichten k\u00f6nnten.<\/p>\n<p>Vor einem Jahr hat sich der UN-Ausschuss f\u00fcr die Rechte des Kindes mit der folgenden Aufforderung an die Bundesregierung gewandt:<\/p>\n<blockquote><p>alle Formen der auf Kinder und Jugendliche ausgerichteten Werbung oder Vermarktung des Milit\u00e4rdienstes zu verbieten.<\/p>\n<p>Minderj\u00e4hrige machen bei der Bundeswehr dasselbe milit\u00e4rische Kampftraining wie Erwachsene, dabei werden sie mit psychischem Druck gedrillt, weder das Jugendschutz-, noch das Jugend-arbeitsschutzgesetz werden eingehalten,<\/p><\/blockquote>\n<p>sagt Ralf Willinger, Experte f\u00fcr Kinder in bewaffneten Konflikten und Friedensarbeit bei der Kinderrechtsorganisation terre des hommes Deutschland.<\/p>\n<blockquote><p>Dabei kommt es jedes Jahr zu gravierenden Kinderrechtsverletzungen wie sexuellem Missbrauch und schweren Unf\u00e4llen.<\/p><\/blockquote>\n<p>Sie schreiben auf ihrer Webseite unter &gt; Jugendschutz \/ FAQ &lt; , dass Kinowerbung und Trailer in Hinblick auf das Alter des Publikums gepr\u00fcft werden. Wir meinen, dass Filme, welche nach Empfehlung der Freiwilligen Selbstkontrolle der Filmwirtschaft als jugendfrei oder f\u00fcr Kinder geeignet eingestuft sind (FSK 0, 6, 12, 16), nicht mit Bundeswehrwerbung kombiniert werden sollten. Wir hoffen, dass Sie unsere Argumentation nachvollziehen k\u00f6nnen und den Kinder- und Jugendschutz zuk\u00fcnftig st\u00e4rker ber\u00fccksichtigen, indem Sie vor Kinder- und Jugendfilmen auf Bundeswehrwerbung verzichten.<\/p>\n<p>Mit freundlichen Gr\u00fc\u00dfen<\/p>\n<p>Sprecherkreis der DFG-VK K\u00f6ln<\/p>\n<div id=\"attachment_18924\" style=\"width: 413px\" class=\"wp-caption aligncenter\"><img loading=\"lazy\" decoding=\"async\" aria-describedby=\"caption-attachment-18924\" class=\" wp-image-18924\" src=\"https:\/\/www.friedenkoeln.de\/wp-content\/uploads\/2025\/01\/250126-DFG-VK-Koeln-Flyer-Offener-Brief-an-Cindedom-Keine-Militaerwerbung-im-Kino-scaled.jpg\" alt=\"Flyer mit blauer Schrift auf hellem Grund\" width=\"403\" height=\"565\" srcset=\"https:\/\/www.friedenkoeln.de\/wp-content\/uploads\/2025\/01\/250126-DFG-VK-Koeln-Flyer-Offener-Brief-an-Cindedom-Keine-Militaerwerbung-im-Kino-scaled.jpg 1825w, https:\/\/www.friedenkoeln.de\/wp-content\/uploads\/2025\/01\/250126-DFG-VK-Koeln-Flyer-Offener-Brief-an-Cindedom-Keine-Militaerwerbung-im-Kino-143x200.jpg 143w, https:\/\/www.friedenkoeln.de\/wp-content\/uploads\/2025\/01\/250126-DFG-VK-Koeln-Flyer-Offener-Brief-an-Cindedom-Keine-Militaerwerbung-im-Kino-768x1077.jpg 768w, https:\/\/www.friedenkoeln.de\/wp-content\/uploads\/2025\/01\/250126-DFG-VK-Koeln-Flyer-Offener-Brief-an-Cindedom-Keine-Militaerwerbung-im-Kino-1095x1536.jpg 1095w, https:\/\/www.friedenkoeln.de\/wp-content\/uploads\/2025\/01\/250126-DFG-VK-Koeln-Flyer-Offener-Brief-an-Cindedom-Keine-Militaerwerbung-im-Kino-1460x2048.jpg 1460w\" sizes=\"auto, (max-width: 403px) 100vw, 403px\" \/><p id=\"caption-attachment-18924\" class=\"wp-caption-text\">&#8222;Kinder lieben Abenteuerfilme, aber Krieg ist grausame Realit\u00e4t. Keine Milit\u00e4rwerbung im Kino!&#8220;<\/p><\/div>\n<hr \/>\n<p><em>Am 26.1.2025 stehen wir mit einem Infostand vor dem Cinedom und protestieren gegen die Milit\u00e4rwerbung im Jugendprogramm des Kinos. Komm vorbei!<\/em><\/p>\n","protected":false},"excerpt":{"rendered":"<p>Wir ver\u00f6ffentlichen unseren Offenen Brief an die Gesch\u00e4ftsf\u00fchrung des Cinedom in K\u00f6ln vom 22.1.2025: Gesch\u00e4ftsf\u00fchrung Cinedom Kinobetriebe GmbH Im Mediapark 1 50670 K\u00f6ln Sehr geehrter Herr Pfaff, K\u00f6ln, in das Cinedom laden Sie Kinder&#46;&#46;&#46;<\/p>\n","protected":false},"author":110,"featured_media":18924,"comment_status":"open","ping_status":"open","sticky":false,"template":"","format":"standard","meta":{"footnotes":""},"categories":[141],"tags":[48,122,27],"class_list":["post-18922","post","type-post","status-publish","format-standard","has-post-thumbnail","hentry","category-brief","tag-bundeswehr","tag-jugend","tag-kultur"],"_links":{"self":[{"href":"https:\/\/www.friedenkoeln.de\/index.php?rest_route=\/wp\/v2\/posts\/18922","targetHints":{"allow":["GET"]}}],"collection":[{"href":"https:\/\/www.friedenkoeln.de\/index.php?rest_route=\/wp\/v2\/posts"}],"about":[{"href":"https:\/\/www.friedenkoeln.de\/index.php?rest_route=\/wp\/v2\/types\/post"}],"author":[{"embeddable":true,"href":"https:\/\/www.friedenkoeln.de\/index.php?rest_route=\/wp\/v2\/users\/110"}],"replies":[{"embeddable":true,"href":"https:\/\/www.friedenkoeln.de\/index.php?rest_route=%2Fwp%2Fv2%2Fcomments&post=18922"}],"version-history":[{"count":3,"href":"https:\/\/www.friedenkoeln.de\/index.php?rest_route=\/wp\/v2\/posts\/18922\/revisions"}],"predecessor-version":[{"id":18927,"href":"https:\/\/www.friedenkoeln.de\/index.php?rest_route=\/wp\/v2\/posts\/18922\/revisions\/18927"}],"wp:featuredmedia":[{"embeddable":true,"href":"https:\/\/www.friedenkoeln.de\/index.php?rest_route=\/wp\/v2\/media\/18924"}],"wp:attachment":[{"href":"https:\/\/www.friedenkoeln.de\/index.php?rest_route=%2Fwp%2Fv2%2Fmedia&parent=18922"}],"wp:term":[{"taxonomy":"category","embeddable":true,"href":"https:\/\/www.friedenkoeln.de\/index.php?rest_route=%2Fwp%2Fv2%2Fcategories&post=18922"},{"taxonomy":"post_tag","embeddable":true,"href":"https:\/\/www.friedenkoeln.de\/index.php?rest_route=%2Fwp%2Fv2%2Ftags&post=18922"}],"curies":[{"name":"wp","href":"https:\/\/api.w.org\/{rel}","templated":true}]}}