{"id":18934,"date":"2025-01-26T12:25:55","date_gmt":"2025-01-26T11:25:55","guid":{"rendered":"https:\/\/www.friedenkoeln.de\/?p=18934"},"modified":"2025-01-26T12:25:55","modified_gmt":"2025-01-26T11:25:55","slug":"keine-militaerwerbung-im-kino-offener-brief-an-cinedom-koeln","status":"publish","type":"post","link":"https:\/\/www.friedenkoeln.de\/?p=18934","title":{"rendered":"\u2028Keine Milit\u00e4rwerbung im Kino! Offener Brief an Cinedom K\u00f6ln"},"content":{"rendered":"<p>Die Deutsche Friedensgesellschaft \u2013 Vereinigte KriegsdienstgegnerInnen (DFG-VK) Gruppe K\u00f6ln ruft die Cinedom Kinobetriebe GmbH dazu auf, keine Werbung f\u00fcr die Bundeswehr, insbesondere vor Kinder- und Jugendfilmen, mehr zu schalten. Um auf diese Forderung aufmerksam zu machen, findet am Sonntag, den 26. Januar 2025, ab 12:30 Uhr eine Kundgebung vor dem Cinedom statt.<\/p>\n<p>In einem offenen Brief an die Gesch\u00e4ftsf\u00fchrung des Cinedom weist die DFG-VK auf die Forderung des UN-Ausschusses f\u00fcr die Rechte des Kindes hin, jegliche milit\u00e4rische Werbung an Minderj\u00e4hrige zu untersagen. \u201eDie Bundeswehr vermittelt Kindern und Jugendlichen in ihrer Werbung ein verharmlosendes Bild vom Milit\u00e4r. Doch Krieg ist grausam, und ein Job bei der Bundeswehr ist keineswegs wie jeder andere\u201c, erkl\u00e4rt Hans-Achim Brand, Mitglied des Sprecherkreises der DFG-VK Gruppe K\u00f6ln.<\/p>\n<p>Die DFG-VK Gruppe K\u00f6ln fordert, den Jugendschutz ernst zu nehmen und auf Bundeswehrwerbung, besonders vor Kinderfilmen, zu verzichten.<\/p>\n<p><a href=\"https:\/\/www.friedenkoeln.de\/wp-content\/uploads\/2025\/01\/250126-DFG-VK-Koeln-Flyer-Offener-Brief-an-Cindedom-Keine-Militaerwerbung-im-Kino.pdf\">Unser Offener Brief vom 22.1.2025 zum Download.<\/a><\/p>\n<div id=\"attachment_18924\" style=\"width: 1835px\" class=\"wp-caption alignnone\"><img loading=\"lazy\" decoding=\"async\" aria-describedby=\"caption-attachment-18924\" class=\"size-full wp-image-18924\" src=\"https:\/\/www.friedenkoeln.de\/wp-content\/uploads\/2025\/01\/250126-DFG-VK-Koeln-Flyer-Offener-Brief-an-Cindedom-Keine-Militaerwerbung-im-Kino-scaled.jpg\" alt=\"Flyer mit blauer Schrift auf hellem Grund\" width=\"1825\" height=\"2560\" srcset=\"https:\/\/www.friedenkoeln.de\/wp-content\/uploads\/2025\/01\/250126-DFG-VK-Koeln-Flyer-Offener-Brief-an-Cindedom-Keine-Militaerwerbung-im-Kino-scaled.jpg 1825w, https:\/\/www.friedenkoeln.de\/wp-content\/uploads\/2025\/01\/250126-DFG-VK-Koeln-Flyer-Offener-Brief-an-Cindedom-Keine-Militaerwerbung-im-Kino-143x200.jpg 143w, https:\/\/www.friedenkoeln.de\/wp-content\/uploads\/2025\/01\/250126-DFG-VK-Koeln-Flyer-Offener-Brief-an-Cindedom-Keine-Militaerwerbung-im-Kino-768x1077.jpg 768w, https:\/\/www.friedenkoeln.de\/wp-content\/uploads\/2025\/01\/250126-DFG-VK-Koeln-Flyer-Offener-Brief-an-Cindedom-Keine-Militaerwerbung-im-Kino-1095x1536.jpg 1095w, https:\/\/www.friedenkoeln.de\/wp-content\/uploads\/2025\/01\/250126-DFG-VK-Koeln-Flyer-Offener-Brief-an-Cindedom-Keine-Militaerwerbung-im-Kino-1460x2048.jpg 1460w\" sizes=\"auto, (max-width: 1825px) 100vw, 1825px\" \/><p id=\"caption-attachment-18924\" class=\"wp-caption-text\">&#8222;Kinder lieben Abenteuerfilme, aber Krieg ist grausame Realit\u00e4t. Keine Milit\u00e4rwerbung im Kino!&#8220;<\/p><\/div>\n","protected":false},"excerpt":{"rendered":"<p>Die Deutsche Friedensgesellschaft \u2013 Vereinigte KriegsdienstgegnerInnen (DFG-VK) Gruppe K\u00f6ln ruft die Cinedom Kinobetriebe GmbH dazu auf, keine Werbung f\u00fcr die Bundeswehr, insbesondere vor Kinder- und Jugendfilmen, mehr zu schalten. Um auf diese Forderung aufmerksam&#46;&#46;&#46;<\/p>\n","protected":false},"author":110,"featured_media":18924,"comment_status":"open","ping_status":"open","sticky":false,"template":"","format":"standard","meta":{"footnotes":""},"categories":[87],"tags":[48,122,257,27],"class_list":["post-18934","post","type-post","status-publish","format-standard","has-post-thumbnail","hentry","category-pressemitteilung","tag-bundeswehr","tag-jugend","tag-kinderrechte","tag-kultur"],"_links":{"self":[{"href":"https:\/\/www.friedenkoeln.de\/index.php?rest_route=\/wp\/v2\/posts\/18934","targetHints":{"allow":["GET"]}}],"collection":[{"href":"https:\/\/www.friedenkoeln.de\/index.php?rest_route=\/wp\/v2\/posts"}],"about":[{"href":"https:\/\/www.friedenkoeln.de\/index.php?rest_route=\/wp\/v2\/types\/post"}],"author":[{"embeddable":true,"href":"https:\/\/www.friedenkoeln.de\/index.php?rest_route=\/wp\/v2\/users\/110"}],"replies":[{"embeddable":true,"href":"https:\/\/www.friedenkoeln.de\/index.php?rest_route=%2Fwp%2Fv2%2Fcomments&post=18934"}],"version-history":[{"count":2,"href":"https:\/\/www.friedenkoeln.de\/index.php?rest_route=\/wp\/v2\/posts\/18934\/revisions"}],"predecessor-version":[{"id":18936,"href":"https:\/\/www.friedenkoeln.de\/index.php?rest_route=\/wp\/v2\/posts\/18934\/revisions\/18936"}],"wp:featuredmedia":[{"embeddable":true,"href":"https:\/\/www.friedenkoeln.de\/index.php?rest_route=\/wp\/v2\/media\/18924"}],"wp:attachment":[{"href":"https:\/\/www.friedenkoeln.de\/index.php?rest_route=%2Fwp%2Fv2%2Fmedia&parent=18934"}],"wp:term":[{"taxonomy":"category","embeddable":true,"href":"https:\/\/www.friedenkoeln.de\/index.php?rest_route=%2Fwp%2Fv2%2Fcategories&post=18934"},{"taxonomy":"post_tag","embeddable":true,"href":"https:\/\/www.friedenkoeln.de\/index.php?rest_route=%2Fwp%2Fv2%2Ftags&post=18934"}],"curies":[{"name":"wp","href":"https:\/\/api.w.org\/{rel}","templated":true}]}}