{"id":18948,"date":"2025-01-31T12:23:53","date_gmt":"2025-01-31T11:23:53","guid":{"rendered":"https:\/\/www.friedenkoeln.de\/?p=18948"},"modified":"2025-01-31T12:25:39","modified_gmt":"2025-01-31T11:25:39","slug":"keine-militaerwerbung-im-kino","status":"publish","type":"post","link":"https:\/\/www.friedenkoeln.de\/?p=18948","title":{"rendered":"Keine Milit\u00e4rwerbung im Kino!"},"content":{"rendered":"<h3 class=\"p1\">Kundgebung vor dem Cindedom am 26.1.2025<\/h3>\n<p class=\"p1\"><span class=\"s1\">Wir k\u00f6nnen es als Erfolg auch unserer Arbeit verbuchen, dass die Bundeswehr sich veranlasst sieht, eine millionenschwere Werbekampagne aus unseren Steuergeldern zu finanzieren, um ihre Personall\u00fccken zu schlie\u00dfen. Diese Werbekampagne tr\u00e4gt zur Militarisierung unserer Gesellschaft bei, bietet zugleich immer wieder Anl\u00e4sse f\u00fcr antimilitaristische Aktionen.<\/span><\/p>\n<p><img loading=\"lazy\" decoding=\"async\" class=\"wp-image-18956 alignnone\" src=\"https:\/\/www.friedenkoeln.de\/wp-content\/uploads\/2025\/01\/IMG_1581.jpeg\" alt=\"Keine Milit\u00e4rwerbung im Kino! - Kundgebung vor dem Cinedom am 26.1.2025\" width=\"800\" height=\"659\" \/><\/p>\n<p class=\"p1\"><span class=\"s1\">Die Werbekampagne der Bundeswehr bezieht sich auch auf Kinowerbung, die vor den Filmen l\u00e4uft. Dabei sind auch Filme f\u00fcr Kinder und Jugendliche nicht ausgenommen. Den Skandal, dass auch schon Kinder mit der Bundeswehrwerbung im Kino traktiert werden hat unsere Gruppe zum Anlass genommen, einen Brief an das Cinedom mit mehreren Kinos\u00e4len zu schreiben (s. Anlage, bisher unbeantwortet) und letzten Sonntag eine Kundgebung zu veranstalten und unseren Brief an Kinog\u00e4nger*innen und Passant*innen und unter Scheibenwischer parkender Autos zu verteilen.<\/span><\/p>\n<p class=\"p1\"><span class=\"s1\">Es war ein guter Kundgebungsort, die Menschen waren vergleichsweise offen und aufgeschlossen. Es gab auch verbale Angriffe (&#8222;Wie k\u00f6nnt Ihr Einstein missbrauchen, wer hat denn die Juden aus den KZ befreit&#8220;), aber auch Zustimmung (&#8222;Gut dass Ihr das macht! Gut, dass Ihr hier seid!&#8220;).<\/span><\/p>\n<p class=\"p1\"><span class=\"s1\">Anschlie\u00dfend waren einige noch Kaffee trinken und konnten auch so den Zusammenhalt in unserer Gruppe st\u00e4rken.<\/span><\/p>\n<p class=\"p1\"><span class=\"s1\">Insgesamt nach meinem Erleben eine gelungene, der Wiederholung vor anderen Kinos und nachahmenswerte Aktion.<\/span><\/p>\n<p>Wir verteilten folgende Flyer: <a href=\"https:\/\/www.friedenkoeln.de\/wp-content\/uploads\/2025\/01\/250126-DFG-VK-Koeln-Flyer-Offener-Brief-an-Cindedom-Keine-Militaerwerbung-im-Kino.pdf\">Keine Milit\u00e4rwerbung im Kino<\/a><\/p>\n<p>Bericht von Harald Fuchs<\/p>\n<p><img loading=\"lazy\" decoding=\"async\" class=\"alignleft wp-image-18954 \" src=\"https:\/\/www.friedenkoeln.de\/wp-content\/uploads\/2025\/01\/IMG_1583.jpeg\" alt=\"Keine Milit\u00e4rwerbung im Kino! - Kundgebung vor dem Cinedom am 26.1.2025\" width=\"800\" height=\"591\" \/><\/p>\n","protected":false},"excerpt":{"rendered":"<p>Kundgebung vor dem Cindedom am 26.1.2025 Wir k\u00f6nnen es als Erfolg auch unserer Arbeit verbuchen, dass die Bundeswehr sich veranlasst sieht, eine millionenschwere Werbekampagne aus unseren Steuergeldern zu finanzieren, um ihre Personall\u00fccken zu schlie\u00dfen.&#46;&#46;&#46;<\/p>\n","protected":false},"author":110,"featured_media":18956,"comment_status":"open","ping_status":"open","sticky":false,"template":"","format":"standard","meta":{"footnotes":""},"categories":[2,105],"tags":[],"class_list":["post-18948","post","type-post","status-publish","format-standard","has-post-thumbnail","hentry","category-aktionen","category-bericht"],"_links":{"self":[{"href":"https:\/\/www.friedenkoeln.de\/index.php?rest_route=\/wp\/v2\/posts\/18948","targetHints":{"allow":["GET"]}}],"collection":[{"href":"https:\/\/www.friedenkoeln.de\/index.php?rest_route=\/wp\/v2\/posts"}],"about":[{"href":"https:\/\/www.friedenkoeln.de\/index.php?rest_route=\/wp\/v2\/types\/post"}],"author":[{"embeddable":true,"href":"https:\/\/www.friedenkoeln.de\/index.php?rest_route=\/wp\/v2\/users\/110"}],"replies":[{"embeddable":true,"href":"https:\/\/www.friedenkoeln.de\/index.php?rest_route=%2Fwp%2Fv2%2Fcomments&post=18948"}],"version-history":[{"count":5,"href":"https:\/\/www.friedenkoeln.de\/index.php?rest_route=\/wp\/v2\/posts\/18948\/revisions"}],"predecessor-version":[{"id":18960,"href":"https:\/\/www.friedenkoeln.de\/index.php?rest_route=\/wp\/v2\/posts\/18948\/revisions\/18960"}],"wp:featuredmedia":[{"embeddable":true,"href":"https:\/\/www.friedenkoeln.de\/index.php?rest_route=\/wp\/v2\/media\/18956"}],"wp:attachment":[{"href":"https:\/\/www.friedenkoeln.de\/index.php?rest_route=%2Fwp%2Fv2%2Fmedia&parent=18948"}],"wp:term":[{"taxonomy":"category","embeddable":true,"href":"https:\/\/www.friedenkoeln.de\/index.php?rest_route=%2Fwp%2Fv2%2Fcategories&post=18948"},{"taxonomy":"post_tag","embeddable":true,"href":"https:\/\/www.friedenkoeln.de\/index.php?rest_route=%2Fwp%2Fv2%2Ftags&post=18948"}],"curies":[{"name":"wp","href":"https:\/\/api.w.org\/{rel}","templated":true}]}}