{"id":18963,"date":"2025-02-09T10:38:50","date_gmt":"2025-02-09T09:38:50","guid":{"rendered":"https:\/\/www.friedenkoeln.de\/?p=18963"},"modified":"2025-02-16T23:36:20","modified_gmt":"2025-02-16T22:36:20","slug":"fuer-einen-gerechten-frieden-in-palaestina-und-israel-kundgebung-am-15-02-2025-1500-uhr-heumarkt-koeln","status":"publish","type":"post","link":"https:\/\/www.friedenkoeln.de\/?p=18963","title":{"rendered":"F\u00fcr einen gerechten Frieden in Pal\u00e4stina und Israel &#8211; Kundgebung am 15.02.2025, 15:00 Uhr Heumarkt, K\u00f6ln"},"content":{"rendered":"<p><img loading=\"lazy\" decoding=\"async\" class=\" wp-image-18967 alignright\" src=\"https:\/\/www.friedenkoeln.de\/wp-content\/uploads\/2025\/02\/Kundgebung_Koeln_V1.png\" alt=\"F\u00fcr einen gerechten Frieden in Pal\u00e4stina und Israel - Aufruf zur Kundgebung am 15. Februar 2025 in K\u00f6ln\" width=\"337\" height=\"421\" srcset=\"https:\/\/www.friedenkoeln.de\/wp-content\/uploads\/2025\/02\/Kundgebung_Koeln_V1.png 1080w, https:\/\/www.friedenkoeln.de\/wp-content\/uploads\/2025\/02\/Kundgebung_Koeln_V1-160x200.png 160w, https:\/\/www.friedenkoeln.de\/wp-content\/uploads\/2025\/02\/Kundgebung_Koeln_V1-768x960.png 768w\" sizes=\"auto, (max-width: 337px) 100vw, 337px\" \/>Seit Sommer 2024 setzt sich unter<a href=\"https:\/\/gerechter-frieden.org\" target=\"_blank\" rel=\"noopener\"> gerechter-frieden.org<\/a> ein breites Netzwerk aus verschiedenen humanit\u00e4ren und Menschenrechtsorganisationen gemeinsam mit lokalen Initiativen und politischen Gruppen die sich f\u00fcr einen gerechten Frieden in Pal\u00e4stina und Israel einsetzen.Dieses B\u00fcndnis l\u00e4dt ein zur<\/p>\n<h2>Kundgebung am Samstag, den 15.02.2025, 15:00 &#8211; 17:00 Uhr auf dem Heumarkt<\/h2>\n<p class=\"aufruf\">Die K\u00f6lner Kundgebung wird veranstaltet von:<\/p>\n<p class=\"aufruf orgas has-theme-palette-9-color has-text-color has-link-color has-medium-font-size wp-elements-0dc8dd1bd268a12be5a6a1c8b2b0c94d\"><a href=\"https:\/\/krisol-wissenschaft.org\/\">Allianz f\u00fcr Kritische und Solidarische Wissenschaft<\/a> \u2022 <a href=\"https:\/\/www.ak-palaestina-bruehl.de\/\">Arbeitskreis Pal\u00e4stina Br\u00fchl-Battir<\/a> \u2022 <a href=\"https:\/\/bip-jetzt.de\/\">B\u00fcndnis f\u00fcr Gerechtigkeit zwischen Israelis und Pal\u00e4stinensern (BIP)<\/a> \u2022 <a href=\"https:\/\/cafepalestinecolonia.wordpress.com\/\">Caf\u00e9 Palestine Colonia<\/a> \u2022 <a href=\"https:\/\/dpg-netz.de\/\">Deutsch-Pal\u00e4stinensische Gesellschaft<\/a> \u2022 <a href=\"https:\/\/nrw.dfg-vk.de\/\">Deutsche Friedensgesellschaft \u2013 Vereinigte KriegsdienstgegnerInnen, NRW<\/a> \u2022 <a href=\"https:\/\/www.didf.de\/\">DIDF \u2013 F\u00f6deration Demokratischer Arbeitervereine<\/a> K\u00f6ln \u2022 <a href=\"https:\/\/www.forumzfd.de\/de\">Forum Ziviler Friedensdienst<\/a> \u2022 <a href=\"https:\/\/infobuero-nicaragua.org\/\">Informationsb\u00fcro Nicaragua<\/a> \u2022 <a href=\"https:\/\/versoehnungsbund.de\">Internationaler Vers\u00f6hnungsbund, Deutscher Zweig<\/a> \u2022 <a href=\"https:\/\/www.ippnw.de\/der-verein\/ippnw-regio.html\">IPPNW, Regionalgruppe K\u00f6ln<\/a> \u2022 <a href=\"https:\/\/www.jugendinterkult.de\/\">JugendInterKult<\/a> \u2022 <a href=\"https:\/\/koelner-friedensforum.org\">K\u00f6lner Friedensforum<\/a> \u2022 <a href=\"https:\/\/www.medico.de\">medico international<\/a> \u2022 <a href=\"https:\/\/www.friedenskooperative.de\">Netzwerk Friedenskooperative<\/a> \u2022 <a href=\"https:\/\/ohne-ruestung-leben.de\/aktuell.html\">Ohne R\u00fcstung Leben<\/a> \u2022 <a href=\"https:\/\/bonn-ramallah.de\">Partnerschaftsverein Bonn-Ramallah<\/a> \u2022 <a href=\"https:\/\/www.paxchristi.de\/\">pax christi, Deutsche Sektion<\/a> \u2022 <a href=\"https:\/\/queeramnesty-koeln.de\/\">Queeramnesty NRW<\/a><\/p>\n<p class=\"aufruf\">Au\u00dferdem rufen auf:<\/p>\n<p class=\"aufruf orgas has-theme-palette-9-color has-text-color has-link-color has-medium-font-size wp-elements-a2b055d1e3316284618b1bb916348f6b\"><a href=\"https:\/\/bielefelder-nahost-initiative.de\">Bielefelder Nahost-Initiative<\/a> \u2022 <a href=\"http:\/\/www.ipk-bonn.de\/\" target=\"_blank\" rel=\"noreferrer noopener\">Bonner Institut f\u00fcr Pal\u00e4stinakunde<\/a> \u2022 <a href=\"https:\/\/soziale-verteidigung.de\/\" target=\"_blank\" rel=\"noreferrer noopener\">Bund f\u00fcr Soziale Verteidigung<\/a> \u2022 <a href=\"https:\/\/www.friedenkoeln.de\/\">Deutsche Friedensgesellschaft \u2013 Vereinigte KriegsdienstgegnerInnen, Gruppe K\u00f6ln<\/a> \u2022 <a href=\"https:\/\/koeln.gew-nrw.de\/\">Gewerkschaft Erziehung und Wissenschaft \u2013 Stadtverband K\u00f6ln<\/a> \u2022 <a href=\"https:\/\/aachen.paxchristi.de\/\">pax christi, Di\u00f6zesanverband Aachen<\/a> \u2022 <a href=\"https:\/\/essen.paxchristi.de\/\">pax christi, Di\u00f6zesanverband Essen<\/a> \u2022 <a href=\"https:\/\/www.koeln.paxchristi.de\/\">pax christi, Di\u00f6zesanverband K\u00f6ln<\/a> \u2022 <a href=\"https:\/\/www.muenster.paxchristi.de\/\">pax christi, Di\u00f6zesanverband M\u00fcnster<\/a> \u2022 <a href=\"https:\/\/www.paxchristi.de\/diozesen\/list?orderby=name#jump22002\">pax christi, Di\u00f6zesanverband Paderborn<\/a> \u2022 <a href=\"https:\/\/friedensritt.de\/\">Reiter und Reiterinnen f\u00fcr den Frieden (Friedensritt)<\/a> \u2022 <a href=\"https:\/\/www.koeln-bethlehem.de\">St\u00e4dtepartnerschaftsverein K\u00f6ln-Bethlehem<\/a> \u2022 <a href=\"https:\/\/dieschwelle.de\/home\" target=\"_blank\" rel=\"noreferrer noopener\">Stiftung <em>die schwelle<\/em> \u2013 Beitr\u00e4ge zum Frieden<\/a> \u2022 <a href=\"https:\/\/wupff.wordpress.com\/\">Wuppertaler Friedensforum<\/a><\/p>\n<p class=\"aufruf has-theme-palette-3-color has-text-color has-link-color wp-elements-d8f791564b2a88052c34e5389c7bf1a5\">Wir freuen uns \u00fcber weitere Organisationen, die die Kundgebung unterst\u00fctzen. Schreibt uns dazu gerne eine Mail an <a href=\"mailto:koeln@gerechter-frieden.org\">koeln@gerechter-frieden.org<\/a> und wir erg\u00e4nzen euch hier in der Liste.<\/p>\n<p class=\"aufruf\">Wenn Ihr zur Mobilisierung beitragen wollt, teilt gerne <a href=\"https:\/\/gerechter-frieden.org\/wp-content\/uploads\/2025\/01\/sharepic2025_1080x1350px_ohneLogo.png\" data-rel=\"lightbox-image-0\" data-rl_title=\"\" data-rl_caption=\"\" title=\"\">dieses Sharepic<\/a> oder nutzt <a href=\"https:\/\/1drv.ms\/f\/c\/67dbf340235c4bb3\/Ep4gC5HLtfdOoFgQihOBUYUBO4vawfGfyvkj8serM4Tz9g\">diese Materialien<\/a> (Sharepics, Flyer, Plakate). Gedruckte Flyer (A5) und Plakate (A2) k\u00f6nnt Ihr euch zuschicken lassen oder beim Forum Ziviler Friedensdienst abholen: <a href=\"https:\/\/www.google.com\/maps\/place\/\/data=!4m2!3m1!1s0x47bf253795c49ccb:0xb21cc26721b9d952?sa=X&amp;ved=1t:8290&amp;ictx=111\" target=\"_blank\" rel=\"noreferrer noopener\">Am K\u00f6lner Brett 8, 50825 K\u00f6ln<\/a> werktags von 09:00 bis 17:00 Uhr; Kontakt: Christoph Bongard (0157 54496540, <a href=\"mailto:bongard@forumzfd.de\" target=\"_blank\" rel=\"noreferrer noopener\">bongard@forumzfd.de<\/a>).<\/p>\n<p class=\"aufruf\">Auf der Kundgebung werden sprechen:<\/p>\n<ul class=\"wp-block-list aufruf has-theme-palette-3-color has-text-color has-link-color wp-elements-5fa4d6bbe6a7bd964f6d405406301aa7\">\n<li><strong>Abed Schokry<\/strong>, Ingenieur aus Gaza<\/li>\n<li><strong>Alexander Mauz<\/strong>, Vorstandsvorsitzender, Forum Ziviler Friedensdienst<\/li>\n<li><strong>Amal Ghawi &amp; Itamar Avneri<\/strong>, Standing Together (Videobotschaft aus Israel)<\/li>\n<li><strong>Bassel Makhouly<\/strong>, Partnerschaftsverein Bonn-Ramallah<\/li>\n<li><strong>Jules El-Khatib<\/strong>, Pal\u00e4stinensische Gemeinde K\u00f6ln<\/li>\n<li><strong>Michael Barenboim<\/strong>, Musikprofessor und Konzertmeister des West-Eastern Divan Orchestra (Videobotschaft)<\/li>\n<li><strong>Mithu Sanyal<\/strong>, Kulturwissenschaftlerin, Journalistin, Autorin<\/li>\n<li><strong>Zeynap Karaosman &amp; N.N.<\/strong>, Palestinians and Jews for Peace<\/li>\n<li><strong>Ninon Colneric<\/strong>, Juraprofessorin und ehemalige Richterin am EuGH<\/li>\n<li><strong>Rudolf Rogg<\/strong>, pax\u00a0christi; Netzwerk des Begleitprogramms des Weltkirchenrats (EAPPI) im Westjordanland<\/li>\n<\/ul>\n<p class=\"aufruf margin-above no-margin-below has-theme-palette-3-color has-text-color has-link-color wp-elements-8bab0b9eee99125b391a9f8247809558\">und musizieren:<\/p>\n<ul class=\"wp-block-list aufruf has-theme-palette-3-color has-text-color has-link-color wp-elements-00703cf2411f8a1e2bc8205917c1586d\">\n<li><strong>Aeham Ahmad<\/strong><\/li>\n<\/ul>\n<p>Weitere Infos auch hier: <a href=\"https:\/\/gerechter-frieden.org\/kundgebung-koeln-15-02-25\/\" target=\"_blank\" rel=\"noopener\">https:\/\/gerechter-frieden.org\/kundgebung-koeln-15-02-25\/<\/a><\/p>\n<hr \/>\n<p>Aufruftext (wie oben im verlinkten Dokument, hier erg\u00e4nzt am 16.2.2025 &#8211; d. Red.):<\/p>\n<p>F\u00dcR EINEN GERECHTEN FRIEDEN IN PAL\u00c4STINA UND ISRAEL<br \/>\nDas T\u00f6ten endlich beenden, Waffenexporte stoppen!<\/p>\n<p>Es gibt keinen sicheren Ort im gesamten Gazastreifen. Bereits vor einem Jahr hat der Internationale Gerichtshof ein \u201ereales und unmittelbares Risiko\u201c eines drohenden Genozids festgestellt. Seitdem hat sich die Situation im Gazastreifen kontinuierlich weiter verschlechtert. Die unverh\u00e4ltnism\u00e4\u00dfige milit\u00e4rische Gewalt, die wiederholten Massenvertreibungen, die systematische Zerst\u00f6rung von ziviler Infrastruktur und das bewusste v\u00f6lkerrechtswidrige Vorenthalten von humanit\u00e4rer Hilfe, von Nahrungsmitteln, sauberem Trinkwasser und medizinischer Versorgung durch Israel bedrohen das Leben Hunderttausender. Nord-Gaza ist in weiten Teilen zerst\u00f6rt; das Ausma\u00df an Tod, Verletzungen und ethnischer S\u00e4uberung ist zutiefst schockierend. Im Westjordanland sind die Menschen schutzlos der Gewalt von Armee und Siedler:innen ausgesetzt. Im Libanon haben Kriegshandlungen zur Zerst\u00f6rung ganzer D\u00f6rfer gef\u00fchrt.<\/p>\n<p>Wir erleben eine ersch\u00fctternde Eskalation an Gewalt, Leid und Rechtlosigkeit. Im aktuellen Krieg sind seit dem 7. Oktober 2023 bereits \u00fcber 45.000 Menschen in Gaza, \u00fcber 800 im Westjordanland und \u00fcber 1.200 Menschen in Israel get\u00f6tet worden. Viele tausend Menschen sind in Israel willk\u00fcrlich inhaftiert, und etwa 100 Geiseln befinden sich noch immer in Gaza. Mindestens 109.000 Pal\u00e4stinenser:innen wurden verwundet und Zehntausende werden vermisst. Nahezu die gesamte Bev\u00f6lkerung Gazas, 1,9 der 2,1 Millionen Bewohner:innen, wurde bereits mehrfach innerhalb ihres Landes vertrieben. Etwa 100.000 Israelis sind seit Oktober 2023 evakuiert. Im Libanon mussten \u00fcber 880.000 Menschen vor Angriffen und Zerst\u00f6rung fliehen, \u00fcber 3.800 wurden get\u00f6tet und \u00fcber 15.000 wurden verwundet. Auch in Syrien ist die Bev\u00f6lkerung der v\u00f6lkerrechtswidrigen Bombardierung und Besetzung durch die israelische Armee ausgesetzt.<\/p>\n<p>Zu all dem wollen und k\u00f6nnen wir nicht schweigen. Wir verurteilen alle Kriegsverbrechen in diesem Krieg und alle Verbrechen gegen die Menschlichkeit, sowohl die der israelischen Regierung als auch die der Hamas und anderer bewaffneter Gruppen. Wir trauern um alle Opfer der Gewalt in Pal\u00e4stina, im Libanon und in Israel. Wir bangen um die Tausenden, die in Israel ohne rechtsstaatliches Verfahren in Haft und oft Folter und Misshandlung ausgesetzt sind. Wir bangen um diejenigen, die als Geiseln nach Gaza verschleppt wurden. Wir solidarisieren uns mit allen, die sich f\u00fcr Frieden und gleiche Rechte f\u00fcr alle Menschen in der Region einsetzen.<\/p>\n<p>W\u00e4hrend die deutsche Regierung zu Recht die Kriegsverbrechen der Hamas verurteilt, benennt sie die Kriegsverbrechen der israelischen Regierung und Armee noch immer nicht als solche. Sie f\u00fcgt der universellen G\u00fcltigkeit von humanit\u00e4rem Recht schweren Schaden zu, indem sie den Schutzstatus ziviler Einrichtungen in Gaza relativiert sowie Gutachten und Entscheidungen der h\u00f6chsten Gerichte weltweit ignoriert. Mit ihrer einseitigen Solidarit\u00e4t, der Parteinahme vor internationalen Gerichten sowie erneuten umfangreichen R\u00fcstungsexportgenehmigungen unterst\u00fctzt die Bundesregierung die rechtswidrigen Handlungen der israelischen Regierung.<\/p>\n<p>In Deutschland erleben wir im Kontext der Pal\u00e4stina-Solidarit\u00e4t Polizeigewalt sowie massive Eingriffe in die Meinungs- und Versammlungsfreiheit. Die Antisemitismus-Resolution des Bundestags, die im November 2024 gegen den breiten Widerstand der deutschen und israelischen Zivilgesellschaft verabschiedet wurde, hat dieses Problem noch einmal versch\u00e4rft. Wir stellen uns klar gegen die Kriminalisierung von legitimen Protesten und tragen unsere Kritik am Krieg in Gaza und an der Rolle der deutschen Regierung auch selbst auf die Stra\u00dfe.<\/p>\n<p>Wir gehen auf die Stra\u00dfe, um deutlich zu machen: Eine Staatsr\u00e4son, die bei den Menschenrechten und dem V\u00f6lkerrecht doppelte Standards anlegt, n\u00fctzt niemandem und tr\u00e4gt \u2013 den wiederholt vorgetragenen politischen Erkl\u00e4rungen zum Trotz \u2013 auch nicht zur Sicherheit der israelischen Bev\u00f6lkerung bei. Menschenrechte und V\u00f6lkerrecht gelten f\u00fcr alle. Menschenleben d\u00fcrfen nicht mit zweierlei Ma\u00df gemessen werden: Jedes Leben ist gleich kostbar.<\/p>\n<p>Wir fordern von der aktuellen wie auch der zuk\u00fcnftigen Bundesregierung:<\/p>\n<ul>\n<li>Stellen Sie sich endlich hinter geltendes internationales Recht und sch\u00fctzen Sie die leidende Zivilbev\u00f6lkerung: Bestehen Sie ohne Wenn und Aber auf einem sofortigen und umfassenden Waffenstillstand und tragen Sie dazu bei, dass die Forderung des Internationalen Gerichtshofs nach Schutz und Versorgung der Zivilbev\u00f6lkerung in Gaza endlich durchgesetzt wird.<\/li>\n<li>Liefern Sie keine R\u00fcstungsg\u00fcter an Israel, solange das Risiko besteht, dass sie v\u00f6lkerrechtswidrig eingesetzt werden.<\/li>\n<li>Setzen Sie sich f\u00fcr die Freilassung aller in Pal\u00e4stina und Israel zu unrecht festgehaltenen Menschen ein.<\/li>\n<li>H\u00f6ren Sie die Forderungen der pal\u00e4stinensischen und israelischen Zivilgesellschaft, die sich f\u00fcr einen gerechten Frieden engagiert, und unterst\u00fctzen Sie deren ohnehin herausfordernde Arbeit aktiv, anstatt sie zu behindern.<\/li>\n<li>Unterst\u00fctzen Sie die internationale Gerichtsbarkeit ohne Einschr\u00e4nkungen, setzen Sie ihre Entscheidungen vollst\u00e4ndig um und tragen Sie dazu bei, die jahrzehntelange Straflosigkeit zu beenden.<\/li>\n<li>Beachten Sie das Gutachten des Internationalen Gerichtshofs vom 19. Juli 2024 und die zugeh\u00f6rige Resolution der UN-Generalversammlung und dr\u00e4ngen Sie auf ein unverz\u00fcgliches Ende der illegalen Besatzung, des v\u00f6lkerrechtswidrigen Siedlungsbaus und der Vertreibung der pal\u00e4stinensischen Bev\u00f6lkerung im Westjordanland, einschlie\u00dflich Ostjerusalem.<\/li>\n<li>Erkennen Sie das Recht der Pal\u00e4stinenser:innen auf kollektive Selbstbestimmung vorbehaltlos an und treten Sie konsequent f\u00fcr dessen Verwirklichung ein.<\/li>\n<li>Sch\u00fctzen und verteidigen Sie die Meinungs- und Versammlungsfreiheit in Deutschland, anstatt sie zu untergraben.<\/li>\n<\/ul>\n<p>Wir wollen mit der Veranstaltung einen Raum f\u00fcr friedlichen Protest schaffen, der frei ist von Diskriminierung und Gewalt. Rassistische, anti-pal\u00e4stinensische und\/oder antisemitische \u00c4u\u00dferungen oder Handlungen akzeptieren wir nicht.<\/p>\n<p>Wir freuen uns, wenn auch in und von politischen Parteien f\u00fcr die Kundgebung und unsere Forderungen geworben wird. Als parteiunabh\u00e4ngiges Netzwerk m\u00f6chten wir euch aber bitten, Parteifahnen zu Hause zu lassen. Insbesondere mit Blick auf die bevorstehende Bundestagswahl w\u00fcnschen wir uns, dass der gegenw\u00e4rtige Wahlkampf nicht das Bild unserer Kundgebung pr\u00e4gt. F\u00fcr viele der veranstaltenden Organisationen ist in ihrer t\u00e4glichen Arbeit \u2013 hier wie vor Ort \u2013 Unabh\u00e4ngigkeit wichtig.<\/p>\n","protected":false},"excerpt":{"rendered":"<p>Seit Sommer 2024 setzt sich unter gerechter-frieden.org ein breites Netzwerk aus verschiedenen humanit\u00e4ren und Menschenrechtsorganisationen gemeinsam mit lokalen Initiativen und politischen Gruppen die sich f\u00fcr einen gerechten Frieden in Pal\u00e4stina und Israel einsetzen.Dieses B\u00fcndnis&#46;&#46;&#46;<\/p>\n","protected":false},"author":109,"featured_media":18967,"comment_status":"open","ping_status":"open","sticky":false,"template":"","format":"standard","meta":{"footnotes":""},"categories":[104,116],"tags":[66],"class_list":["post-18963","post","type-post","status-publish","format-standard","has-post-thumbnail","hentry","category-ankuendigung","category-aufruf","tag-israel-palaestina"],"_links":{"self":[{"href":"https:\/\/www.friedenkoeln.de\/index.php?rest_route=\/wp\/v2\/posts\/18963","targetHints":{"allow":["GET"]}}],"collection":[{"href":"https:\/\/www.friedenkoeln.de\/index.php?rest_route=\/wp\/v2\/posts"}],"about":[{"href":"https:\/\/www.friedenkoeln.de\/index.php?rest_route=\/wp\/v2\/types\/post"}],"author":[{"embeddable":true,"href":"https:\/\/www.friedenkoeln.de\/index.php?rest_route=\/wp\/v2\/users\/109"}],"replies":[{"embeddable":true,"href":"https:\/\/www.friedenkoeln.de\/index.php?rest_route=%2Fwp%2Fv2%2Fcomments&post=18963"}],"version-history":[{"count":6,"href":"https:\/\/www.friedenkoeln.de\/index.php?rest_route=\/wp\/v2\/posts\/18963\/revisions"}],"predecessor-version":[{"id":18971,"href":"https:\/\/www.friedenkoeln.de\/index.php?rest_route=\/wp\/v2\/posts\/18963\/revisions\/18971"}],"wp:featuredmedia":[{"embeddable":true,"href":"https:\/\/www.friedenkoeln.de\/index.php?rest_route=\/wp\/v2\/media\/18967"}],"wp:attachment":[{"href":"https:\/\/www.friedenkoeln.de\/index.php?rest_route=%2Fwp%2Fv2%2Fmedia&parent=18963"}],"wp:term":[{"taxonomy":"category","embeddable":true,"href":"https:\/\/www.friedenkoeln.de\/index.php?rest_route=%2Fwp%2Fv2%2Fcategories&post=18963"},{"taxonomy":"post_tag","embeddable":true,"href":"https:\/\/www.friedenkoeln.de\/index.php?rest_route=%2Fwp%2Fv2%2Ftags&post=18963"}],"curies":[{"name":"wp","href":"https:\/\/api.w.org\/{rel}","templated":true}]}}