{"id":18981,"date":"2025-02-22T07:00:53","date_gmt":"2025-02-22T06:00:53","guid":{"rendered":"https:\/\/www.friedenkoeln.de\/?p=18981"},"modified":"2025-04-11T16:11:30","modified_gmt":"2025-04-11T14:11:30","slug":"trauer-um-unser-mitglied-rolf-noack","status":"publish","type":"post","link":"https:\/\/www.friedenkoeln.de\/?p=18981","title":{"rendered":"Trauer um unser Mitglied Rolf Noack"},"content":{"rendered":"<p>Am 11.2.2025 ist Rolf Noack kurz vor seinem 82. Geburtstag im Krankenhaus verstorben.<\/p>\n<p>Wir sind sehr traurig.<\/p>\n<p>Rolf hinterl\u00e4sst eine gro\u00dfe L\u00fccke im K\u00f6lner Friedensforum und in der Deutschen Friedensgesellschaft \u2013 Vereinigte KriegsdienstgegnerInnen (DFG-VK), Gruppe K\u00f6ln.<\/p>\n<p>Wir haben einen freundlichen, verl\u00e4sslichen, klugen, gebildeten und klarsichtigen Mitstreiter und Freund in unserem Engagement f\u00fcr Frieden, gegen Militarismus, Nationalismus, Wettr\u00fcsten und Krieg und f\u00fcr unsere Arbeit an der Beseitigung von Kriegsursachen verloren.<\/p>\n<p>Rolf, zun\u00e4chst Mitglied der \u201eGr\u00fcnen\u201c, war vor allem in der Gruppe \u201ePax an\u201c aktiv, die f\u00fcr aufsehenerregende und mutige Aktionen gegen Milit\u00e4r und Krieg und f\u00fcr friedliche L\u00f6sungen stand. Wie f\u00fcr viele aufrecht pazifistisch gesinnte Mitglieder der Gr\u00fcnen war f\u00fcr Rolf die Beteiligung der deutschen Bundeswehr am v\u00f6lkerrechtswidrigen Angriffskrieg auf die Volksrepublik Jugoslawien mit Zustimmung der an der damaligen rot-gr\u00fcnen Bundesregierung Schr\u00f6der-Fischer beteiligten \u201eGr\u00fcnen\u201c-Bundestagsfraktion ein desillusionierender Einschnitt, der ihn zum Austritt aus dieser Partei veranlasste.<\/p>\n<p>Als die Gruppe \u201ePax An\u201c aufgrund interner Uneinigkeit auseinanderbrach, war auch dies f\u00fcr Rolf kein Grund, resigniert aufzugeben. Er schloss sich zusammen mit einigen MitstreiterInnen der Aktionsgruppe \u201eBundeswehr wegtreten\u201c an und hatte als Apotheker viel Spa\u00df mit der Erfindung eines \u201eAnti-Militarin\u201c-Medikaments, mit Beipackzettel: \u201eWirksam gegen schwere Formen des Militarismus und der Kriegsbegeisterung. Hervorgerufen wird die Krankheit in der BRD durch den \u201eVirus militaris var. Teutonicus\u201c.&#8220;<\/p>\n<div id=\"attachment_18990\" style=\"width: 383px\" class=\"wp-caption alignright\"><img loading=\"lazy\" decoding=\"async\" aria-describedby=\"caption-attachment-18990\" class=\"wp-image-18990\" src=\"https:\/\/www.friedenkoeln.de\/wp-content\/uploads\/2025\/02\/Rolf-Noack-Gedenken_foto.001-e1740162663395.png\" alt=\"Portr\u00e4t eines verschmitzt fr\u00f6hlich blickenden Mannes mit sch\u00fctteren wei\u00dfen Haaren, wei\u00dfem Vollbart und Brille.\" width=\"373\" height=\"495\" srcset=\"https:\/\/www.friedenkoeln.de\/wp-content\/uploads\/2025\/02\/Rolf-Noack-Gedenken_foto.001-e1740162663395.png 780w, https:\/\/www.friedenkoeln.de\/wp-content\/uploads\/2025\/02\/Rolf-Noack-Gedenken_foto.001-e1740162663395-151x200.png 151w, https:\/\/www.friedenkoeln.de\/wp-content\/uploads\/2025\/02\/Rolf-Noack-Gedenken_foto.001-e1740162663395-768x1018.png 768w\" sizes=\"auto, (max-width: 373px) 100vw, 373px\" \/><p id=\"caption-attachment-18990\" class=\"wp-caption-text\">Rolf Noack, K\u00f6ln (gest. 11.2.2025)<\/p><\/div>\n<p>Nach Aufl\u00f6sung dieser Satire-Gruppe trat Rolf der DFG-VK bei und arbeitete hier aktiv, konstruktiv und kontinuierlich mit, ebenso im K\u00f6lner Friedensforum, in dessen F\u00f6rderverein er bis kurz vor seinem Tod langj\u00e4hrig die ungeliebte, aber unumg\u00e4nglich n\u00f6tige Funktion des Kassierers ausf\u00fcllte.<\/p>\n<p>&nbsp;<\/p>\n<p>Aber nicht nur aufgrund seiner wichtigen inhaltlichen und praktisch-organisatorischen Beitr\u00e4ge und Beteiligung an gemeinsamen Aktionen und Aktivit\u00e4ten, sondern auch aufgrund seiner gro\u00dfen Beliebtheit in der Gruppe haben wir alle einen gro\u00dfen Verlust erlitten.<\/p>\n<p>&nbsp;<\/p>\n<p>Du fehlst uns, lieber Rolf!<\/p>\n<p>Es tr\u00f6stet uns, dass Dir ein langer Weg des Siechtums und Leidens erspart geblieben ist.<\/p>\n<p>Wir sind auch sehr froh, dass ein Fotobuch mit von Rolf gestalteten tollen Bannern und Plakaten geblieben ist.<br \/>\nUnser Mitgef\u00fchl gilt Rolfs Ehefrau Zita, seiner Tochter Natalie und allen weiteren Angeh\u00f6rigen.<\/p>\n<p>Wir werden uns stets gerne an Rolf und die Zeit mit ihm erinnern und ihm ein ehrendes Angedenken bewahren.<\/p>\n<p>Harald Fuchs, f\u00fcr die DFG-VK, Gruppe K\u00f6ln<\/p>\n<p>&nbsp;<\/p>\n<p><img \/><img \/><\/p>\n<p>&nbsp;<\/p>\n","protected":false},"excerpt":{"rendered":"<p>Am 11.2.2025 ist Rolf Noack kurz vor seinem 82. Geburtstag im Krankenhaus verstorben. Wir sind sehr traurig. Rolf hinterl\u00e4sst eine gro\u00dfe L\u00fccke im K\u00f6lner Friedensforum und in der Deutschen Friedensgesellschaft \u2013 Vereinigte KriegsdienstgegnerInnen (DFG-VK),&#46;&#46;&#46;<\/p>\n","protected":false},"author":110,"featured_media":18990,"comment_status":"open","ping_status":"open","sticky":false,"template":"","format":"standard","meta":{"footnotes":""},"categories":[102,227],"tags":[114,9,3],"class_list":["post-18981","post","type-post","status-publish","format-standard","has-post-thumbnail","hentry","category-in-eigener-sache","category-nachruf","tag-antimilitarismus","tag-frieden-und-kunst","tag-pazifismus"],"_links":{"self":[{"href":"https:\/\/www.friedenkoeln.de\/index.php?rest_route=\/wp\/v2\/posts\/18981","targetHints":{"allow":["GET"]}}],"collection":[{"href":"https:\/\/www.friedenkoeln.de\/index.php?rest_route=\/wp\/v2\/posts"}],"about":[{"href":"https:\/\/www.friedenkoeln.de\/index.php?rest_route=\/wp\/v2\/types\/post"}],"author":[{"embeddable":true,"href":"https:\/\/www.friedenkoeln.de\/index.php?rest_route=\/wp\/v2\/users\/110"}],"replies":[{"embeddable":true,"href":"https:\/\/www.friedenkoeln.de\/index.php?rest_route=%2Fwp%2Fv2%2Fcomments&post=18981"}],"version-history":[{"count":5,"href":"https:\/\/www.friedenkoeln.de\/index.php?rest_route=\/wp\/v2\/posts\/18981\/revisions"}],"predecessor-version":[{"id":18992,"href":"https:\/\/www.friedenkoeln.de\/index.php?rest_route=\/wp\/v2\/posts\/18981\/revisions\/18992"}],"wp:featuredmedia":[{"embeddable":true,"href":"https:\/\/www.friedenkoeln.de\/index.php?rest_route=\/wp\/v2\/media\/18990"}],"wp:attachment":[{"href":"https:\/\/www.friedenkoeln.de\/index.php?rest_route=%2Fwp%2Fv2%2Fmedia&parent=18981"}],"wp:term":[{"taxonomy":"category","embeddable":true,"href":"https:\/\/www.friedenkoeln.de\/index.php?rest_route=%2Fwp%2Fv2%2Fcategories&post=18981"},{"taxonomy":"post_tag","embeddable":true,"href":"https:\/\/www.friedenkoeln.de\/index.php?rest_route=%2Fwp%2Fv2%2Ftags&post=18981"}],"curies":[{"name":"wp","href":"https:\/\/api.w.org\/{rel}","templated":true}]}}