{"id":19002,"date":"2025-03-05T12:05:24","date_gmt":"2025-03-05T11:05:24","guid":{"rendered":"https:\/\/www.friedenkoeln.de\/?p=19002"},"modified":"2025-03-05T12:05:24","modified_gmt":"2025-03-05T11:05:24","slug":"mitmachen-am-7-3-2025-video-uebertragung-der-staatenkonferenz-zum-atomwaffenverbotsvertrag-der-uno","status":"publish","type":"post","link":"https:\/\/www.friedenkoeln.de\/?p=19002","title":{"rendered":"Mitmachen: am 7.3.2025 Video-\u00dcbertragung der Staatenkonferenz zum Atomwaffenverbotsvertrag der UNO"},"content":{"rendered":"<p><em>Wir laden ein:<\/em><\/p>\n<hr \/>\n<p style=\"text-align: center;\"><strong>\u00dcbertragung der Staatenkonferenz zum Atomwaffenverbotsvertrag der UNO<\/strong><\/p>\n<p style=\"text-align: center;\"><strong>am Freitag, 7. M\u00e4rz 2025,\u00a016:30\u201318:30 Uhr, K\u00f6ln Hauptbahnhofsvorplatz<\/strong><\/p>\n<p style=\"text-align: left;\">Die gute Nachricht: Wir feiern 4 Jahre UN-Atomwaffenverbotsvertrag<\/p>\n<p>Die schlechte Nachricht: Leider ohne Deutschland<\/p>\n<p>122 Staaten haben den Atomwaffenverbotsvertrag beschlossen, davon haben ihn zum jetzigen Zeitpunkt bereits 73 Staaten ratifiziert, aber: Die NATO-L\u00e4nder und Atomwaffenstaaten haben nicht unterschrieben.<\/p>\n<p>Unsere Forderungen:<\/p>\n<ul>\n<li><strong>Die deutsche Regierung muss den AVV auch unterschreiben!<\/strong><\/li>\n<li><strong>Bis dahin muss Deutschland weiterhin AVV-Beobachter bei der UNO bleiben!<\/strong><\/li>\n<\/ul>\n<p>Schon 4 Jahre Atomwaffenverbotsvertrag (AVV) und die Friedensbewegung engagiert sich da bei, die \u00c4chtung von Atomwaffen voranzutreiben. Deswegen sind Informationen \u00fcber die Gefahren und Folgen von Kernwaffen weiterhin notwendig, wozu das K\u00f6lner Friedensforum mit diesem Schwerpunkt beitragen m\u00f6chte.<\/p>\n<p>Das Risiko eines versehentlich begonnenen Atomkriegs steigt insbesondere, wenn keine zwischenstaatlichen R\u00fcstungskontrollabkommen mehr existieren. Selbst konventionell bewaffnete US-Mittelstreckenwaffen wie die Raketen und Marschflugk\u00f6rper, die ab 2026 in Deutschland stationiert werden sollen, k\u00f6nnen dann zu einem Atomkrieg f\u00fchren. Es muss aber nicht so schlimm kommen. Staaten wie Deutschland k\u00f6nnten diesem Vertrag einfach beitreten und so ihren Teil zu einer Welt ohne Kernwaffen beitragen.<\/p>\n<p>Seit 2021 ist der UN-Atomwaffenverbotsvertrag (AVV) in Kraft. Eine Abr\u00fcstungsverpflichtung er gibt sich bereits f\u00fcr die Vertragsstaaten aus dem Vertrag \u00fcber die Nichtverbreitung von Kernwaffen (NPT) von 1968.<\/p>\n<p>Mit der hartn\u00e4ckigen Mobilisierung hat ICAN (Internationale Kampagne zur Abschaffung von Atomwaffen) vor allem die Nicht-Atomwaffenstaaten angesprochen, die von den Folgen eines atomaren Krieges besonders betroffen w\u00e4ren. Deren Ablehnung und \u00c4chtung von Atomwaffen soll Druck auf die Atomwaffenstaaten aus\u00fcben, damit diese endlich mit der atomaren Abr\u00fcstung beginnen! Der Fliegerhorst B\u00fcchel (80 km von K\u00f6ln entfernt), in dem US-Atombomben f\u00fcr die \u201enukleare Teilhabe\u201c gelagert werden, wird deswegen immer wieder zum Ort des Protests der Friedens- und Antikriegsbewegung.<\/p>\n<p><img loading=\"lazy\" decoding=\"async\" class=\"alignright wp-image-19006\" src=\"https:\/\/www.friedenkoeln.de\/wp-content\/uploads\/2025\/03\/Flyer-AVV_20250307_Koeln.jpg\" alt=\"Flyer UN-Staatenkonferenz zum Atomwaffenverbotsvertrag, \u00dcbertragung am 7.3.2025 in K\u00f6ln\" width=\"438\" height=\"372\" srcset=\"https:\/\/www.friedenkoeln.de\/wp-content\/uploads\/2025\/03\/Flyer-AVV_20250307_Koeln.jpg 1252w, https:\/\/www.friedenkoeln.de\/wp-content\/uploads\/2025\/03\/Flyer-AVV_20250307_Koeln-200x170.jpg 200w, https:\/\/www.friedenkoeln.de\/wp-content\/uploads\/2025\/03\/Flyer-AVV_20250307_Koeln-768x653.jpg 768w\" sizes=\"auto, (max-width: 438px) 100vw, 438px\" \/><\/p>\n<p>Der AVV verbietet Staaten, Atomwaffen zu testen, zu entwickeln, zu produzieren und zu besitzen. Au\u00dferdem sind die Weitergabe, die Lagerung und der Einsatz sowie die Drohung des Einsatzes verboten.<\/p>\n<p>Der Vertrag verbietet auch, solche Aktivit\u00e4ten zu unterst\u00fctzen, zu f\u00f6rdern oder einen anderen Staat dazu zu bewegen. Den 73 Vertragsstaaten ist die Stationierung von Atomwaffen auf eigenem Boden verboten.<\/p>\n<p>Der AVV regelt zudem internationale Kontrollen und Verfahren f\u00fcr die Abschaffung der existierenden Atomwaffen.<\/p>\n<p>Im Juni 2022 fand die erste Konferenz der Vertragsstaaten in Wien und im Dezember 2023 die Zweite in New York statt. Die dritte Staatenkonferenz (Meeting StatesParty, 3MSP) findet vom 3. bis 7. M\u00e4rz 2025 in New York statt.<\/p>\n<p>Wir begl\u00fcckw\u00fcnschen ICAN f\u00fcr diese Initiative und feiern das (zwar langsame) aber stetige Mehrwerden an Staaten, die den AVV unterzeichnen und sich damit gegen Atomwaffen in jeder Art verpflichten.<\/p>\n<p>Wir gratulieren der japanischen Organisation Nihon Hidankyo (\u00dcberlebende der Atombombenabw\u00fcrfe 1945 in Japan) zum Friedensnobelpreis 2024! Dieses Jahr begehen wir den 80sten Jahrestag des Atombombenabw\u00fcrfe \u00fcber Hiroshima und Nagasaki.<\/p>\n<p><em>Initiiert von: K\u00f6lner Friedensforum, Friedens-Ini S\u00fclz-Klettenberg, Atomwaffen abschaffen, AK Zivilklausel Uni K\u00f6ln, DFG VK K\u00f6ln, ICAN K\u00f6ln, Friedensbildungwerk K\u00f6ln, IPPNW K\u00f6ln, Greenpeace K\u00f6ln<\/em><\/p>\n<p><a href=\"https:\/\/www.friedenkoeln.de\/wp-content\/uploads\/2025\/03\/Flyer-AVV_20250307.pdf\">Flyer zum Download<\/a><\/p>\n","protected":false},"excerpt":{"rendered":"<p>Wir laden ein: \u00dcbertragung der Staatenkonferenz zum Atomwaffenverbotsvertrag der UNO am Freitag, 7. M\u00e4rz 2025,\u00a016:30\u201318:30 Uhr, K\u00f6ln Hauptbahnhofsvorplatz Die gute Nachricht: Wir feiern 4 Jahre UN-Atomwaffenverbotsvertrag Die schlechte Nachricht: Leider ohne Deutschland 122 Staaten&#46;&#46;&#46;<\/p>\n","protected":false},"author":110,"featured_media":19006,"comment_status":"open","ping_status":"open","sticky":false,"template":"","format":"standard","meta":{"footnotes":""},"categories":[104],"tags":[120,33,112,91],"class_list":["post-19002","post","type-post","status-publish","format-standard","has-post-thumbnail","hentry","category-ankuendigung","tag-abschreckung","tag-atomwaffen","tag-atomwaffenverbotsvertrag","tag-voelkerrecht"],"_links":{"self":[{"href":"https:\/\/www.friedenkoeln.de\/index.php?rest_route=\/wp\/v2\/posts\/19002","targetHints":{"allow":["GET"]}}],"collection":[{"href":"https:\/\/www.friedenkoeln.de\/index.php?rest_route=\/wp\/v2\/posts"}],"about":[{"href":"https:\/\/www.friedenkoeln.de\/index.php?rest_route=\/wp\/v2\/types\/post"}],"author":[{"embeddable":true,"href":"https:\/\/www.friedenkoeln.de\/index.php?rest_route=\/wp\/v2\/users\/110"}],"replies":[{"embeddable":true,"href":"https:\/\/www.friedenkoeln.de\/index.php?rest_route=%2Fwp%2Fv2%2Fcomments&post=19002"}],"version-history":[{"count":4,"href":"https:\/\/www.friedenkoeln.de\/index.php?rest_route=\/wp\/v2\/posts\/19002\/revisions"}],"predecessor-version":[{"id":19008,"href":"https:\/\/www.friedenkoeln.de\/index.php?rest_route=\/wp\/v2\/posts\/19002\/revisions\/19008"}],"wp:featuredmedia":[{"embeddable":true,"href":"https:\/\/www.friedenkoeln.de\/index.php?rest_route=\/wp\/v2\/media\/19006"}],"wp:attachment":[{"href":"https:\/\/www.friedenkoeln.de\/index.php?rest_route=%2Fwp%2Fv2%2Fmedia&parent=19002"}],"wp:term":[{"taxonomy":"category","embeddable":true,"href":"https:\/\/www.friedenkoeln.de\/index.php?rest_route=%2Fwp%2Fv2%2Fcategories&post=19002"},{"taxonomy":"post_tag","embeddable":true,"href":"https:\/\/www.friedenkoeln.de\/index.php?rest_route=%2Fwp%2Fv2%2Ftags&post=19002"}],"curies":[{"name":"wp","href":"https:\/\/api.w.org\/{rel}","templated":true}]}}