{"id":19010,"date":"2025-03-07T20:49:28","date_gmt":"2025-03-07T19:49:28","guid":{"rendered":"https:\/\/www.friedenkoeln.de\/?p=19010"},"modified":"2025-03-11T09:06:24","modified_gmt":"2025-03-11T08:06:24","slug":"offener-brief-an-serap-gueler-stimmen-sie-dem-irrsinn-nicht-zu","status":"publish","type":"post","link":"https:\/\/www.friedenkoeln.de\/?p=19010","title":{"rendered":"Offener Brief an Serap G\u00fcler: &#8222;Stimmen Sie dem Irrsinn nicht zu!&#8220;"},"content":{"rendered":"<p>Dr. Ren\u00e9 R\u00f6derstein, Mitglied der DFG<img loading=\"lazy\" decoding=\"async\" class=\" wp-image-19012 alignright\" src=\"https:\/\/www.friedenkoeln.de\/wp-content\/uploads\/2025\/03\/open-letter-1566551_1280.jpg\" alt=\"\" width=\"463\" height=\"347\" srcset=\"https:\/\/www.friedenkoeln.de\/wp-content\/uploads\/2025\/03\/open-letter-1566551_1280.jpg 1280w, https:\/\/www.friedenkoeln.de\/wp-content\/uploads\/2025\/03\/open-letter-1566551_1280-200x150.jpg 200w, https:\/\/www.friedenkoeln.de\/wp-content\/uploads\/2025\/03\/open-letter-1566551_1280-768x576.jpg 768w\" sizes=\"auto, (max-width: 463px) 100vw, 463px\" \/>-VK-Gruppe K\u00f6ln hat den folgenden offenen Brief an Serap G\u00fcler, &#8222;seine&#8220; CDU-Abgeordnete geschickt:<\/p>\n<p>Sehr geehrte Frau G\u00fcler,<\/p>\n<p>einige Wochen haben Sie mich von Plakaten im Porzer Raum angel\u00e4chelt und daf\u00fcr geworben, beide Stimmen Ihnen und der CDU zu geben.<\/p>\n<p>Nun erlebe ich, dass die &#8222;christliche&#8220; und &#8222;demokratische&#8220; Union alles daf\u00fcr tut, Deutschland zu ruinieren und in einen Krieg zu treiben. 1Billionen\u20ac(!) neue Schulden sollen aufgenommen werden, alleine die zus\u00e4tzlichen, j\u00e4hrlichen Zinsen daf\u00fcr sind h\u00f6her, als der Etat f\u00fcr Bildung und Forschung oder f\u00fcr Gesundheit. Wahlversprechen zur Schuldenbremse: egal. Man wird sogar mit Erkl\u00e4rungen (weil Trump und Zelensky&#8230;), die kindlicher nicht sein k\u00f6nnten, f\u00fcr dumm verkauft.<\/p>\n<p>Apropos: w\u00e4hrend Zelensky bereit ist zu verhandeln und die USA und Russland den Ukrainekrieg vermutlich beenden werden, tut die Union alles, um diesen Krieg, den die Ukraine verloren hat, am Laufen zu halten, noch mehr Tote zu produzieren und die Kriegsgefahr f\u00fcr Deutschland zu erh\u00f6hen. Welcher Wahn treibt die Union da an? Welches Endszenario f\u00fcr den Krieg gibt es denn? Unsere Krankenh\u00e4user, unsere Schulen, unsere Infrastruktur, die Zukunft unserer Kinder f\u00fcr die fixe Idee, die &#8222;Ukraine muss siegen&#8220;?<\/p>\n<p>Und wie soll das alles durchgepr\u00fcgelt werden? Ganz &#8222;demokratisch&#8220; mit dem alten Bundestag, der l\u00e4ngst abgew\u00e4hlt ist. Mit der Ampel, die der W\u00e4hler nicht mehr wollte, mit der FDP, die garnicht mehr im neuen Bundestag sitzt. Mehr Verachtung f\u00fcr Demokratie, f\u00fcr unser Grundgesetz und den W\u00e4hlerwillen kann man kaum ausdr\u00fccken.<\/p>\n<p>Liebe Frau G\u00fcler, was die Union plant ist verachtenswert. Der eingeschlagende Weg f\u00fchrt in den Ruin. Wenn man nur noch Geisterfahrer sieht (Russland b\u00f6se, USA b\u00f6se, Orban b\u00f6se, China sowieso), ist man vermutlich selbst der Geisterfahrer. Es gibt die Chance, den Ukrainekrieg zu beenden und mehr noch: eine neue Sicherheitsarchitektur in Europa aufzubauen unter Einbeziehung von Russland und den USA. Dieser Weg f\u00fchrt aber \u00fcber Diplomatie und Ehrlichkeit, nicht \u00fcber W\u00e4hlerbetrug, ruin\u00f6se Schulden und wahnwitzige Kriegsfantasien.<\/p>\n<p>Sie sind Ihrem Gewissen verpflichtet. Deshalb bitte ich Sie, dem geplanten Irrsinn nicht zuzustimmen.<\/p>\n","protected":false},"excerpt":{"rendered":"<p>Dr. Ren\u00e9 R\u00f6derstein, Mitglied der DFG-VK-Gruppe K\u00f6ln hat den folgenden offenen Brief an Serap G\u00fcler, &#8222;seine&#8220; CDU-Abgeordnete geschickt: Sehr geehrte Frau G\u00fcler, einige Wochen haben Sie mich von Plakaten im Porzer Raum angel\u00e4chelt und&#46;&#46;&#46;<\/p>\n","protected":false},"author":109,"featured_media":19012,"comment_status":"open","ping_status":"open","sticky":false,"template":"","format":"standard","meta":{"footnotes":""},"categories":[141],"tags":[153,40],"class_list":["post-19010","post","type-post","status-publish","format-standard","has-post-thumbnail","hentry","category-brief","tag-aufruestung","tag-demokratie"],"_links":{"self":[{"href":"https:\/\/www.friedenkoeln.de\/index.php?rest_route=\/wp\/v2\/posts\/19010","targetHints":{"allow":["GET"]}}],"collection":[{"href":"https:\/\/www.friedenkoeln.de\/index.php?rest_route=\/wp\/v2\/posts"}],"about":[{"href":"https:\/\/www.friedenkoeln.de\/index.php?rest_route=\/wp\/v2\/types\/post"}],"author":[{"embeddable":true,"href":"https:\/\/www.friedenkoeln.de\/index.php?rest_route=\/wp\/v2\/users\/109"}],"replies":[{"embeddable":true,"href":"https:\/\/www.friedenkoeln.de\/index.php?rest_route=%2Fwp%2Fv2%2Fcomments&post=19010"}],"version-history":[{"count":3,"href":"https:\/\/www.friedenkoeln.de\/index.php?rest_route=\/wp\/v2\/posts\/19010\/revisions"}],"predecessor-version":[{"id":19014,"href":"https:\/\/www.friedenkoeln.de\/index.php?rest_route=\/wp\/v2\/posts\/19010\/revisions\/19014"}],"wp:featuredmedia":[{"embeddable":true,"href":"https:\/\/www.friedenkoeln.de\/index.php?rest_route=\/wp\/v2\/media\/19012"}],"wp:attachment":[{"href":"https:\/\/www.friedenkoeln.de\/index.php?rest_route=%2Fwp%2Fv2%2Fmedia&parent=19010"}],"wp:term":[{"taxonomy":"category","embeddable":true,"href":"https:\/\/www.friedenkoeln.de\/index.php?rest_route=%2Fwp%2Fv2%2Fcategories&post=19010"},{"taxonomy":"post_tag","embeddable":true,"href":"https:\/\/www.friedenkoeln.de\/index.php?rest_route=%2Fwp%2Fv2%2Ftags&post=19010"}],"curies":[{"name":"wp","href":"https:\/\/api.w.org\/{rel}","templated":true}]}}