{"id":19018,"date":"2025-03-19T19:17:30","date_gmt":"2025-03-19T18:17:30","guid":{"rendered":"https:\/\/www.friedenkoeln.de\/?p=19018"},"modified":"2025-03-19T19:17:30","modified_gmt":"2025-03-19T18:17:30","slug":"mein-michel-was-willst-du-noch-mehr-ein-song-angesichts-des-aktuellen-aufruestungsrausches","status":"publish","type":"post","link":"https:\/\/www.friedenkoeln.de\/?p=19018","title":{"rendered":"Mein Michel, was willst du noch mehr? &#8211; Ein Song angesichts des aktuellen Aufr\u00fcstungsrausches"},"content":{"rendered":"<p>Krysztof Daletski hat einen aktuellen Text auf Heinrich Heines Lied &#8222;Du hast Diamanten und Perlen&#8220; geschrieben. Eine Kritik am aktuellen Aufr\u00fcstungsrausch. Melodie: Georg Stiegele<\/p>\n<p>Hier k\u00f6nnt Ihr das Lied auf Youtube h\u00f6ren:<\/p>\n<div class=\"video-container\"><iframe loading=\"lazy\" title=\"Mein Michel, was willst du noch mehr (neuer Text)\" width=\"500\" height=\"281\" src=\"https:\/\/www.youtube.com\/embed\/SrQx_473ck4?feature=oembed&#038;wmode=opaque\" frameborder=\"0\" allow=\"accelerometer; autoplay; clipboard-write; encrypted-media; gyroscope; picture-in-picture; web-share\" referrerpolicy=\"strict-origin-when-cross-origin\" allowfullscreen><\/iframe><\/div>\n","protected":false},"excerpt":{"rendered":"<p>Krysztof Daletski hat einen aktuellen Text auf Heinrich Heines Lied &#8222;Du hast Diamanten und Perlen&#8220; geschrieben. Eine Kritik am aktuellen Aufr\u00fcstungsrausch. Melodie: Georg Stiegele Hier k\u00f6nnt Ihr das Lied auf Youtube h\u00f6ren:<\/p>\n","protected":false},"author":109,"featured_media":19019,"comment_status":"open","ping_status":"open","sticky":false,"template":"","format":"video","meta":{"footnotes":""},"categories":[207],"tags":[],"class_list":["post-19018","post","type-post","status-publish","format-video","has-post-thumbnail","hentry","category-lied","post_format-post-format-video"],"_links":{"self":[{"href":"https:\/\/www.friedenkoeln.de\/index.php?rest_route=\/wp\/v2\/posts\/19018","targetHints":{"allow":["GET"]}}],"collection":[{"href":"https:\/\/www.friedenkoeln.de\/index.php?rest_route=\/wp\/v2\/posts"}],"about":[{"href":"https:\/\/www.friedenkoeln.de\/index.php?rest_route=\/wp\/v2\/types\/post"}],"author":[{"embeddable":true,"href":"https:\/\/www.friedenkoeln.de\/index.php?rest_route=\/wp\/v2\/users\/109"}],"replies":[{"embeddable":true,"href":"https:\/\/www.friedenkoeln.de\/index.php?rest_route=%2Fwp%2Fv2%2Fcomments&post=19018"}],"version-history":[{"count":2,"href":"https:\/\/www.friedenkoeln.de\/index.php?rest_route=\/wp\/v2\/posts\/19018\/revisions"}],"predecessor-version":[{"id":19021,"href":"https:\/\/www.friedenkoeln.de\/index.php?rest_route=\/wp\/v2\/posts\/19018\/revisions\/19021"}],"wp:featuredmedia":[{"embeddable":true,"href":"https:\/\/www.friedenkoeln.de\/index.php?rest_route=\/wp\/v2\/media\/19019"}],"wp:attachment":[{"href":"https:\/\/www.friedenkoeln.de\/index.php?rest_route=%2Fwp%2Fv2%2Fmedia&parent=19018"}],"wp:term":[{"taxonomy":"category","embeddable":true,"href":"https:\/\/www.friedenkoeln.de\/index.php?rest_route=%2Fwp%2Fv2%2Fcategories&post=19018"},{"taxonomy":"post_tag","embeddable":true,"href":"https:\/\/www.friedenkoeln.de\/index.php?rest_route=%2Fwp%2Fv2%2Ftags&post=19018"}],"curies":[{"name":"wp","href":"https:\/\/api.w.org\/{rel}","templated":true}]}}