{"id":19023,"date":"2025-03-23T13:50:30","date_gmt":"2025-03-23T12:50:30","guid":{"rendered":"https:\/\/www.friedenkoeln.de\/?p=19023"},"modified":"2025-03-23T14:16:33","modified_gmt":"2025-03-23T13:16:33","slug":"friedensaktivist-hermann-theisen-kann-friedensgebot-und-gewaltverbot-nicht-einklagen","status":"publish","type":"post","link":"https:\/\/www.friedenkoeln.de\/?p=19023","title":{"rendered":"Friedensaktivist Hermann Theisen kann Friedensgebot und Gewaltverbot nicht einklagen"},"content":{"rendered":"<p>Der Friedensaktivist Hermann Theisen, ein DFG-VK-Mitglied, kann die Achtung des Friedensgebots des Grundgesetzes und des Gewaltverbots der Charta der Vereinten Nationen durch die Bundesregierung leider nicht einklagen. Er hatte dies in Bezug auf die deutsche milit\u00e4rische Unterst\u00fctzung der Ukraine und das damit verbundene Eskalationspotenzial versucht. Das Verwaltungsgericht K\u00f6ln hatte <a href=\"https:\/\/www.friedenkoeln.de\/?p=18769\">seine Klage am 2.10.2024<\/a> abgewiesen. Hermann entschied sich dagegen, Berufung einzulegen, so dass das Urteil rechtskr\u00e4ftig ist.<\/p>\n<p>Wer ihn mit einer Spende zur Deckung der entstandenen Kosten unterst\u00fctzen m\u00f6chte, kann sich gerne an uns wenden, damit wir den Kontakt herstellen k\u00f6nnen: kontakt@friedenkoeln.de .<\/p>\n<p><a href=\"https:\/\/www.friedenkoeln.de\/wp-content\/uploads\/2025\/03\/Urteil-VG-Koeln-v.-02.10.24-21-K-488122.pdf\">Urteil des Verwaltungsgerichts K\u00f6ln vom 2.10.2024, Hermann Theisen gegen BRD<\/a><\/p>\n<div id=\"attachment_18768\" style=\"width: 1510px\" class=\"wp-caption aligncenter\"><img loading=\"lazy\" decoding=\"async\" aria-describedby=\"caption-attachment-18768\" class=\"size-full wp-image-18768\" src=\"https:\/\/www.friedenkoeln.de\/wp-content\/uploads\/2024\/09\/herrmann_theisen.jpg\" alt=\"Herrmann Theisen\" width=\"1500\" height=\"2000\" srcset=\"https:\/\/www.friedenkoeln.de\/wp-content\/uploads\/2024\/09\/herrmann_theisen.jpg 1500w, https:\/\/www.friedenkoeln.de\/wp-content\/uploads\/2024\/09\/herrmann_theisen-150x200.jpg 150w, https:\/\/www.friedenkoeln.de\/wp-content\/uploads\/2024\/09\/herrmann_theisen-768x1024.jpg 768w, https:\/\/www.friedenkoeln.de\/wp-content\/uploads\/2024\/09\/herrmann_theisen-1152x1536.jpg 1152w\" sizes=\"auto, (max-width: 1500px) 100vw, 1500px\" \/><p id=\"caption-attachment-18768\" class=\"wp-caption-text\">Hermann Theisen<\/p><\/div>\n<p>&nbsp;<\/p>\n<p>&nbsp;<\/p>\n<p>&nbsp;<\/p>\n","protected":false},"excerpt":{"rendered":"<p>Der Friedensaktivist Hermann Theisen, ein DFG-VK-Mitglied, kann die Achtung des Friedensgebots des Grundgesetzes und des Gewaltverbots der Charta der Vereinten Nationen durch die Bundesregierung leider nicht einklagen. Er hatte dies in Bezug auf die&#46;&#46;&#46;<\/p>\n","protected":false},"author":110,"featured_media":18768,"comment_status":"open","ping_status":"open","sticky":false,"template":"","format":"standard","meta":{"footnotes":""},"categories":[105],"tags":[221,146,80],"class_list":["post-19023","post","type-post","status-publish","format-standard","has-post-thumbnail","hentry","category-bericht","tag-friedenspolitik","tag-krieg","tag-rechtsprechung"],"_links":{"self":[{"href":"https:\/\/www.friedenkoeln.de\/index.php?rest_route=\/wp\/v2\/posts\/19023","targetHints":{"allow":["GET"]}}],"collection":[{"href":"https:\/\/www.friedenkoeln.de\/index.php?rest_route=\/wp\/v2\/posts"}],"about":[{"href":"https:\/\/www.friedenkoeln.de\/index.php?rest_route=\/wp\/v2\/types\/post"}],"author":[{"embeddable":true,"href":"https:\/\/www.friedenkoeln.de\/index.php?rest_route=\/wp\/v2\/users\/110"}],"replies":[{"embeddable":true,"href":"https:\/\/www.friedenkoeln.de\/index.php?rest_route=%2Fwp%2Fv2%2Fcomments&post=19023"}],"version-history":[{"count":3,"href":"https:\/\/www.friedenkoeln.de\/index.php?rest_route=\/wp\/v2\/posts\/19023\/revisions"}],"predecessor-version":[{"id":19028,"href":"https:\/\/www.friedenkoeln.de\/index.php?rest_route=\/wp\/v2\/posts\/19023\/revisions\/19028"}],"wp:featuredmedia":[{"embeddable":true,"href":"https:\/\/www.friedenkoeln.de\/index.php?rest_route=\/wp\/v2\/media\/18768"}],"wp:attachment":[{"href":"https:\/\/www.friedenkoeln.de\/index.php?rest_route=%2Fwp%2Fv2%2Fmedia&parent=19023"}],"wp:term":[{"taxonomy":"category","embeddable":true,"href":"https:\/\/www.friedenkoeln.de\/index.php?rest_route=%2Fwp%2Fv2%2Fcategories&post=19023"},{"taxonomy":"post_tag","embeddable":true,"href":"https:\/\/www.friedenkoeln.de\/index.php?rest_route=%2Fwp%2Fv2%2Ftags&post=19023"}],"curies":[{"name":"wp","href":"https:\/\/api.w.org\/{rel}","templated":true}]}}