{"id":19030,"date":"2025-04-02T17:27:05","date_gmt":"2025-04-02T15:27:05","guid":{"rendered":"https:\/\/www.friedenkoeln.de\/?p=19030"},"modified":"2025-04-02T17:29:26","modified_gmt":"2025-04-02T15:29:26","slug":"fuer-mitglieder-einladung-zur-jahresmitgliederversammlung-am-12-april-2025","status":"publish","type":"post","link":"https:\/\/www.friedenkoeln.de\/?p=19030","title":{"rendered":"F\u00fcr Mitglieder: Einladung zur Jahresmitgliederversammlung am 12. April 2025"},"content":{"rendered":"<p>Herzlich laden wir unsere Mitglieder zur Jahresmitgliederversammlung am 12. April 2025 ein. Wer jetzt mitreden m\u00f6chte, sollte \u00fcberlegen, Mitglied zu werden! Die Details sind per Email und Post verschickt worden.<\/p>\n<p>Wir freuen uns auf die schon bew\u00e4hrte Runde, in der wir nach den internen Berichten, Antr\u00e4gen und Wahlen Zeit haben werden, uns bei Snacks und Getr\u00e4nken auszutauschen.<\/p>\n<p>Besonders freuen wir uns \u00fcber den Besuch der beiden Gesch\u00e4ftsf\u00fchrerinnen des Friedensbildungswerks K\u00f6ln, Hanna Buschke und Miriam Staufenbiel.<\/p>\n<div id=\"attachment_18099\" style=\"width: 2570px\" class=\"wp-caption aligncenter\"><img loading=\"lazy\" decoding=\"async\" aria-describedby=\"caption-attachment-18099\" class=\"size-full wp-image-18099\" src=\"https:\/\/www.friedenkoeln.de\/wp-content\/uploads\/2024\/03\/DSC_0023-scaled.jpg\" alt=\"Anderthalb Dutzend Erwachsene stehen gut gelaunt mit Sektgl\u00e4sern hinter einem gedeckten Tisch.\" width=\"2560\" height=\"1707\" srcset=\"https:\/\/www.friedenkoeln.de\/wp-content\/uploads\/2024\/03\/DSC_0023-scaled.jpg 2560w, https:\/\/www.friedenkoeln.de\/wp-content\/uploads\/2024\/03\/DSC_0023-200x133.jpg 200w, https:\/\/www.friedenkoeln.de\/wp-content\/uploads\/2024\/03\/DSC_0023-768x512.jpg 768w, https:\/\/www.friedenkoeln.de\/wp-content\/uploads\/2024\/03\/DSC_0023-1536x1024.jpg 1536w, https:\/\/www.friedenkoeln.de\/wp-content\/uploads\/2024\/03\/DSC_0023-2048x1365.jpg 2048w\" sizes=\"auto, (max-width: 2560px) 100vw, 2560px\" \/><p id=\"caption-attachment-18099\" class=\"wp-caption-text\">Feier nach der Jahresmitgliederversammlung der DFG-VK Gruppe K\u00f6ln im Friedensbildungswerk, 29.2.2024. Foto: Stefanie Intveen<\/p><\/div>\n<p>&nbsp;<\/p>\n<p>&nbsp;<\/p>\n<p>&nbsp;<\/p>\n","protected":false},"excerpt":{"rendered":"<p>Herzlich laden wir unsere Mitglieder zur Jahresmitgliederversammlung am 12. April 2025 ein. Wer jetzt mitreden m\u00f6chte, sollte \u00fcberlegen, Mitglied zu werden! Die Details sind per Email und Post verschickt worden. Wir freuen uns auf&#46;&#46;&#46;<\/p>\n","protected":false},"author":110,"featured_media":18099,"comment_status":"open","ping_status":"open","sticky":false,"template":"","format":"standard","meta":{"footnotes":""},"categories":[102],"tags":[],"class_list":["post-19030","post","type-post","status-publish","format-standard","has-post-thumbnail","hentry","category-in-eigener-sache"],"_links":{"self":[{"href":"https:\/\/www.friedenkoeln.de\/index.php?rest_route=\/wp\/v2\/posts\/19030","targetHints":{"allow":["GET"]}}],"collection":[{"href":"https:\/\/www.friedenkoeln.de\/index.php?rest_route=\/wp\/v2\/posts"}],"about":[{"href":"https:\/\/www.friedenkoeln.de\/index.php?rest_route=\/wp\/v2\/types\/post"}],"author":[{"embeddable":true,"href":"https:\/\/www.friedenkoeln.de\/index.php?rest_route=\/wp\/v2\/users\/110"}],"replies":[{"embeddable":true,"href":"https:\/\/www.friedenkoeln.de\/index.php?rest_route=%2Fwp%2Fv2%2Fcomments&post=19030"}],"version-history":[{"count":2,"href":"https:\/\/www.friedenkoeln.de\/index.php?rest_route=\/wp\/v2\/posts\/19030\/revisions"}],"predecessor-version":[{"id":19032,"href":"https:\/\/www.friedenkoeln.de\/index.php?rest_route=\/wp\/v2\/posts\/19030\/revisions\/19032"}],"wp:featuredmedia":[{"embeddable":true,"href":"https:\/\/www.friedenkoeln.de\/index.php?rest_route=\/wp\/v2\/media\/18099"}],"wp:attachment":[{"href":"https:\/\/www.friedenkoeln.de\/index.php?rest_route=%2Fwp%2Fv2%2Fmedia&parent=19030"}],"wp:term":[{"taxonomy":"category","embeddable":true,"href":"https:\/\/www.friedenkoeln.de\/index.php?rest_route=%2Fwp%2Fv2%2Fcategories&post=19030"},{"taxonomy":"post_tag","embeddable":true,"href":"https:\/\/www.friedenkoeln.de\/index.php?rest_route=%2Fwp%2Fv2%2Ftags&post=19030"}],"curies":[{"name":"wp","href":"https:\/\/api.w.org\/{rel}","templated":true}]}}