{"id":19034,"date":"2025-04-08T10:31:48","date_gmt":"2025-04-08T08:31:48","guid":{"rendered":"https:\/\/www.friedenkoeln.de\/?p=19034"},"modified":"2025-04-08T11:22:54","modified_gmt":"2025-04-08T09:22:54","slug":"koelner-ostermarsch-2025","status":"publish","type":"post","link":"https:\/\/www.friedenkoeln.de\/?p=19034","title":{"rendered":"K\u00f6lner Ostermarsch 2025"},"content":{"rendered":"<h2 class=\"p1\"><span class=\"s1\">SA. 19.04.2025, 14 UHR, ALTER MARKT<\/span><\/h2>\n<h3 class=\"p1\"><span class=\"s1\">DEMO, KUNDGEBUNG<\/span><\/h3>\n<p>Mit Reden von:<br \/>\n<strong>Matthias Jochheim<\/strong>, IPPNW<br \/>\n<strong>Janine Deling<\/strong>, DGB<br \/>\n<strong>Katharina Niebergall<\/strong>, Junge GEW NRW<br \/>\n<strong>Thomas Stiefel<\/strong>, Connection e. V.,<br \/>\n<strong>Ulrich Thoden<\/strong>, MdB Die.Linke<br \/>\nund Musik von <strong>Shelly Quest<\/strong>!<\/p>\n<h3 class=\"p1\"><span class=\"s1\">FRIEDENSF\u00c4HIG STATT KRIEGST\u00dcCHTIG!<\/span><\/h3>\n<h3 class=\"p1\"><span class=\"s1\">F\u00dcR EINE DEMOKRATISCHE, ZIVILE UND SOZIALE ZEITENWENDE<\/span><\/h3>\n<h3 class=\"p1\"><span class=\"s1\">KRIEGE BEENDEN, AUFR\u00dcSTUNG STOPPEN!<\/span><\/h3>\n<p>Weltweit versch\u00e4rfen sich die sozialen und \u00f6kologischen Krisen, Naturkatastrophen werden allt\u00e4glich und Millionen Menschen sind auf der Flucht. Was unternimmt die Bundesrepublik Deutschland, um diese Krisen, die die Existenz der Menschheit bedrohen, zu l\u00f6sen? Der abgew\u00e4hlte Bundestag machte mit der \u00c4nderung des Grundgesetzes den Weg frei f\u00fcr die weitere Hochr\u00fcstung der Bundesrepublik und der EU und f\u00fcr die Vorbereitung neuer Kriege.<br \/>\nDiese Logik der Gewalt und der milit\u00e4rischen St\u00e4rke hat noch nie Sicherheit oder Frieden geschaffen, sie versch\u00e4rft stattdessen die globale Konfrontation und bricht mit der Friedensorientierung des Grundgesetzes. W\u00e4hrend Investitionen in T\u00f6tungsmaschinerien Geld und Ressourcen verschlingen, wachsen Hunger und soziale Ungleichheit.<\/p>\n<p>Wir rufen alle auf, an Ostern gegen die brand\u00adgef\u00e4hrliche Militarisierung aller gesellschaftlichen Bereiche und f\u00fcr eine soziale, demokratische und zivile Zeitenwende zu demonstrieren! Die Verwirklichung der politischen und sozialen Menschenrechte, der Erhalt der nat\u00fcrlichen Lebensgrundlagen und des Klimas, soziale Gerechtigkeit und Frieden dulden keinen Aufschub und sind nur in globaler Zusammenarbeit zu realisieren.<\/p>\n<p>Es ist jetzt an der Zeit f\u00fcr einen sofortigen Waffenstillstand in der Ukraine und die Aufnahme von Friedensverhandlungen mit dem Ziel des Wiederauf\u00adbaus eines souver\u00e4nen und demokratischen Lan\u00addes, statt seiner fortgesetzten wirtschaftlichen Aus\u00adpl\u00fcnderung.<\/p>\n<p>Statt der Stationierung von US-Mittelstreckenwaffen braucht es jetzt eine Initiative f\u00fcr Sicherheit auch mit Russland, f\u00fcr R\u00fcstungskontrolle, Abr\u00fcstung, die Abschaffung von Atomwaffen und ein Ende der nuklearen Bedrohung der Menschheit.<\/p>\n<p>Es ist an der Zeit f\u00fcr ein sofortiges Ende der deutschen Waffenlieferungen an die rechtsextreme Netanyahu-Regierung, f\u00fcr eine Aufk\u00fcndigung des EU\u00ad-Assoziierungsabkommen mit Israel, bis die systematische Ver\u00adtrei\u00adbung und T\u00f6tung der Pal\u00e4stinenser gestoppt ist und die Waffen schweigen. Es ist Zeit f\u00fcr die Anerkennung eines pal\u00e4stinensischen Staates und f\u00fcr einen gerechten Frieden in Nahost.<\/p>\n<p>Es ist Zeit, die Grenzen f\u00fcr alle Waffenexporte zu schlie\u00dfen und f\u00fcr Menschen zu \u00f6ffnen. Es ist Zeit f\u00fcr humanit\u00e4re Hilfe und die Bek\u00e4mpfung von Fluchtursachen statt von Gefl\u00fcchteten.<\/p>\n<p>Es ist Zeit f\u00fcr Investitionen in ein besseres Leben, statt f\u00fcr unermessliche Zerst\u00f6rungspotentiale: Es braucht Investitionen f\u00fcr ein Ende von Obdachlosigkeit und f\u00fcr menschenw\u00fcrdige Wohnungen f\u00fcr alle, f\u00fcr Krankenh\u00e4user, die der Gesundheit der Menschen dienen, f\u00fcr Bildung und Kultur frei von Sparzw\u00e4ngen, f\u00fcr sinnvolle Arbeit und ausreichend Per\u00adsonal in allen \u00f6ffentlichen Einrichtungen und f\u00fcr die umfassende Reali\u00adsierung des Allgemeinwohls.<\/p>\n<p>F\u00fcr eine friedensf\u00e4hige Gesellschaft braucht es keine Wehrpflicht und keine Jugendoffiziere, sondern Schulen ohne Bundeswehr und Selbstverpflichtungen zum Frieden an allen Hochschulen.<\/p>\n<p>Es braucht jetzt Initiativen f\u00fcr V\u00f6lkerverst\u00e4ndigung, f\u00fcr kulturellen und wissenschaftlichen Austausch auch mit Russland und China statt gegenseitiger Abschottung und dem Aufbau von Feindbildern.<\/p>\n<p>Es ist an der Zeit, ernst zu machen mit der Verwirklichung der Charta der Vereinten Nationen, die vor 80 Jahren als Konsequenz aus der Befreiung von Krieg und Faschismus beschlossen wurde: Der Befreiung der Menschheit von der Gei\u00dfel des Krieges und globaler Kooperation f\u00fcr die Verwirklichung von sozialem Fortschritt.<\/p>\n<p>Wir demonstrieren solidarisch mit all denjenigen, die gegen Nationalismus und Krieg und f\u00fcr eine Demo\u00adkratisierung der Gesellschaft und eine global menschenw\u00fcrdige Entwicklung streiten.<\/p>\n<h3>Auf zum Ostermarsch!<\/h3>\n<p>Der K\u00f6lner Ostermarsch ist Teil des\u00a0<a href=\"http:\/\/s9y.ostermarsch-ruhr.de\/\" target=\"_blank\" rel=\"noopener\">Ostermarschs Rhein-Ruhr<\/a>.<\/p>\n<p>Flyer zum Download:<\/p>\n<p><a href=\"https:\/\/www.friedenkoeln.de\/wp-content\/uploads\/2025\/04\/Koelner-Friedensforum-Ostermarsch-2025.pdf\">Koelner-Friedensforum-Ostermarsch-2025<\/a><\/p>\n<p><img loading=\"lazy\" decoding=\"async\" class=\"alignleft wp-image-19037\" src=\"https:\/\/www.friedenkoeln.de\/wp-content\/uploads\/2025\/04\/Koelner-Friedensforum-Ostermarsch-2025-flyer-500x500.jpg\" alt=\"K\u00f6lner Ostermarsch 2025\" width=\"612\" height=\"859\" srcset=\"https:\/\/www.friedenkoeln.de\/wp-content\/uploads\/2025\/04\/Koelner-Friedensforum-Ostermarsch-2025-flyer-142x200.jpg 142w, https:\/\/www.friedenkoeln.de\/wp-content\/uploads\/2025\/04\/Koelner-Friedensforum-Ostermarsch-2025-flyer.jpg 612w\" sizes=\"auto, (max-width: 612px) 100vw, 612px\" \/><\/p>\n<p>&nbsp;<\/p>\n<p>&nbsp;<\/p>\n","protected":false},"excerpt":{"rendered":"<p>SA. 19.04.2025, 14 UHR, ALTER MARKT DEMO, KUNDGEBUNG Mit Reden von: Matthias Jochheim, IPPNW Janine Deling, DGB Katharina Niebergall, Junge GEW NRW Thomas Stiefel, Connection e. V., Ulrich Thoden, MdB Die.Linke und Musik von&#46;&#46;&#46;<\/p>\n","protected":false},"author":110,"featured_media":19036,"comment_status":"open","ping_status":"open","sticky":false,"template":"","format":"standard","meta":{"footnotes":""},"categories":[2,104,116],"tags":[],"class_list":["post-19034","post","type-post","status-publish","format-standard","has-post-thumbnail","hentry","category-aktionen","category-ankuendigung","category-aufruf"],"_links":{"self":[{"href":"https:\/\/www.friedenkoeln.de\/index.php?rest_route=\/wp\/v2\/posts\/19034","targetHints":{"allow":["GET"]}}],"collection":[{"href":"https:\/\/www.friedenkoeln.de\/index.php?rest_route=\/wp\/v2\/posts"}],"about":[{"href":"https:\/\/www.friedenkoeln.de\/index.php?rest_route=\/wp\/v2\/types\/post"}],"author":[{"embeddable":true,"href":"https:\/\/www.friedenkoeln.de\/index.php?rest_route=\/wp\/v2\/users\/110"}],"replies":[{"embeddable":true,"href":"https:\/\/www.friedenkoeln.de\/index.php?rest_route=%2Fwp%2Fv2%2Fcomments&post=19034"}],"version-history":[{"count":8,"href":"https:\/\/www.friedenkoeln.de\/index.php?rest_route=\/wp\/v2\/posts\/19034\/revisions"}],"predecessor-version":[{"id":19046,"href":"https:\/\/www.friedenkoeln.de\/index.php?rest_route=\/wp\/v2\/posts\/19034\/revisions\/19046"}],"wp:featuredmedia":[{"embeddable":true,"href":"https:\/\/www.friedenkoeln.de\/index.php?rest_route=\/wp\/v2\/media\/19036"}],"wp:attachment":[{"href":"https:\/\/www.friedenkoeln.de\/index.php?rest_route=%2Fwp%2Fv2%2Fmedia&parent=19034"}],"wp:term":[{"taxonomy":"category","embeddable":true,"href":"https:\/\/www.friedenkoeln.de\/index.php?rest_route=%2Fwp%2Fv2%2Fcategories&post=19034"},{"taxonomy":"post_tag","embeddable":true,"href":"https:\/\/www.friedenkoeln.de\/index.php?rest_route=%2Fwp%2Fv2%2Ftags&post=19034"}],"curies":[{"name":"wp","href":"https:\/\/api.w.org\/{rel}","templated":true}]}}