{"id":19045,"date":"2025-04-08T11:43:21","date_gmt":"2025-04-08T09:43:21","guid":{"rendered":"https:\/\/www.friedenkoeln.de\/?p=19045"},"modified":"2025-04-08T11:43:37","modified_gmt":"2025-04-08T09:43:37","slug":"ostermarsch-buechel-21-april-2025","status":"publish","type":"post","link":"https:\/\/www.friedenkoeln.de\/?p=19045","title":{"rendered":"Ostermarsch B\u00fcchel  21. April 2025"},"content":{"rendered":"<p><strong><img loading=\"lazy\" decoding=\"async\" class=\"alignleft wp-image-19049\" src=\"https:\/\/www.friedenkoeln.de\/wp-content\/uploads\/2025\/04\/ostermarsch-2025-in-buechel-500x500.jpg\" alt=\"Ostermarsch B\u00fcchel 2025\" width=\"300\" height=\"300\" srcset=\"https:\/\/www.friedenkoeln.de\/wp-content\/uploads\/2025\/04\/ostermarsch-2025-in-buechel-500x500.jpg 500w, https:\/\/www.friedenkoeln.de\/wp-content\/uploads\/2025\/04\/ostermarsch-2025-in-buechel-200x200.jpg 200w, https:\/\/www.friedenkoeln.de\/wp-content\/uploads\/2025\/04\/ostermarsch-2025-in-buechel-80x80.jpg 80w, https:\/\/www.friedenkoeln.de\/wp-content\/uploads\/2025\/04\/ostermarsch-2025-in-buechel-320x320.jpg 320w, https:\/\/www.friedenkoeln.de\/wp-content\/uploads\/2025\/04\/ostermarsch-2025-in-buechel.jpg 510w\" sizes=\"auto, (max-width: 300px) 100vw, 300px\" \/>TREFFPUNKT<\/strong>: 14:00 Uhr, Gewerbegebiet Bu\u0308chel<\/p>\n<p><strong>DEMO<\/strong> zum Haupttor des Fliegerhorstes<\/p>\n<p><strong>PROGRAMM DER KUNDGEBUNG<\/strong> am Haupttor:<\/p>\n<p><strong>Regina Hagen<\/strong>, Aktionsbu\u0308ndnis \u201eatomwaffenfrei.jetzt\u201c:<br \/>\n<em>Versch\u00e4rfung der Atomkriegsgefahr durch neue US-Atomwaffen und Mittelstreckenraketen in Deutschland.<\/em><\/p>\n<p><strong>Stephan R\u00e4der<\/strong>, AG Frieden Greenpeace K\u00f6ln:<br \/>\n<em>Atomwaffen und Klima.<\/em><\/p>\n<p>Musik: <strong>Nicole Mercier<\/strong> und <strong>Mareike Hadeler<\/strong><\/p>\n<h3><\/h3>\n<h3>Fu\u0308r ein Europa ohne Atomwaffen! Keine Mittelstreckenwaffen in Europa!<\/h3>\n<p>Die Stationierung neuer lenkbarer US-Atombomben vom Typ B61-12 in Bu\u0308chel, der Kauf von 35 US-Kampfjets des Typs F-35 als Tr\u00e4gerwaffen fu\u0308r die neuen Bomben und die von der Bundesregierung ohne jede \u00f6ffentliche und parlamentarische Diskussion entschiedene Stationierung neuer US-Mittelstreckenwaffen in Deutschland mu\u0308ssen verhindert werden. Sie machen uns nicht sicherer, sondern setzen unser Land der Gefahr eines pr\u00e4ventiven Angriffs aus und machen Bu\u0308chel zu einem bevorzugten Ziel. Die neuen Mittelstreckenwaffen versch\u00e4rfen die Spannungen und f\u00f6rdern auf Grund der geringen Vorwarnzeiten das Risiko von Fehlreaktionen. Noch nie seit dem H\u00f6hepunkt des Ost-West-Konflikts war die Gefahr eines Atomkrieges so gro\u00df.<\/p>\n<p>Wir fordern, insbesondere von den Atomm\u00e4chten:<\/p>\n<ul>\n<li>Wiederaufnahme der weltweiten Abru\u0308stungsinitiativen,<\/li>\n<li>Ru\u0308ckkehr zu einer Politik der gemeinsamen Sicherheit.<\/li>\n<\/ul>\n<p>Wir verlangen von der Bundesregierung:<\/p>\n<ul>\n<li>Verzicht auf die neuen Mittelstreckenwaffen,<\/li>\n<li>Abzug der Atomwaffen aus Bu\u0308chel und Beendigung der nuklearen Teilhabe,<\/li>\n<li>Beitritt Deutschlands zum Atomwaffenverbotsvertrag der Vereinten Nationen.<\/li>\n<\/ul>\n<h3>\u201eWir bleiben dabei, Konflikte und Rivalit\u00e4ten nicht milit\u00e4risch zu l\u00f6sen, sondern alles zu tun, Kriege zu vermeiden oder zu beenden.\u201c<\/h3>\n<p>(Zitat aus dem Berliner Appell)<\/p>\n<p class=\"p2\"><b>Veranstalter: <\/b>Initiativkreis gegen Atomwaffen (Internationaler Vers\u00f6hnungsbund, Regional-gruppe Cochem-Zell), Pax Christi Bistum Trier, Friedensgruppe Daun, Aktionsb\u00fcndnis \u201eatom-waffenfrei.jetzt\u201c, Greenpeace Hamburg<\/p>\n<p><a href=\"https:\/\/www.friedenkoeln.de\/wp-content\/uploads\/2025\/04\/ostermarsch-2025-in-buechel-6781.pdf\">Flyer zum Download<\/a><\/p>\n<h3>Info zur kostenlosen Busfahrt K\u00f6ln-B\u00fcchel Ostermontag, 21.4.25,<\/h3>\n<p>organisiert von Greepeace:<\/p>\n<h3>Mit dem Demo-Bus ab K\u00f6ln Hauptbahnhof<\/h3>\n<p>In diesem Jahr wird es wieder einen Bus geben, der Euch vom K\u00f6lner<br \/>\nHauptbahnhof zur Demo und wieder zur\u00fcck bringt. Bitte nutzt zur<br \/>\nAnmeldung dieses Anmeldeformular<br \/>\n&lt;<a href=\"https:\/\/form.asana.com\/?k=bie9dxPFbRjRDPBAyJX4fQ&amp;d=8432729103091\" target=\"_blank\" rel=\"noopener\">https:\/\/form.asana.com\/?k=bie9dxPFbRjRDPBAyJX4fQ&amp;d=8432729103091<\/a>&gt;.<\/p>\n<p>voraussichtliche Abfahrt:<br \/>\n11:30 Uhr ab Busbahnhof Hbf\/Breslauer Platz\/Goldgasse, 50667 K\u00f6ln<\/p>\n<p>voraussichtliche R\u00fcckfahrt:<br \/>\n16:45 Uhr ab Hauptzufahrt Atomwaffenlager\/am Kreisel-Bushaltestelle<br \/>\ngeplante Ankunft Hauptbahnhof K\u00f6ln voraussichtlich gegen 18:45 Uhr<\/p>\n<p>Kosten fallen f\u00fcr die Fahrt mit unserem Bus f\u00fcr euch nicht an!<\/p>\n<p>weitere Infos inklusive Anmeldeformular:<br \/>\n<a href=\"https:\/\/greenwire.greenpeace.de\/Osterdemo_Buechel2025\" target=\"_blank\" rel=\"noopener\">https:\/\/greenwire.greenpeace.de\/Osterdemo_Buechel2025<\/a><\/p>\n","protected":false},"excerpt":{"rendered":"<p>TREFFPUNKT: 14:00 Uhr, Gewerbegebiet Bu\u0308chel DEMO zum Haupttor des Fliegerhorstes PROGRAMM DER KUNDGEBUNG am Haupttor: Regina Hagen, Aktionsbu\u0308ndnis \u201eatomwaffenfrei.jetzt\u201c: Versch\u00e4rfung der Atomkriegsgefahr durch neue US-Atomwaffen und Mittelstreckenraketen in Deutschland. Stephan R\u00e4der, AG Frieden Greenpeace&#46;&#46;&#46;<\/p>\n","protected":false},"author":110,"featured_media":19049,"comment_status":"open","ping_status":"open","sticky":false,"template":"","format":"standard","meta":{"footnotes":""},"categories":[2,104,116],"tags":[],"class_list":["post-19045","post","type-post","status-publish","format-standard","has-post-thumbnail","hentry","category-aktionen","category-ankuendigung","category-aufruf"],"_links":{"self":[{"href":"https:\/\/www.friedenkoeln.de\/index.php?rest_route=\/wp\/v2\/posts\/19045","targetHints":{"allow":["GET"]}}],"collection":[{"href":"https:\/\/www.friedenkoeln.de\/index.php?rest_route=\/wp\/v2\/posts"}],"about":[{"href":"https:\/\/www.friedenkoeln.de\/index.php?rest_route=\/wp\/v2\/types\/post"}],"author":[{"embeddable":true,"href":"https:\/\/www.friedenkoeln.de\/index.php?rest_route=\/wp\/v2\/users\/110"}],"replies":[{"embeddable":true,"href":"https:\/\/www.friedenkoeln.de\/index.php?rest_route=%2Fwp%2Fv2%2Fcomments&post=19045"}],"version-history":[{"count":2,"href":"https:\/\/www.friedenkoeln.de\/index.php?rest_route=\/wp\/v2\/posts\/19045\/revisions"}],"predecessor-version":[{"id":19050,"href":"https:\/\/www.friedenkoeln.de\/index.php?rest_route=\/wp\/v2\/posts\/19045\/revisions\/19050"}],"wp:featuredmedia":[{"embeddable":true,"href":"https:\/\/www.friedenkoeln.de\/index.php?rest_route=\/wp\/v2\/media\/19049"}],"wp:attachment":[{"href":"https:\/\/www.friedenkoeln.de\/index.php?rest_route=%2Fwp%2Fv2%2Fmedia&parent=19045"}],"wp:term":[{"taxonomy":"category","embeddable":true,"href":"https:\/\/www.friedenkoeln.de\/index.php?rest_route=%2Fwp%2Fv2%2Fcategories&post=19045"},{"taxonomy":"post_tag","embeddable":true,"href":"https:\/\/www.friedenkoeln.de\/index.php?rest_route=%2Fwp%2Fv2%2Ftags&post=19045"}],"curies":[{"name":"wp","href":"https:\/\/api.w.org\/{rel}","templated":true}]}}