{"id":19146,"date":"2025-06-11T14:22:47","date_gmt":"2025-06-11T12:22:47","guid":{"rendered":"https:\/\/www.friedenkoeln.de\/?p=19146"},"modified":"2025-06-11T14:24:11","modified_gmt":"2025-06-11T12:24:11","slug":"ermutigend-und-inspirierend-der-snd-jahresbericht-2024","status":"publish","type":"post","link":"https:\/\/www.friedenkoeln.de\/?p=19146","title":{"rendered":"Ermutigend und inspirierend: Der SND-Jahresbericht 2024"},"content":{"rendered":"<h4><img loading=\"lazy\" decoding=\"async\" class=\"size-full wp-image-19157 alignright\" src=\"https:\/\/www.friedenkoeln.de\/wp-content\/uploads\/2025\/06\/sicherheit_neu_denken_logo.jpg\" alt=\"Logo der Initiative &quot;Sicherheit neu denken&quot;\" width=\"283\" height=\"283\" srcset=\"https:\/\/www.friedenkoeln.de\/wp-content\/uploads\/2025\/06\/sicherheit_neu_denken_logo.jpg 283w, https:\/\/www.friedenkoeln.de\/wp-content\/uploads\/2025\/06\/sicherheit_neu_denken_logo-200x200.jpg 200w, https:\/\/www.friedenkoeln.de\/wp-content\/uploads\/2025\/06\/sicherheit_neu_denken_logo-80x80.jpg 80w\" sizes=\"auto, (max-width: 283px) 100vw, 283px\" \/>Der Jahresbericht 2024 der Initiative &#8222;Sicherheit neu denken&#8220;<\/h4>\n<p>In Zeiten, die vielen von uns wenig ermutigend vorkommen, stellt der Jahresbericht der Initiative &#8222;Sicherheit neu denken&#8220; einen <strong>Lichtblick<\/strong> dar. Auf 13 Seiten gibt er in knapper Form Auskunft \u00fcber hoffnungsvolle und erfolgreiche Aktivit\u00e4ten und Gespr\u00e4chsinitiativen. Alles in allem jede Menge Anregungen dazu, wie Sicherheitspolitik jenseits der aktuellen Aufr\u00fcstungspolitik (und besser!) aussehen kann.<\/p>\n<p><a href=\"https:\/\/www.friedenkoeln.de\/wp-content\/uploads\/2025\/06\/SND-Jahresbericht-2024.pdf\" target=\"_blank\" rel=\"noopener\">Download: SND-Jahresbericht 2024<\/a><\/p>\n<p>Hier geht&#8217;s zur Website der Initiative: <a href=\"https:\/\/www.sicherheitneudenken.de\/\" target=\"_blank\" rel=\"noopener\">https:\/\/www.sicherheitneudenken.de\/<\/a><\/p>\n","protected":false},"excerpt":{"rendered":"<p>Der Jahresbericht 2024 der Initiative &#8222;Sicherheit neu denken&#8220; In Zeiten, die vielen von uns wenig ermutigend vorkommen, stellt der Jahresbericht der Initiative &#8222;Sicherheit neu denken&#8220; einen Lichtblick dar. Auf 13 Seiten gibt er in&#46;&#46;&#46;<\/p>\n","protected":false},"author":109,"featured_media":19157,"comment_status":"open","ping_status":"open","sticky":false,"template":"","format":"standard","meta":{"footnotes":""},"categories":[105],"tags":[144],"class_list":["post-19146","post","type-post","status-publish","format-standard","has-post-thumbnail","hentry","category-bericht","tag-sicherheitspolitik"],"_links":{"self":[{"href":"https:\/\/www.friedenkoeln.de\/index.php?rest_route=\/wp\/v2\/posts\/19146","targetHints":{"allow":["GET"]}}],"collection":[{"href":"https:\/\/www.friedenkoeln.de\/index.php?rest_route=\/wp\/v2\/posts"}],"about":[{"href":"https:\/\/www.friedenkoeln.de\/index.php?rest_route=\/wp\/v2\/types\/post"}],"author":[{"embeddable":true,"href":"https:\/\/www.friedenkoeln.de\/index.php?rest_route=\/wp\/v2\/users\/109"}],"replies":[{"embeddable":true,"href":"https:\/\/www.friedenkoeln.de\/index.php?rest_route=%2Fwp%2Fv2%2Fcomments&post=19146"}],"version-history":[{"count":3,"href":"https:\/\/www.friedenkoeln.de\/index.php?rest_route=\/wp\/v2\/posts\/19146\/revisions"}],"predecessor-version":[{"id":19158,"href":"https:\/\/www.friedenkoeln.de\/index.php?rest_route=\/wp\/v2\/posts\/19146\/revisions\/19158"}],"wp:featuredmedia":[{"embeddable":true,"href":"https:\/\/www.friedenkoeln.de\/index.php?rest_route=\/wp\/v2\/media\/19157"}],"wp:attachment":[{"href":"https:\/\/www.friedenkoeln.de\/index.php?rest_route=%2Fwp%2Fv2%2Fmedia&parent=19146"}],"wp:term":[{"taxonomy":"category","embeddable":true,"href":"https:\/\/www.friedenkoeln.de\/index.php?rest_route=%2Fwp%2Fv2%2Fcategories&post=19146"},{"taxonomy":"post_tag","embeddable":true,"href":"https:\/\/www.friedenkoeln.de\/index.php?rest_route=%2Fwp%2Fv2%2Ftags&post=19146"}],"curies":[{"name":"wp","href":"https:\/\/api.w.org\/{rel}","templated":true}]}}