{"id":19170,"date":"2025-06-17T09:45:27","date_gmt":"2025-06-17T07:45:27","guid":{"rendered":"https:\/\/www.friedenkoeln.de\/?p=19170"},"modified":"2025-06-17T09:45:27","modified_gmt":"2025-06-17T07:45:27","slug":"humanitaere-hilfe-statt-hungersnot-und-fehlender-medizinischer-versorgung","status":"publish","type":"post","link":"https:\/\/www.friedenkoeln.de\/?p=19170","title":{"rendered":"Humanit\u00e4re Hilfe statt Hungersnot und fehlender medizinischer Versorgung"},"content":{"rendered":"<h1>Waffenstillstand statt Waffenlieferungen<\/h1>\n<h3>\u00dcber 1000 \u00c4rzt*innen und Besch\u00e4ftigte im Gesundheitswesen zum Krieg in Gaza:<br \/>\nGlaubw\u00fcrdig f\u00fcr Menschenrechte und V\u00f6lkerrecht eintreten!<\/h3>\n<p class=\"p2\">Vor wenigen Wochen beendete der israelische Premierminister Netanjahu den ohnehin schon br\u00fcchigen Waffenstillstand im Gazastreifen. Inzwischen hat das Sicherheitskabinett beschlossen, die Offensive im Gazastreifen zu versch\u00e4rfen. Die vollst\u00e4ndige und dauerhafte Besetzung des Gazastreifens und eine \u201aEvakuierung\u2018 der Zivilbev\u00f6lkerung sind jetzt das offizielle Kriegsziel Israels \u2013 ganz im Sinne der Trump\u2019schen Pl\u00e4ne zur Umsiedlung der Pal\u00e4stinenser*innen.<\/p>\n<p class=\"p2\">Diese israelische Politik gef\u00e4hrdet nicht nur das Leben aller Pal\u00e4stinenser:innen, sondern auch das Leben der israelischen Geiseln und ist ein Schritt zu weiterer Eskalation mit gravierenden Folgen f\u00fcr k\u00fcnftige Jahrzehnte.<\/p>\n<h3 class=\"p3\">Humanit\u00e4re Katastrophe: <b><\/b><\/h3>\n<p class=\"p2\">Die israelische Blockade Gazas seit dem 2. M\u00e4rz f\u00fchrt zu einer humanit\u00e4ren Katastrophe: UNICEF warnt, dass alle 335.000 Kinder unter f\u00fcnf Jahren in Gaza vom Tod durch akute Unterern\u00e4hrung bedroht sind. Das UN-Weltern\u00e4hrungsprogramm (WFP) musste verk\u00fcnden, dass seine Vorr\u00e4te endg\u00fcltig aufgebraucht sind und die Suppenk\u00fcchen in Gaza geschlossen werden m\u00fcssen. Die Hungersnot hat laut UN-Angaben inzwischen den h\u00f6chsten Grad an Ern\u00e4hrungsknappheit erreicht. Gro\u00dfe Teile der Zivilbev\u00f6lkerung sind von jeglicher Versorgung abgeschnitten. Es gibt keine Nahrung, die Menschen in Gaza verhungern. Eltern kochen Gras und Bl\u00e4tter, um ihre Kinder irgendwie zu ern\u00e4hren. Nach Angaben von UNICEF werden derzeit 3.700 Kinder aufgrund schwerer Unterern\u00e4hrung behandelt.<\/p>\n<h3 class=\"p3\">Zerst\u00f6rung der Gesundheitsversorgung: <b><\/b><\/h3>\n<p class=\"p2\">Immer wieder wurden Krankenh\u00e4user und auch medizinisches Personal angegriffen \u2013 die zuletzt w\u00e4hrend eines Einsatzes get\u00f6teten 15 Sanit\u00e4ter sind nur ein Beispiel. Dar\u00fcber hinaus werden Gesundheitsmitarbeitende oft ohne jede Anklage auf Basis der sogenannten Administrativhaft interniert. Diese Angriffe stellen klare Verst\u00f6\u00dfe gegen das humanit\u00e4re V\u00f6lkerrecht und die Genfer Konventionen dar, die den Schutz von medizinischem Personal und Einrichtungen in bewaffneten Konflikten und Kriegen \u2013 weltweit \u2013 ausdr\u00fccklich garantieren.<\/p>\n<h3 class=\"p3\">Deutschland, die neue Bundesregierung und die Europ\u00e4ische Union stehen vor entscheidenden Fragen: <b><\/b><\/h3>\n<ul>\n<li class=\"p4\">Stehen sie an der Seite dieser israelischen Regierung, die auf Krieg, Besatzung und Landnahme setzt, oder auf der Seite der Menschenrechte, der pal\u00e4stinensischen Zivilbev\u00f6lkerung und der Hunderttausenden Israelis, die seit Monaten f\u00fcr einen dauerhaften Frieden demonstrieren?<\/li>\n<li class=\"p4\">Wollen sie weiterhin lediglich Appelle f\u00fcr einen Waffenstillstand formulieren oder ihre Verpflichtung gegen\u00fcber dem V\u00f6lkerrecht mit Taten untermauern?<\/li>\n<\/ul>\n<p class=\"p2\">Wer Frieden und Sicherheit f\u00fcr Israelis und Pal\u00e4stinenser*innen wirklich will, muss jetzt handeln. Das bedeutet, Netanjahu und seine Regierung nicht nur rhetorisch unter Druck zu setzen, sondern konkrete Schritte zu ergreifen:<\/p>\n<h3 class=\"p3\">Der erste Schritt w\u00e4re das sofortige Ende aller Waffenlieferungen an Israel, um die eskalierende Gewalt nicht noch weiter zu unterst\u00fctzen. <b><\/b><\/h3>\n<p class=\"p2\">Dieser Schritt w\u00fcrde nicht nur die pal\u00e4stinensische Zivilbev\u00f6lkerung sch\u00fctzen, sondern k\u00f6nnte auch den Druck auf die israelische Regierung erh\u00f6hen, an den Verhandlungstisch zur\u00fcckzukehren. Die Gewalt der Hamas am 7. Oktober 2023 stellt f\u00fcr die israelische Bev\u00f6lkerung ein kollektives Trauma dar. Ebenso stellt die israelische Zerst\u00f6rung Gazas, die mit mehr als 60.000 get\u00f6teten Pal\u00e4stinenser*innen einherging, ein Trauma f\u00fcr die pal\u00e4stinensische Bev\u00f6lkerung dar. Eine Fortsetzung der Gewalt wird diesen Konflikt nicht befrieden und die Traumata nicht lindern.<\/p>\n<h3 class=\"p3\">Wir \u2013 \u00c4rzt*innen und Besch\u00e4ftigte im Gesundheitswesen \u2013 fordern von der deutschen Regierung: <b><\/b><\/h3>\n<ul>\n<li class=\"p6\">mehr Druck f\u00fcr die sofortige Beendigung der v\u00f6lkerrechtswidrigen Blockade und den ungehinderten Zugang f\u00fcr Nahrungsmittel und humanit\u00e4re Hilfe einschlie\u00dflich der Unterst\u00fctzung des UN-Hilfswerk UNRWA, das eine zentrale S\u00e4ule der Versorgung ist,<\/li>\n<li class=\"p6\">entschiedenen Einsatz f\u00fcr einen sofortigen und dauerhaften Waffenstillstand, d.h. zun\u00e4chst f\u00fcr die R\u00fcckkehr zu der Waffenruhevereinbarung vom Januar dieses Jahres,<\/li>\n<li class=\"p6\">Respektierung der internationalen Gerichtsbarkeit mit den Entscheidungen des Internationalen Gerichtshofs und des Internationalen Strafgerichtshofs zur Situation in Pal\u00e4stina und Gaza,<\/li>\n<li class=\"p6\">Unterst\u00fctzung bei der medizinischen Versorgung, die durch die Zerst\u00f6rung der Infrastruktur und den Tod von Gesundheitspersonal kaum noch m\u00f6glich ist. Exemplarisch daf\u00fcr k\u00f6nnte die Behandlung schwer verletzter und krebskranker\/chronisch kranker Kinder in Deutschland sein.<\/li>\n<\/ul>\n<h3 class=\"p3\">So kann Deutschland aktiv dazu beitragen, dass die humanit\u00e4re Katastrophe in Gaza gemildert wird.<\/h3>\n<p>Den gesamten Brief mit Unterzeichner:<\/p>\n<p><a href=\"https:\/\/www.friedenkoeln.de\/wp-content\/uploads\/2025\/06\/2025_offener_Brief_aus_Gesundheitswesen_zu_Gaza.pdf\">Offner Brief aus dem Gesundheitswesen zu Gaza<\/a><\/p>\n","protected":false},"excerpt":{"rendered":"<p>Waffenstillstand statt Waffenlieferungen \u00dcber 1000 \u00c4rzt*innen und Besch\u00e4ftigte im Gesundheitswesen zum Krieg in Gaza: Glaubw\u00fcrdig f\u00fcr Menschenrechte und V\u00f6lkerrecht eintreten! Vor wenigen Wochen beendete der israelische Premierminister Netanjahu den ohnehin schon br\u00fcchigen Waffenstillstand im&#46;&#46;&#46;<\/p>\n","protected":false},"author":110,"featured_media":18595,"comment_status":"open","ping_status":"open","sticky":false,"template":"","format":"standard","meta":{"footnotes":""},"categories":[141],"tags":[],"class_list":["post-19170","post","type-post","status-publish","format-standard","has-post-thumbnail","hentry","category-brief"],"_links":{"self":[{"href":"https:\/\/www.friedenkoeln.de\/index.php?rest_route=\/wp\/v2\/posts\/19170","targetHints":{"allow":["GET"]}}],"collection":[{"href":"https:\/\/www.friedenkoeln.de\/index.php?rest_route=\/wp\/v2\/posts"}],"about":[{"href":"https:\/\/www.friedenkoeln.de\/index.php?rest_route=\/wp\/v2\/types\/post"}],"author":[{"embeddable":true,"href":"https:\/\/www.friedenkoeln.de\/index.php?rest_route=\/wp\/v2\/users\/110"}],"replies":[{"embeddable":true,"href":"https:\/\/www.friedenkoeln.de\/index.php?rest_route=%2Fwp%2Fv2%2Fcomments&post=19170"}],"version-history":[{"count":2,"href":"https:\/\/www.friedenkoeln.de\/index.php?rest_route=\/wp\/v2\/posts\/19170\/revisions"}],"predecessor-version":[{"id":19173,"href":"https:\/\/www.friedenkoeln.de\/index.php?rest_route=\/wp\/v2\/posts\/19170\/revisions\/19173"}],"wp:featuredmedia":[{"embeddable":true,"href":"https:\/\/www.friedenkoeln.de\/index.php?rest_route=\/wp\/v2\/media\/18595"}],"wp:attachment":[{"href":"https:\/\/www.friedenkoeln.de\/index.php?rest_route=%2Fwp%2Fv2%2Fmedia&parent=19170"}],"wp:term":[{"taxonomy":"category","embeddable":true,"href":"https:\/\/www.friedenkoeln.de\/index.php?rest_route=%2Fwp%2Fv2%2Fcategories&post=19170"},{"taxonomy":"post_tag","embeddable":true,"href":"https:\/\/www.friedenkoeln.de\/index.php?rest_route=%2Fwp%2Fv2%2Ftags&post=19170"}],"curies":[{"name":"wp","href":"https:\/\/api.w.org\/{rel}","templated":true}]}}