{"id":19181,"date":"2025-06-26T11:37:20","date_gmt":"2025-06-26T09:37:20","guid":{"rendered":"https:\/\/www.friedenkoeln.de\/?p=19181"},"modified":"2025-06-26T11:37:20","modified_gmt":"2025-06-26T09:37:20","slug":"trauer-um-bernhard-marsch","status":"publish","type":"post","link":"https:\/\/www.friedenkoeln.de\/?p=19181","title":{"rendered":"Trauer um Bernhard Marsch"},"content":{"rendered":"<p><img loading=\"lazy\" decoding=\"async\" class=\"wp-image-19183 alignright\" src=\"https:\/\/www.friedenkoeln.de\/wp-content\/uploads\/2025\/06\/Bernhard-Marsch-c-Martin-Boldt.jpg\" alt=\"\" width=\"702\" height=\"425\" srcset=\"https:\/\/www.friedenkoeln.de\/wp-content\/uploads\/2025\/06\/Bernhard-Marsch-c-Martin-Boldt.jpg 995w, https:\/\/www.friedenkoeln.de\/wp-content\/uploads\/2025\/06\/Bernhard-Marsch-c-Martin-Boldt-200x121.jpg 200w, https:\/\/www.friedenkoeln.de\/wp-content\/uploads\/2025\/06\/Bernhard-Marsch-c-Martin-Boldt-768x465.jpg 768w\" sizes=\"auto, (max-width: 702px) 100vw, 702px\" \/>Wir von der DFG-VK K\u00f6ln, Arbeitsgruppe Free Assange, sind sehr traurig \u00fcber den Verlust von Bernhard Marsch, den Leiter des K\u00f6lner FilmClubs 813. Er ist am 15.6. bei einem Verkehrsunfall in der K\u00f6lner S\u00fcdstadt t\u00f6dlich verungl\u00fcckt.<\/p>\n<p>Wir konnten in den letzten Jahren mit ihm zusammen in seinem Filmclub zwei Filme zu Julian Assange \/ Wikileaks erfolgreich zeigen: <a href=\"https:\/\/www.friedenkoeln.de\/?p=17313\">https:\/\/www.friedenkoeln.de\/?p=17313,\u00a0<\/a> <a href=\"https:\/\/www.friedenkoeln.de\/?p=17381\">https:\/\/www.friedenkoeln.de\/?p=17381<\/a><\/p>\n<p>2024 kam Julian Assange dann endlich nach Jahren des Freiheitsentzugs in England frei.\u00a0 Er hatte zuvor auf seiner Plattform Wikileaks Kriegsverbrechen publiziert.<\/p>\n<p>Hier ein Nachruf \u00fcber Bernhard Marsch im Portal &#8222;Filmszene K\u00f6ln&#8220;:\u00a0<a href=\"https:\/\/filmszene.koeln\/2025\/06\/17\/bernhard-marsch-ist-tot\/\">https:\/\/filmszene.koeln\/2025\/06\/17\/bernhard-marsch-ist-tot\/<\/a><br \/>\nund ein weiterer Nachruf im K\u00f6lner Stadtanzeiger:<a href=\"https:\/\/www.ksta.de\/kultur-medien\/nachruf-bernhard-marsch-war-die-querulante-seele-des-koelner-kinos-1046345\">https:\/\/www.ksta.de\/kultur-medien\/nachruf-bernhard-marsch-war-die-querulante-seele-des-koelner-kinos-1046345<\/a>.<\/p>\n<p>Andreas Erdmann , Mitglied der DFG-VK K\u00f6ln<\/p>\n","protected":false},"excerpt":{"rendered":"<p>Wir von der DFG-VK K\u00f6ln, Arbeitsgruppe Free Assange, sind sehr traurig \u00fcber den Verlust von Bernhard Marsch, den Leiter des K\u00f6lner FilmClubs 813. Er ist am 15.6. bei einem Verkehrsunfall in der K\u00f6lner S\u00fcdstadt&#46;&#46;&#46;<\/p>\n","protected":false},"author":109,"featured_media":19183,"comment_status":"open","ping_status":"open","sticky":false,"template":"","format":"standard","meta":{"footnotes":""},"categories":[227],"tags":[264,85,165],"class_list":["post-19181","post","type-post","status-publish","format-standard","has-post-thumbnail","hentry","category-nachruf","tag-assa","tag-kriegsverbrechen","tag-pressefreiheit"],"_links":{"self":[{"href":"https:\/\/www.friedenkoeln.de\/index.php?rest_route=\/wp\/v2\/posts\/19181","targetHints":{"allow":["GET"]}}],"collection":[{"href":"https:\/\/www.friedenkoeln.de\/index.php?rest_route=\/wp\/v2\/posts"}],"about":[{"href":"https:\/\/www.friedenkoeln.de\/index.php?rest_route=\/wp\/v2\/types\/post"}],"author":[{"embeddable":true,"href":"https:\/\/www.friedenkoeln.de\/index.php?rest_route=\/wp\/v2\/users\/109"}],"replies":[{"embeddable":true,"href":"https:\/\/www.friedenkoeln.de\/index.php?rest_route=%2Fwp%2Fv2%2Fcomments&post=19181"}],"version-history":[{"count":2,"href":"https:\/\/www.friedenkoeln.de\/index.php?rest_route=\/wp\/v2\/posts\/19181\/revisions"}],"predecessor-version":[{"id":19184,"href":"https:\/\/www.friedenkoeln.de\/index.php?rest_route=\/wp\/v2\/posts\/19181\/revisions\/19184"}],"wp:featuredmedia":[{"embeddable":true,"href":"https:\/\/www.friedenkoeln.de\/index.php?rest_route=\/wp\/v2\/media\/19183"}],"wp:attachment":[{"href":"https:\/\/www.friedenkoeln.de\/index.php?rest_route=%2Fwp%2Fv2%2Fmedia&parent=19181"}],"wp:term":[{"taxonomy":"category","embeddable":true,"href":"https:\/\/www.friedenkoeln.de\/index.php?rest_route=%2Fwp%2Fv2%2Fcategories&post=19181"},{"taxonomy":"post_tag","embeddable":true,"href":"https:\/\/www.friedenkoeln.de\/index.php?rest_route=%2Fwp%2Fv2%2Ftags&post=19181"}],"curies":[{"name":"wp","href":"https:\/\/api.w.org\/{rel}","templated":true}]}}