{"id":19186,"date":"2025-06-26T12:19:10","date_gmt":"2025-06-26T10:19:10","guid":{"rendered":"https:\/\/www.friedenkoeln.de\/?p=19186"},"modified":"2025-06-26T12:19:10","modified_gmt":"2025-06-26T10:19:10","slug":"10-jahre-sicherheit-neu-denken","status":"publish","type":"post","link":"https:\/\/www.friedenkoeln.de\/?p=19186","title":{"rendered":"10 Jahre &#8222;Sicherheit neu denken&#8220;"},"content":{"rendered":"<h3><img loading=\"lazy\" decoding=\"async\" class=\"size-full wp-image-19157 alignright\" src=\"https:\/\/www.friedenkoeln.de\/wp-content\/uploads\/2025\/06\/sicherheit_neu_denken_logo.jpg\" alt=\"Logo der Initiative &quot;Sicherheit neu denken&quot;\" width=\"283\" height=\"283\" srcset=\"https:\/\/www.friedenkoeln.de\/wp-content\/uploads\/2025\/06\/sicherheit_neu_denken_logo.jpg 283w, https:\/\/www.friedenkoeln.de\/wp-content\/uploads\/2025\/06\/sicherheit_neu_denken_logo-200x200.jpg 200w, https:\/\/www.friedenkoeln.de\/wp-content\/uploads\/2025\/06\/sicherheit_neu_denken_logo-80x80.jpg 80w\" sizes=\"auto, (max-width: 283px) 100vw, 283px\" \/>Zukunftsf\u00e4hige zivile Wege zum Frieden &#8211; wichtiger denn je<\/h3>\n<h4>Jubil\u00e4ums-Aktiventreffen 2025 der Initiative Sicherheit neu denken<br \/>\n28.-30. November 2025 in der Friedensstadt Bad Kreuznach<\/h4>\n<p>2015 bis 2018 wurde im Auftrag der Ev. Landeskirche in Baden das Szenario \u201eSicherheit neu denken &#8211; von der milit\u00e4rischen zur zivilen Sicherheitspolitik\u201c von einer bundesweiten Expert*innengruppe erarbeitet.<\/p>\n<p>Seit dessen Ver\u00f6ffentlichung wirken in Deutschland und inzwischen auch in anderen europ\u00e4ischen L\u00e4ndern und afrikanischen Regionen Sicherheit neu denken Initiativen. Wir wollen in der Friedensstadt Bad Kreuznach feiern, was seit 2015 gewachsen ist.<\/p>\n<p>In Bad Kreuznach haben Bundeskanzler Adenauer und Pr\u00e4sident de Gaulle 1958 beim ersten offiziellen Regierungstreffen die deutsch-franz\u00f6sische Auss\u00f6hnung und Freundschaft grundgelegt. Auch Bundeskanzler Helmut Kohl und der franz\u00f6sischeStaatspr\u00e4sident Fran\u00e7ois Mitterand haben sich 1984 in Bad Kreuznach getroffen. An diesen Geist wollen wir bei unserem Treffen ankn\u00fcpfen.<\/p>\n<p>Das Treffen wird auf der <strong>Ebernburg in Bad Kreuznach<\/strong> stattfinden. Die Kosten f\u00fcr das gesamteWochenende (Freitag bis Sonntag) inklusive Unterbringung im DZ und Verpflegung staffelnsich wie folgt:<\/p>\n<p>150,- \u20ac f\u00fcr Geringverdiener*innen \/ Studierende<br \/>\n220,- \u20ac Normalbetrag<br \/>\n280 \u20ac als Solidarit\u00e4tsbeitrag, um die Teilnahme f\u00fcr Personen zu erm\u00f6glichen, die ansonstennicht teilnehmen k\u00f6nnten.<br \/>\nEinzelzimmer sind verf\u00fcgbar f\u00fcr 25,- \u20ac mehr pro Nacht.<\/p>\n<p><strong>Anmeldungen sind bis zum 15. September 2025 m\u00f6glich<\/strong>. Schickt uns hierzu eine E-Mail an <a href=\"mailto:ursula-rapp@gmx.de\">ursula-rapp@gmx.de<\/a> mit eurem Namen, eurer Adresse und ggf. der Organisation, die ihrvertretet. Wir bitten euch zeitgleich den Teilnahmebeitrag auf folgendes Konto (unter demStichwort \u201eSND Aktiventreffen\u201c) zu \u00fcberweisen<br \/>\n:DE74 6649 2700 3700 6079 16, Empf\u00e4ngerin: Birgit Lehmann \/ Sicherheit neu denken<\/p>\n<p>F\u00fcr R\u00fcckfragen wendet euch an Ursula Rapp: <a href=\"mailto:ursula-rapp@gmx.de\">ursula-rapp@gmx.de<\/a><\/p>\n<h4><img loading=\"lazy\" decoding=\"async\" class=\"alignnone size-full wp-image-19192\" src=\"https:\/\/www.friedenkoeln.de\/wp-content\/uploads\/2025\/06\/SND-Programm-S1.png\" alt=\"\" width=\"762\" height=\"1080\" srcset=\"https:\/\/www.friedenkoeln.de\/wp-content\/uploads\/2025\/06\/SND-Programm-S1.png 762w, https:\/\/www.friedenkoeln.de\/wp-content\/uploads\/2025\/06\/SND-Programm-S1-141x200.png 141w\" sizes=\"auto, (max-width: 762px) 100vw, 762px\" \/><\/h4>\n<p><a href=\"https:\/\/www.friedenkoeln.de\/wp-content\/uploads\/2025\/06\/Einladung-SND-Jubilaeums-Aktiventreffen-28.-30.-November-2025.pdf\">Einladung und Programm herunterladen (pdf)<\/a><\/p>\n","protected":false},"excerpt":{"rendered":"<p>Zukunftsf\u00e4hige zivile Wege zum Frieden &#8211; wichtiger denn je Jubil\u00e4ums-Aktiventreffen 2025 der Initiative Sicherheit neu denken 28.-30. November 2025 in der Friedensstadt Bad Kreuznach 2015 bis 2018 wurde im Auftrag der Ev. Landeskirche in&#46;&#46;&#46;<\/p>\n","protected":false},"author":109,"featured_media":19157,"comment_status":"open","ping_status":"open","sticky":false,"template":"","format":"standard","meta":{"footnotes":""},"categories":[104],"tags":[144,265],"class_list":["post-19186","post","type-post","status-publish","format-standard","has-post-thumbnail","hentry","category-ankuendigung","tag-sicherheitspolitik","tag-snd"],"_links":{"self":[{"href":"https:\/\/www.friedenkoeln.de\/index.php?rest_route=\/wp\/v2\/posts\/19186","targetHints":{"allow":["GET"]}}],"collection":[{"href":"https:\/\/www.friedenkoeln.de\/index.php?rest_route=\/wp\/v2\/posts"}],"about":[{"href":"https:\/\/www.friedenkoeln.de\/index.php?rest_route=\/wp\/v2\/types\/post"}],"author":[{"embeddable":true,"href":"https:\/\/www.friedenkoeln.de\/index.php?rest_route=\/wp\/v2\/users\/109"}],"replies":[{"embeddable":true,"href":"https:\/\/www.friedenkoeln.de\/index.php?rest_route=%2Fwp%2Fv2%2Fcomments&post=19186"}],"version-history":[{"count":8,"href":"https:\/\/www.friedenkoeln.de\/index.php?rest_route=\/wp\/v2\/posts\/19186\/revisions"}],"predecessor-version":[{"id":19195,"href":"https:\/\/www.friedenkoeln.de\/index.php?rest_route=\/wp\/v2\/posts\/19186\/revisions\/19195"}],"wp:featuredmedia":[{"embeddable":true,"href":"https:\/\/www.friedenkoeln.de\/index.php?rest_route=\/wp\/v2\/media\/19157"}],"wp:attachment":[{"href":"https:\/\/www.friedenkoeln.de\/index.php?rest_route=%2Fwp%2Fv2%2Fmedia&parent=19186"}],"wp:term":[{"taxonomy":"category","embeddable":true,"href":"https:\/\/www.friedenkoeln.de\/index.php?rest_route=%2Fwp%2Fv2%2Fcategories&post=19186"},{"taxonomy":"post_tag","embeddable":true,"href":"https:\/\/www.friedenkoeln.de\/index.php?rest_route=%2Fwp%2Fv2%2Ftags&post=19186"}],"curies":[{"name":"wp","href":"https:\/\/api.w.org\/{rel}","templated":true}]}}