{"id":19243,"date":"2025-08-15T11:53:07","date_gmt":"2025-08-15T09:53:07","guid":{"rendered":"https:\/\/www.friedenkoeln.de\/?p=19243"},"modified":"2025-08-15T11:53:07","modified_gmt":"2025-08-15T09:53:07","slug":"versammlungsfreiheit-verteidigen-militarismus-stoppen","status":"publish","type":"post","link":"https:\/\/www.friedenkoeln.de\/?p=19243","title":{"rendered":"Versammlungsfreiheit verteidigen \u2013 Militarismus stoppen!"},"content":{"rendered":"<p><a href=\"https:\/\/rheinmetallentwaffnen.noblogs.org\/\"><img loading=\"lazy\" decoding=\"async\" class=\"alignleft wp-image-19244\" src=\"https:\/\/www.friedenkoeln.de\/wp-content\/uploads\/2025\/08\/rme_koeln_2025-768x768-1-500x500.jpg\" alt=\"Wir kommen nach K\u00f6ln!!\" width=\"450\" height=\"450\" srcset=\"https:\/\/www.friedenkoeln.de\/wp-content\/uploads\/2025\/08\/rme_koeln_2025-768x768-1-500x500.jpg 500w, https:\/\/www.friedenkoeln.de\/wp-content\/uploads\/2025\/08\/rme_koeln_2025-768x768-1-200x200.jpg 200w, https:\/\/www.friedenkoeln.de\/wp-content\/uploads\/2025\/08\/rme_koeln_2025-768x768-1-80x80.jpg 80w, https:\/\/www.friedenkoeln.de\/wp-content\/uploads\/2025\/08\/rme_koeln_2025-768x768-1-320x320.jpg 320w, https:\/\/www.friedenkoeln.de\/wp-content\/uploads\/2025\/08\/rme_koeln_2025-768x768-1.jpg 768w\" sizes=\"auto, (max-width: 450px) 100vw, 450px\" \/><\/a><\/p>\n<p>Die K\u00f6lner Polizei hat das f\u00fcr Ende August geplante antimilitaristische Camp und die Demonstration des B\u00fcndnisses \u201eRheinmetall entwaffnen\u201c verboten. Damit wird das im Grundgesetz garantierte Versammlungsrecht massiv verletzt.<\/p>\n<p data-start=\"410\" data-end=\"606\">Gerade jetzt sind Proteste gegen Krieg, Aufr\u00fcstung, Waffenexporte und die geplante Wehrpflicht unverzichtbar. Ein solches Verbot zeigt, wie der zunehmende Militarismus unsere Demokratie bedroht.<\/p>\n<p>&nbsp;<\/p>\n<p data-start=\"608\" data-end=\"781\">Wir lassen uns nicht einsch\u00fcchtern: Workshops, Aktionen, Kundgebungen mit Musik und die Friedensparade geh\u00f6ren auf die Stra\u00dfe \u2013 nicht ins polizeiliche Verbot.<\/p>\n<h4 data-start=\"783\" data-end=\"901\"><\/h4>\n<h4 data-start=\"783\" data-end=\"901\"><\/h4>\n<h4 data-start=\"783\" data-end=\"901\"><\/h4>\n<p>&nbsp;<\/p>\n<p>&nbsp;<\/p>\n<h4 data-start=\"783\" data-end=\"901\">Die DFG-VK K\u00f6ln steht solidarisch an der Seite von \u201eRheinmetall entwaffnen\u201c und fordert: Verbot sofort aufheben!<\/h4>\n<p data-start=\"783\" data-end=\"901\">Bitte unterst\u00fctzt die Petition: <a href=\"https:\/\/chng.it\/YDKyVkr7Rz\" target=\"_blank\" rel=\"noopener\">https:\/\/chng.it\/YDKyVkr7Rz<\/a><\/p>\n<p data-start=\"783\" data-end=\"901\">weitere Infos: <a href=\"https:\/\/rheinmetallentwaffnen.noblogs.org\/\" target=\"_blank\" rel=\"noopener\">https:\/\/rheinmetallentwaffnen.noblogs.org\/<\/a><\/p>\n","protected":false},"excerpt":{"rendered":"<p>Die K\u00f6lner Polizei hat das f\u00fcr Ende August geplante antimilitaristische Camp und die Demonstration des B\u00fcndnisses \u201eRheinmetall entwaffnen\u201c verboten. Damit wird das im Grundgesetz garantierte Versammlungsrecht massiv verletzt. Gerade jetzt sind Proteste gegen Krieg,&#46;&#46;&#46;<\/p>\n","protected":false},"author":110,"featured_media":19244,"comment_status":"open","ping_status":"open","sticky":false,"template":"","format":"standard","meta":{"footnotes":""},"categories":[2,116],"tags":[],"class_list":["post-19243","post","type-post","status-publish","format-standard","has-post-thumbnail","hentry","category-aktionen","category-aufruf"],"_links":{"self":[{"href":"https:\/\/www.friedenkoeln.de\/index.php?rest_route=\/wp\/v2\/posts\/19243","targetHints":{"allow":["GET"]}}],"collection":[{"href":"https:\/\/www.friedenkoeln.de\/index.php?rest_route=\/wp\/v2\/posts"}],"about":[{"href":"https:\/\/www.friedenkoeln.de\/index.php?rest_route=\/wp\/v2\/types\/post"}],"author":[{"embeddable":true,"href":"https:\/\/www.friedenkoeln.de\/index.php?rest_route=\/wp\/v2\/users\/110"}],"replies":[{"embeddable":true,"href":"https:\/\/www.friedenkoeln.de\/index.php?rest_route=%2Fwp%2Fv2%2Fcomments&post=19243"}],"version-history":[{"count":10,"href":"https:\/\/www.friedenkoeln.de\/index.php?rest_route=\/wp\/v2\/posts\/19243\/revisions"}],"predecessor-version":[{"id":19254,"href":"https:\/\/www.friedenkoeln.de\/index.php?rest_route=\/wp\/v2\/posts\/19243\/revisions\/19254"}],"wp:featuredmedia":[{"embeddable":true,"href":"https:\/\/www.friedenkoeln.de\/index.php?rest_route=\/wp\/v2\/media\/19244"}],"wp:attachment":[{"href":"https:\/\/www.friedenkoeln.de\/index.php?rest_route=%2Fwp%2Fv2%2Fmedia&parent=19243"}],"wp:term":[{"taxonomy":"category","embeddable":true,"href":"https:\/\/www.friedenkoeln.de\/index.php?rest_route=%2Fwp%2Fv2%2Fcategories&post=19243"},{"taxonomy":"post_tag","embeddable":true,"href":"https:\/\/www.friedenkoeln.de\/index.php?rest_route=%2Fwp%2Fv2%2Ftags&post=19243"}],"curies":[{"name":"wp","href":"https:\/\/api.w.org\/{rel}","templated":true}]}}