{"id":19256,"date":"2025-08-17T20:08:17","date_gmt":"2025-08-17T18:08:17","guid":{"rendered":"https:\/\/www.friedenkoeln.de\/?p=19256"},"modified":"2025-08-28T08:49:01","modified_gmt":"2025-08-28T06:49:01","slug":"30-08-auf-zum-antikriegstrag","status":"publish","type":"post","link":"https:\/\/www.friedenkoeln.de\/?p=19256","title":{"rendered":"30.08. \u2013 Auf zum Antikriegstag!"},"content":{"rendered":"<h2>Demo: Frieden schaffen \u2013 Aufr\u00fcstung stoppen!<br \/>\nGemeinsam f\u00fcr internationale Solidarit\u00e4t und Einhaltung des V\u00f6lkerrechts<\/h2>\n<h3>Wann und Wo: 13:30 Heumarkt<\/h3>\n<div><\/div>\n<div><strong>Programm:\u00a0<\/strong><\/div>\n<ul>\n<li><strong>13:30<\/strong> Auftaktkundgebung am Heumarkt.<\/li>\n<li>Anschlie\u00dfend gemeinsame Demo mit dem Camp von Rheinmetall Entwaffnen zum Choldwigplatz und gemeinsame Kundgebung.\u2028(Das Verbot des Camps muss zur\u00fcckgenommen werden, hier unterschreiben!: <a href=\"https:\/\/chng.it\/WPDkGqLFqb\" target=\"_blank\" rel=\"noopener\">https:\/\/chng.it\/WPDkGqLFqb<\/a>. Der Krieg ist das Verbrechen, nicht der Antimilitarismus.)<\/li>\n<li>Abschlie\u00dfend: Musik und Kultur f\u00fcr den Frieden auf dem Chlodwigplatz, mit Livemusik, Friedensgedichten und Vorstellung von politischen Initiativen gegen Militarisierung in K\u00f6ln!<\/li>\n<\/ul>\n<div><\/div>\n<div><strong>Mit Reden von:\u00a0<\/strong><\/div>\n<ul>\n<li><strong>Ulrich Schneider<\/strong>, Historiker, Generalsekret\u00e4r der Internationalen F\u00f6deration der Widerstandsk\u00e4mpfer (FIR) \u2013 Bund der Antifaschisten<\/li>\n<li><strong>Ludo De Brabander<\/strong>, belgische Friedensbewegung (VREDE.be)<\/li>\n<li><strong>Jos\u00e9 Nivoi<\/strong>, Sprecher des Autonomen Hafenarbeiterkollektivs (Collettivo Autonomo Lavoratori Portuali, CALP) in Genua (angefragt)<\/li>\n<\/ul>\n<div><\/div>\n<div><strong>Gru\u00dfw\u00f6rter:<\/strong><\/div>\n<ul>\n<li><strong>Nicola Casawati<\/strong>, B\u00fcrgermeister der K\u00f6lner Partnerstadt Bethlehem<\/li>\n<li><strong>Jurij Starovatych<\/strong>, ehemaliger Wolgograder Oberb\u00fcrgermeister und Vorsitzender der Wolgograder Abteilung der Friedensstiftung. Er hat 1988 die St\u00e4dtepartnerschaft K\u00f6ln-Wolgograd mit ins Leben gerufen.<\/li>\n<li><strong>Israelische Friedensbewegung<\/strong> (angefragt)<\/li>\n<li><strong>Friedensworte einer K\u00f6lner Zeitzeugin<\/strong> von Krieg und Faschismus<\/li>\n<\/ul>\n<div><\/div>\n<div><strong>Konzert und Kultur auf dem Chlodwigplatz:\u00a0<\/strong><\/div>\n<ul>\n<li><strong>Vorstellung politischer Initiativen<\/strong> gegen Militarisierung in K\u00f6ln und f\u00fcr eine Stadt des Friedens<\/li>\n<li><strong>Stra\u00dfenmusikgruppe aus Studierenden<\/strong>, die auf die Situation in Pal\u00e4stina aufmerksam machen will<\/li>\n<li><strong>K\u00f6lner St\u00e4dtepartnerschaftschor<\/strong><\/li>\n<li><strong>Magic Darragh<\/strong>, Liedermacher aus Irland<\/li>\n<li><strong>Friedensgedichte<\/strong> auf Arabisch, Persisch, Jiddisch und Hebr\u00e4isch mit deutscher \u00dcbersetzung<\/li>\n<\/ul>\n<p><img loading=\"lazy\" decoding=\"async\" class=\"aligncenter wp-image-19263\" src=\"https:\/\/www.friedenkoeln.de\/wp-content\/uploads\/2025\/08\/Antikriegstag2025-Facebook-1536x584-1-500x500.jpg\" alt=\"\" width=\"800\" height=\"304\" srcset=\"https:\/\/www.friedenkoeln.de\/wp-content\/uploads\/2025\/08\/Antikriegstag2025-Facebook-1536x584-1-200x76.jpg 200w, https:\/\/www.friedenkoeln.de\/wp-content\/uploads\/2025\/08\/Antikriegstag2025-Facebook-1536x584-1-768x292.jpg 768w, https:\/\/www.friedenkoeln.de\/wp-content\/uploads\/2025\/08\/Antikriegstag2025-Facebook-1536x584-1-1320x500.jpg 1320w, https:\/\/www.friedenkoeln.de\/wp-content\/uploads\/2025\/08\/Antikriegstag2025-Facebook-1536x584-1.jpg 1536w\" sizes=\"auto, (max-width: 800px) 100vw, 800px\" \/><\/p>\n<h2>Aufruf zum Antikriegstag:<\/h2>\n<p>\u201e<em>Die Roheit kommt nicht von der Roheit, sondern von den Gesch\u00e4ften, die ohne sie nicht mehr gemacht werden k\u00f6nnen.\u201c\u2028<\/em>Bertolt Brecht<\/p>\n<h4><strong>Liebe Mitb\u00fcrger*innen<\/strong>,<\/h4>\n<p>der globale R\u00fcstungswettlauf und die zunehmende Militarisierung der Gesellschaften gef\u00e4hrden aktuell den Frieden weltweit. Sie binden Ressourcen, die f\u00fcr den Klimaschutz, den Kampf gegen Hungersn\u00f6te und f\u00fcr soziale Gerechtigkeit fehlen \u2013 und sch\u00fcren neue Konflikte.<\/p>\n<p>Fast 50% des Bundeshaushalts w\u00fcrden f\u00fcr R\u00fcstung verpulvert, wenn 5% des Bruttoinlandsprodukts f\u00fcr \u201eVerteidigung\u201c ausgegeben w\u00fcrden, wie die rechte Trump-Regierung gefordert und die NATO beschlossen hat.<\/p>\n<p>Es sind auch deutsche Waffen die weltweit Kriege und Gewalt befeuern.<\/p>\n<h4>Dagegen m\u00fcssen wir unsere Stimme erheben!<\/h4>\n<p>Wir rufen alle auf, anl\u00e4sslich des Antikriegstags, des Jahrestags des \u00dcberfalls Deutschlands auf Polen am 1. September 1939 mit uns gegen rechts, f\u00fcr Abr\u00fcstung und soziale Verbesserung, f\u00fcr Menschenrechte und f\u00fcr Frieden zu demonstrieren!<\/p>\n<p>Mit der Begr\u00fcndung einer angeblichen Bedrohung durch Russland, haben viele Staaten, darunter Deutschland, massive zus\u00e4tzliche Ausgaben f\u00fcr Waffen, milit\u00e4rische Infrastruktur und Ma\u00dfnahmen zur Kriegsvorbereitung in allen gesellschaftlichen Bereichen (Wirtschaft, Bildung, Gesundheitswesen u.v.m.) eingeleitet.<\/p>\n<p>Die Bundesregierung behauptet, dass diplomatische Verhandlungen zur Wahrung des Friedens nicht m\u00f6glich seien, stattdessen brauche es immer weitere \u201eAbschreckung\u201c, \u201eVerteidigung\u201c und Waffenlieferungen. Begr\u00fcndet wird dies wiederum mit dem weiterhin andauernden Krieg Russlands gegen die Ukraine und den begleitenden bislang erfolglosen Bem\u00fchungen um Waffenstillstand oder einer Beendigung des Krieges.<\/p>\n<h4>Diese Begr\u00fcndungen sind nicht hinnehmbar!<\/h4>\n<p>Wie sollen die Hochr\u00fcstung der BRD und der NATO, die Lieferung immer schwererer Waffen an die Ukraine und die angek\u00fcndigte Stationierung von Mittelstreckenraketen in Deutschland die Spirale der Eskalation durchbrechen und das T\u00f6ten und Sterben in der Ukraine beenden?<\/p>\n<p>Ist es tats\u00e4chlich der postulierte Eroberungsdrang Wladimir Putins, der Deutschland, Europa und die ganze Welt gef\u00e4hrdet, oder liegt die Bedrohung nicht vielmehr in der Aufr\u00fcstungsspirale und damit einhergehenden Provokationen auf allen Seiten?<\/p>\n<p>In welchem Ausma\u00df haben wirklich ernst gemeinte internationale diplomatische Bem\u00fchungen um Frieden stattgefunden?<br \/>\nWarum wird man in Deutschland zunehmend als naiv und vertr\u00e4umt diffamiert, wenn man sich f\u00fcr Frieden und friedliche Konfliktl\u00f6sungen einsetzt?<\/p>\n<p>Wir erleben gerade, dass die wichtigen Errungenschaften nach 1945: die UN- Charta, das internationale V\u00f6lkerrecht und der internationale Gerichtshof missachtet, diffamiert und sabotiert werden.<\/p>\n<p>Unter dem Deckmantel einer sogenannten \u201eStaatsraison\u201c unterst\u00fctzt die deutsche Bundesregierung weiterhin milit\u00e4risch, wirtschaftlich und politisch das israelische Regime, obwohl ein inzwischen f\u00fcr alle offensichtlicher Genozid an der pal\u00e4stinensischen Bev\u00f6lkerung ver\u00fcbt wird.<\/p>\n<p>Ja, Deutschland sollte Verantwortung \u00fcbernehmen nach den Menschheitsverbrechen der NS- Zeit, ver\u00fcbt an J\u00fcd*innen, Sinti*zze und Rom*nja, Pol*innen, Russe*innen, Homosexuellen, Menschen mit Behinderung und politisch Andersdenkenden\u2026<\/p>\n<p>Die Verantwortung, dass so etwas nie wieder passiert!<\/p>\n<p>Die Verantwortung f\u00fcr die Einhaltung universeller Menschenrechte, die f\u00fcr alle gelten!<\/p>\n<h4>Darum fordern wir:<\/h4>\n<p>\u25ba Abr\u00fcstung und Investitionen in die globale soziale und \u00f6kologische Zukunft statt in Waffen!<br \/>\n\u25ba Die Beendigung von Waffenlieferungen, den Ausbau humanit\u00e4rer Hilfe und Initiativen f\u00fcr den Wiederaufbau aller vom Krieg betroffenen Regionen weltweit.<br \/>\n\u25ba Keine Stationierung von atomwaffenf\u00e4higen US-Mittelstreckenwaffen und sofortige Initiative f\u00fcr Friedensverhandlungen in der Ukraine, f\u00fcr (atomare) Abr\u00fcstung und gemeinsame Sicherheit in Europa mit der Ukraine und Russland!<br \/>\n\u25ba Konsequente Bekennung Deutschlands zur UN- Charta und dem internationalen V\u00f6lkerrecht!<br \/>\n\u25baErh\u00f6hung des internationalen Drucks auf Israel zur sofortigen Beendigung des Genozids gegen\u00fcber der pal\u00e4stinensischen Bev\u00f6lkerung, K\u00fcndigung des EU-Assoziierungsabkommens mit Israel und Anerkennung des Staates Pal\u00e4stina<br \/>\n\u25baSchnellstm\u00f6gliche ad\u00e4quate Versorgung der notleidenden Menschen in Gaza mit Nahrung, Sachmitteln sowie medizinischer Behandlung durch qualifizierte Hilfsorganisationen unter der Leitung\/ Koordination der UN<br \/>\n\u25baStopp der Militarisierung der Gesellschaft! Nein zu Wehrpflicht, Nein zu R\u00fcstungsforschung und zu Jugendoffizieren an den Schulen, Ja zur Zivilklausel und zur Friedensbildung!<br \/>\n\u25ba Internationale Kooperation und Solidarit\u00e4t f\u00fcr Frieden!<\/p>\n<h2>Kommt alle am 30.08. zum Heumarkt!<\/h2>\n<p>Flyer zum Download: <a href=\"https:\/\/www.friedenkoeln.de\/wp-content\/uploads\/2025\/08\/Antikriegstag2025-Flyer-fortlaufend.pdf\">Antikriegstag2025-Flyer<\/a><\/p>\n<h4>Gemeinsam setzen wir ein Zeichen: F\u00fcr eine friedliche Welt \u2013 ohne Milit\u00e4rlogik<\/h4>\n<p><em>\u201eNicht Gewehrkugeln und Gener\u00e4le machen Geschichte, sondern die Massen.\u201c<\/em>\u2028Nelson Mandela<\/p>\n<p>Initiiert vom K\u00f6lner Friedensforum<\/p>\n","protected":false},"excerpt":{"rendered":"<p>Demo: Frieden schaffen \u2013 Aufr\u00fcstung stoppen! Gemeinsam f\u00fcr internationale Solidarit\u00e4t und Einhaltung des V\u00f6lkerrechts Wann und Wo: 13:30 Heumarkt Programm:\u00a0 13:30 Auftaktkundgebung am Heumarkt. Anschlie\u00dfend gemeinsame Demo mit dem Camp von Rheinmetall Entwaffnen zum&#46;&#46;&#46;<\/p>\n","protected":false},"author":110,"featured_media":19261,"comment_status":"open","ping_status":"open","sticky":false,"template":"","format":"standard","meta":{"footnotes":""},"categories":[2,104,116],"tags":[],"class_list":["post-19256","post","type-post","status-publish","format-standard","has-post-thumbnail","hentry","category-aktionen","category-ankuendigung","category-aufruf"],"_links":{"self":[{"href":"https:\/\/www.friedenkoeln.de\/index.php?rest_route=\/wp\/v2\/posts\/19256","targetHints":{"allow":["GET"]}}],"collection":[{"href":"https:\/\/www.friedenkoeln.de\/index.php?rest_route=\/wp\/v2\/posts"}],"about":[{"href":"https:\/\/www.friedenkoeln.de\/index.php?rest_route=\/wp\/v2\/types\/post"}],"author":[{"embeddable":true,"href":"https:\/\/www.friedenkoeln.de\/index.php?rest_route=\/wp\/v2\/users\/110"}],"replies":[{"embeddable":true,"href":"https:\/\/www.friedenkoeln.de\/index.php?rest_route=%2Fwp%2Fv2%2Fcomments&post=19256"}],"version-history":[{"count":9,"href":"https:\/\/www.friedenkoeln.de\/index.php?rest_route=\/wp\/v2\/posts\/19256\/revisions"}],"predecessor-version":[{"id":19296,"href":"https:\/\/www.friedenkoeln.de\/index.php?rest_route=\/wp\/v2\/posts\/19256\/revisions\/19296"}],"wp:featuredmedia":[{"embeddable":true,"href":"https:\/\/www.friedenkoeln.de\/index.php?rest_route=\/wp\/v2\/media\/19261"}],"wp:attachment":[{"href":"https:\/\/www.friedenkoeln.de\/index.php?rest_route=%2Fwp%2Fv2%2Fmedia&parent=19256"}],"wp:term":[{"taxonomy":"category","embeddable":true,"href":"https:\/\/www.friedenkoeln.de\/index.php?rest_route=%2Fwp%2Fv2%2Fcategories&post=19256"},{"taxonomy":"post_tag","embeddable":true,"href":"https:\/\/www.friedenkoeln.de\/index.php?rest_route=%2Fwp%2Fv2%2Ftags&post=19256"}],"curies":[{"name":"wp","href":"https:\/\/api.w.org\/{rel}","templated":true}]}}