{"id":19269,"date":"2025-08-17T20:32:29","date_gmt":"2025-08-17T18:32:29","guid":{"rendered":"https:\/\/www.friedenkoeln.de\/?p=19269"},"modified":"2025-08-17T20:32:29","modified_gmt":"2025-08-17T18:32:29","slug":"workshop-wehrpflicht-ohne-mich","status":"publish","type":"post","link":"https:\/\/www.friedenkoeln.de\/?p=19269","title":{"rendered":"Workshop: Wehrpflicht? &#8211; Ohne mich!"},"content":{"rendered":"<p><img loading=\"lazy\" decoding=\"async\" class=\"alignleft wp-image-19270\" src=\"https:\/\/www.friedenkoeln.de\/wp-content\/uploads\/2025\/08\/Workshop.zip-1-500x500.png\" alt=\"\" width=\"400\" height=\"400\" srcset=\"https:\/\/www.friedenkoeln.de\/wp-content\/uploads\/2025\/08\/Workshop.zip-1-500x500.png 500w, https:\/\/www.friedenkoeln.de\/wp-content\/uploads\/2025\/08\/Workshop.zip-1-200x200.png 200w, https:\/\/www.friedenkoeln.de\/wp-content\/uploads\/2025\/08\/Workshop.zip-1-80x80.png 80w, https:\/\/www.friedenkoeln.de\/wp-content\/uploads\/2025\/08\/Workshop.zip-1-320x320.png 320w, https:\/\/www.friedenkoeln.de\/wp-content\/uploads\/2025\/08\/Workshop.zip-1.png 598w\" sizes=\"auto, (max-width: 400px) 100vw, 400px\" \/><\/p>\n<h3>Mittwoch, 27.08.25, Uhrzeit 16 Uhr<\/h3>\n<p>Rheinmetall Entwaffnen Camp (n\u00e4he Hans-B\u00f6ckler Platz) <a href=\"https:\/\/rheinmetallentwaffnen.noblogs.org\/\" target=\"_blank\" rel=\"noopener\">https:\/\/rheinmetallentwaffnen.noblogs.org\/<\/a><\/p>\n<p>Wieder einmal diskutieren Politiker*innen \u00fcber die Einf\u00fchrung eines verpflichtenden Wehrdienstes. \u00dcber die Einf\u00fchrung eines \u201efreiwilligen Wehrdienstes\u201c will die Bundesregierungen mit der Erfassung aller potentiellen Wehrpflichtigen die Einf\u00fchrung einer Wehrpflicht praktisch wie ideologisch vorbereiten.<\/p>\n<p>In dem Workshop werden verschiedenen Strategien und Argumente f\u00fcr eine Verweigerung des Kriegsdienstes und des Widerstands gegen den neuen Wehrdienst zur Diskussion gestellt.<\/p>\n<p>&nbsp;<\/p>\n<p>Im zweiten Teil des Workshops geht es um die Vorbereitung einer konkreten Intervention gegen das Werben f\u00fcr das Sterben an den Schulen K\u00f6lns.<\/p>\n<p>Weitere Infos: <a href=\"https:\/\/ohnemich.dfg-vk.de\/\" target=\"_blank\" rel=\"noopener\">https:\/\/ohnemich.dfg-vk.de\/<\/a> \/\/ <a href=\"https:\/\/kdv.dfg-vk.de\/\" target=\"_blank\" rel=\"noopener\">www.verweigern.info<\/a> \/\/ <a href=\"https:\/\/subversive-theorie.de\/\" target=\"_blank\" rel=\"noopener\">www.subversive-theorie.de<\/a><\/p>\n<p>Der Workshop wird von Antimilitarist*innen aus K\u00f6ln, DFG VK K\u00f6ln &amp; Subversive Theorie vorbereitet.<\/p>\n","protected":false},"excerpt":{"rendered":"<p>Mittwoch, 27.08.25, Uhrzeit 16 Uhr Rheinmetall Entwaffnen Camp (n\u00e4he Hans-B\u00f6ckler Platz) https:\/\/rheinmetallentwaffnen.noblogs.org\/ Wieder einmal diskutieren Politiker*innen \u00fcber die Einf\u00fchrung eines verpflichtenden Wehrdienstes. \u00dcber die Einf\u00fchrung eines \u201efreiwilligen Wehrdienstes\u201c will die Bundesregierungen mit der Erfassung&#46;&#46;&#46;<\/p>\n","protected":false},"author":110,"featured_media":19270,"comment_status":"open","ping_status":"open","sticky":false,"template":"","format":"standard","meta":{"footnotes":""},"categories":[2,104],"tags":[],"class_list":["post-19269","post","type-post","status-publish","format-standard","has-post-thumbnail","hentry","category-aktionen","category-ankuendigung"],"_links":{"self":[{"href":"https:\/\/www.friedenkoeln.de\/index.php?rest_route=\/wp\/v2\/posts\/19269","targetHints":{"allow":["GET"]}}],"collection":[{"href":"https:\/\/www.friedenkoeln.de\/index.php?rest_route=\/wp\/v2\/posts"}],"about":[{"href":"https:\/\/www.friedenkoeln.de\/index.php?rest_route=\/wp\/v2\/types\/post"}],"author":[{"embeddable":true,"href":"https:\/\/www.friedenkoeln.de\/index.php?rest_route=\/wp\/v2\/users\/110"}],"replies":[{"embeddable":true,"href":"https:\/\/www.friedenkoeln.de\/index.php?rest_route=%2Fwp%2Fv2%2Fcomments&post=19269"}],"version-history":[{"count":3,"href":"https:\/\/www.friedenkoeln.de\/index.php?rest_route=\/wp\/v2\/posts\/19269\/revisions"}],"predecessor-version":[{"id":19273,"href":"https:\/\/www.friedenkoeln.de\/index.php?rest_route=\/wp\/v2\/posts\/19269\/revisions\/19273"}],"wp:featuredmedia":[{"embeddable":true,"href":"https:\/\/www.friedenkoeln.de\/index.php?rest_route=\/wp\/v2\/media\/19270"}],"wp:attachment":[{"href":"https:\/\/www.friedenkoeln.de\/index.php?rest_route=%2Fwp%2Fv2%2Fmedia&parent=19269"}],"wp:term":[{"taxonomy":"category","embeddable":true,"href":"https:\/\/www.friedenkoeln.de\/index.php?rest_route=%2Fwp%2Fv2%2Fcategories&post=19269"},{"taxonomy":"post_tag","embeddable":true,"href":"https:\/\/www.friedenkoeln.de\/index.php?rest_route=%2Fwp%2Fv2%2Ftags&post=19269"}],"curies":[{"name":"wp","href":"https:\/\/api.w.org\/{rel}","templated":true}]}}