{"id":19274,"date":"2025-08-19T10:30:16","date_gmt":"2025-08-19T08:30:16","guid":{"rendered":"https:\/\/www.friedenkoeln.de\/?p=19274"},"modified":"2025-08-19T10:30:16","modified_gmt":"2025-08-19T08:30:16","slug":"wir-freuen-uns-auf-das-rheinmetall-entwaffnen-camp","status":"publish","type":"post","link":"https:\/\/www.friedenkoeln.de\/?p=19274","title":{"rendered":"Wir freuen uns auf das Rheinmetall-Entwaffnen-Camp!"},"content":{"rendered":"<h3>Wir sind in der Woche mit folgenden Aktionen aktiv:<\/h3>\n<p>25.8.2025 \u00a0\u00a017 -18 Uhr Domforum<br \/>\n<strong>Wei\u00dfe Fahnen \u00fcberall<\/strong><br \/>\n<a href=\"https:\/\/www.friedenkoeln.de\/?p=18660\">&gt; weitere Infos<\/a><\/p>\n<p>26.8.2025 ab 15 Uhr Rudolfplatz<br \/>\n<strong>Kundgebung mit Musik<\/strong> gegen Kriegst\u00fcchtigkeit und Wehrpflicht f\u00fcr Frieden und Abr\u00fcstung<\/p>\n<p>27.8.2025 ab 16 Uhr <strong>Workshop: Wehrpflicht? \u2013 Ohne mich! <\/strong>im Camp<br \/>\n<a href=\"https:\/\/www.friedenkoeln.de\/?p=19269\">&gt; weitere Infos<\/a><\/p>\n<p>27.8.2025 17-18 Uhr Chlodwigplatz<br \/>\n<strong>Wei\u00dfe Fahnen \u00fcberall<\/strong><\/p>\n<p>28.8.2025 ab 8 Uhr<br \/>\n<strong>Gegen die Wehrpflicht<\/strong>, Flugblattaktion vor den Berufskollegs in K\u00f6ln-Deutz<\/p>\n<p>30.8.2025 13:30 Uhr Heumarkt<br \/>\n<strong>Wir sind bei der Friedensparade dabei<\/strong><\/p>\n<hr \/>\n<h3 style=\"color: #ac3596;\">Das Camp darf nicht verboten werden \u2013 es muss wie geplant stattfinden!<br data-start=\"134\" data-end=\"137\" \/>Unterst\u00fctzt unseren Protest: Unterschreibt die Petition und verbreitet sie weiter an Freunde und Bekannte!<\/h3>\n<p><a href=\"https:\/\/chng.it\/YDKyVkr7Rz\" target=\"_blank\" rel=\"noopener\">https:\/\/chng.it\/YDKyVkr7Rz<\/a><\/p>\n<hr \/>\n<p>&nbsp;<\/p>\n<h2>Mach, was wirklich z\u00e4hlt: Vom 26. bis 31. August nach K\u00f6ln zum Rheinmetall-Entwaffnen-Camp!<\/h2>\n<h4><img loading=\"lazy\" decoding=\"async\" class=\"alignleft wp-image-19277\" src=\"https:\/\/www.friedenkoeln.de\/wp-content\/uploads\/2025\/08\/grafik-500x500.jpg\" alt=\"Mach, was wirklich z\u00e4hlt: Vom 26. bis 31. August nach K\u00f6ln zum Rheinmetall-Entwaffnen-Camp!\" width=\"500\" height=\"625\" srcset=\"https:\/\/www.friedenkoeln.de\/wp-content\/uploads\/2025\/08\/grafik-160x200.jpg 160w, https:\/\/www.friedenkoeln.de\/wp-content\/uploads\/2025\/08\/grafik.jpg 600w\" sizes=\"auto, (max-width: 500px) 100vw, 500px\" \/>Verweigern wir uns kollektiv dem Kriegsregime!<\/h4>\n<h4>Werden wir gemeinsam aktiv auf dem Rheinmetall-Entwaffnen-Camp Ende August in K\u00f6ln!<\/h4>\n<p>Der Kriegs- und R\u00fcstungswahn der Herrschenden eskaliert! Lasst uns diesen Kriegskonsens mit unserem antimilitaristischen Kampf entschlossen brechen! Kommt vom 26. bis zum 31. August nach K\u00f6ln in die R\u00fcstungsmetropolregion Rhein-Ruhr, um in Zeiten wie diesen auf unserem Camp Alternativen zur kriegerischen Normalit\u00e4t zu erleben, Bildung und strategische Diskussionen mit internationalen Freund*innen und Genoss*innen zu f\u00fchren und nat\u00fcrlich direkte Aktionen gegen die treibenden Kr\u00e4fte hinter der Kriegst\u00fcchtigkeit durchzuf\u00fchren.<\/p>\n<h5>Die EU und Deutschland im Gro\u00dfmachtswahn<\/h5>\n<p>Ein Blick in die USA zeigt, wohin sich die imperiale, militaristische Politik des westlichen Blocks entwickelt. W\u00e4hrend nach Innen eine rassistische, sexistische und generell menschenfeindlich unterdr\u00fcckende Politik auf Hochtouren l\u00e4uft, werden Expansionspl\u00e4ne, staatliche Interessen und Drohungen mit milit\u00e4rischer Gewalt offen ausgetragen. Diese v\u00f6llige Entgrenzung kapitalistischer und patriarchaler Herrschaft, die sich vor allem auf milit\u00e4rische Gewalt st\u00fctzt, zeichnet sich jedoch weltweit ab. Entscheidungen \u00fcber Krieg und Frieden im Sinne des herrschenden Systems als Deals zwischen den Gro\u00dfm\u00e4chten USA, Russland und China, wie sie sich aktuell zeigen, sorgen bei Kriegstreiber*innen der EU, die sich dabei \u00fcbergangen f\u00fchlen, f\u00fcr Emp\u00f6rung. Die neue Art der Aufgabenverteilung im NATO-Lager st\u00e4rkt v\u00f6llig illusorische Vorstellungen einer Verl\u00e4ngerung des Ukraine-Kriegs und f\u00f6rdert den Willen zur militaristischen Zurichtung der Gesellschaft.<\/p>\n<p>Die EU-Staaten, allen voran Deutschland und Frankreich nehmen die Situation zum Anlass, ihre eigenen Gro\u00dfmachtsphantasien noch zielstrebiger zu verfolgen. Hier zeigt sich die Kriegsindustrie, Rheinmetall in erster Reihe, mal wieder als n\u00e4chste Verb\u00fcndete. Denn freuen k\u00f6nnen sie sich nicht nur \u00fcber eine Verf\u00fcnfzehnfachung des Aktienkurses seit 2022. Ihr Profit wird sichergestellt durch gewaltige Summen, die die europ\u00e4ischen Staaten f\u00fcr den Krieg ausgeben wollen.<\/p>\n<p>Ein Paket von 800 Milliarden Euro soll die F\u00e4higkeit zur Kriegsf\u00fchrung auf der EU-Ebene st\u00e4rken. Dazu beschlie\u00dft die noch nicht im Amt sitzende deutsche Regierung unbegrenzte finanzielle Ma\u00dfnahmen zur Aufr\u00fcstung und milit\u00e4rischen Umgestaltung der Infrastruktur und Gesellschaft m\u00f6glich zu machen. Die gesamte Bev\u00f6lkerung soll f\u00fcr Kriegszwecke mobilisiert werden und ihren Teil beitragen, notfalls auch gezwungenerma\u00dfen in Form von Wehr- und Pflichtdiensten. Seit Jahren andauernde t\u00f6dliche Kriege wie in der Ukraine und Syrien, bishin zu Genoziden wie in Pal\u00e4stina und Sudan werden ungehemmnt weiter befeuert und produzieren mit ihrem Alltag der Gewalt unter der Zivilist*innen immer mehr Leiden, Verletzte, Vergewaltigte, Traumatisierte und Tote, sowie unbewohnbare, v\u00f6llig zerst\u00f6rte Regionen.<\/p>\n<h5>Doch es regt sich Widerstand! Statt Kriegst\u00fcchtigkeit sagen wir auf der Stra\u00dfe, in Aktion, im Betrieb und in den Bildungseinrichtigungen: Lasst uns t\u00fcchtig gegen Krieg sein!<\/h5>\n<p>W\u00e4hrend im Bundestag versucht wird, sich in Sachen Aufr\u00fcstung und Sozialabbau zu \u00fcberbieten, regt sich auf den Stra\u00dfen der Widerstand gegen diese Politik. Hunderttausende Menschen protestierten gegen die Rechtsentwicklung von Staat und Gesellschaft. Zigtausende gingen aus Solidarit\u00e4t mit dem kurdischen Befreiungskampf auf die Stra\u00dfe. Trotz anhaltender Repression und Diffamierung h\u00e4lt der Protest gegen den Genozid in Gaza und den grausamen Krieg in Pal\u00e4stina an. Die Gewerkschaft CALP aus Genua zeigt uns mit ihren Streiks und der Weigerung R\u00fcstungsg\u00fcter zu verladen wie ein aktiver Antimilitarismus und Solidarit\u00e4t praktisch werden kann. Organisierte Arbeiter*innen streiken gegen den Abbau und kriegstauglichen Umbau von Industrie, aber auch der Militarisierung von \u00f6ffentlichen Verkehrsmitteln und dem Care-Sektor. In dieser Zeit stellt sich die dringende Frage: Nehmen wir es hin, dass wir alle kriegst\u00fcchtig gemacht werden, statt Butter nur Kanonen bekommen, dass unsere Mitmenschen und Nachbar*innen abgeschoben werden, dass Errungenschaften des feministischen Kampfes St\u00fcck f\u00fcr St\u00fcck abgebaut werden und die kapitalistische Herrschaft immer autorit\u00e4rer wird? Oder schaffen wir es als breite, internationalistische und antimilitaristische Bewegung eine Perspektive gegen diese Militarisierung aufzuzeigen? Lasst uns gemeinsam den Aufbau der Kriegswirtschaft sabotieren! Lasst uns als Antwort auf die Kriegsmobilisierung gemeinsam Desertion und Verrat begehen! Lasst uns zusammen gegen das Kriegsregime k\u00e4mpfen!\u2028In K\u00f6ln und dem Ruhrgebiet haben nicht nur die gro\u00dfen Konzerne der R\u00fcstungsindustrie wie Rheinmetall und Thyssen-Krupp ihren Ursprung und Sitz, auch die Antimilitaristische Bewegung kann hier auf eine Geschichte zur\u00fcckgreifen, seien es die Edelwei\u00dfpiraten, die sich in K\u00f6ln mit Sabotage und der Verweigerung des Kriegsdienstes gegen den Krieg des Deutschen Faschismus gestellt haben, oder die K\u00e4mpfe gegen die Remilitarisierung der Bundesrepublik in den 50er Jahren bei denen der Antimilitarist Philipp M\u00fcller von der Polizei erschossen wurde.<\/p>\n<h5><strong>Kommt auf unser Camp vom 26. bis zum 31. August in K\u00f6ln!\u2028<\/strong><\/h5>\n<p>Nutzen wir das Camp, um uns auszutauschen, gemeinsame Erfahrungen zu sammeln und uns international zu vernetzen. Es wird spannende Vortr\u00e4ge, Workshops und Aktionen geben. Wir werden zusammen auf die Stra\u00dfe gehen, unseren Widerstand sichtbar machen und aktiv eingreifen.<\/p>\n<p>Weitere Infos: <a href=\"https:\/\/rheinmetallentwaffnen.noblogs.org\/\" target=\"_blank\" rel=\"noopener\">https:\/\/rheinmetallentwaffnen.noblogs.org\/<\/a><\/p>\n","protected":false},"excerpt":{"rendered":"<p>Wir sind in der Woche mit folgenden Aktionen aktiv: 25.8.2025 \u00a0\u00a017 -18 Uhr Domforum Wei\u00dfe Fahnen \u00fcberall &gt; weitere Infos 26.8.2025 ab 15 Uhr Rudolfplatz Kundgebung mit Musik gegen Kriegst\u00fcchtigkeit und Wehrpflicht f\u00fcr Frieden&#46;&#46;&#46;<\/p>\n","protected":false},"author":110,"featured_media":19244,"comment_status":"open","ping_status":"open","sticky":false,"template":"","format":"standard","meta":{"footnotes":""},"categories":[2,104,116],"tags":[],"class_list":["post-19274","post","type-post","status-publish","format-standard","has-post-thumbnail","hentry","category-aktionen","category-ankuendigung","category-aufruf"],"_links":{"self":[{"href":"https:\/\/www.friedenkoeln.de\/index.php?rest_route=\/wp\/v2\/posts\/19274","targetHints":{"allow":["GET"]}}],"collection":[{"href":"https:\/\/www.friedenkoeln.de\/index.php?rest_route=\/wp\/v2\/posts"}],"about":[{"href":"https:\/\/www.friedenkoeln.de\/index.php?rest_route=\/wp\/v2\/types\/post"}],"author":[{"embeddable":true,"href":"https:\/\/www.friedenkoeln.de\/index.php?rest_route=\/wp\/v2\/users\/110"}],"replies":[{"embeddable":true,"href":"https:\/\/www.friedenkoeln.de\/index.php?rest_route=%2Fwp%2Fv2%2Fcomments&post=19274"}],"version-history":[{"count":9,"href":"https:\/\/www.friedenkoeln.de\/index.php?rest_route=\/wp\/v2\/posts\/19274\/revisions"}],"predecessor-version":[{"id":19285,"href":"https:\/\/www.friedenkoeln.de\/index.php?rest_route=\/wp\/v2\/posts\/19274\/revisions\/19285"}],"wp:featuredmedia":[{"embeddable":true,"href":"https:\/\/www.friedenkoeln.de\/index.php?rest_route=\/wp\/v2\/media\/19244"}],"wp:attachment":[{"href":"https:\/\/www.friedenkoeln.de\/index.php?rest_route=%2Fwp%2Fv2%2Fmedia&parent=19274"}],"wp:term":[{"taxonomy":"category","embeddable":true,"href":"https:\/\/www.friedenkoeln.de\/index.php?rest_route=%2Fwp%2Fv2%2Fcategories&post=19274"},{"taxonomy":"post_tag","embeddable":true,"href":"https:\/\/www.friedenkoeln.de\/index.php?rest_route=%2Fwp%2Fv2%2Ftags&post=19274"}],"curies":[{"name":"wp","href":"https:\/\/api.w.org\/{rel}","templated":true}]}}