{"id":19291,"date":"2025-08-25T12:18:20","date_gmt":"2025-08-25T10:18:20","guid":{"rendered":"https:\/\/www.friedenkoeln.de\/?p=19291"},"modified":"2025-08-25T12:18:20","modified_gmt":"2025-08-25T10:18:20","slug":"redebeitrag-gegen-bundeswehr-werbung-auf-der-gamescom","status":"publish","type":"post","link":"https:\/\/www.friedenkoeln.de\/?p=19291","title":{"rendered":"Redebeitrag gegen Bundeswehr-Werbung auf der Gamescom"},"content":{"rendered":"<h4>Gemeinsamer Redebeitrag der DFG-VK K\u00f6ln und der Gruppe \u201eSubversive Theorie\u201c, gehalten am 23.08.2025 an der Auftaktkundgebung der Solidarit\u00e4tsdemonstration gegen den Verbotsversuch des Camps von \u201eRheinmetall entwaffnen\u201c.<\/h4>\n<p>Liebe Freundinnen und Freunde,<\/p>\n<p>wir demonstrieren hier heute, weil die Polizei K\u00f6ln versucht hat, ein antimilitaristisches Camp und Proteste gegen Krieg und Milit\u00e4r zu verbieten. Gleichzeitig wird im Rahmen der Gamescom auf dem City Festival die \u201eDemokratie\u201c gefeiert. Gerne w\u00e4ren wir beim Festival vorbei gelaufen, doch auch dies hat die Polizei K\u00f6ln untersagt. Versammlungsfreiheit und Meinungsfreiheit gelten aber in K\u00f6ln scheinbar nur, wenn man die Lieder singt, die der Regierung passen.<\/p>\n<div id=\"attachment_19289\" style=\"width: 910px\" class=\"wp-caption aligncenter\"><img loading=\"lazy\" decoding=\"async\" aria-describedby=\"caption-attachment-19289\" class=\"wp-image-19289 size-full\" src=\"https:\/\/www.friedenkoeln.de\/wp-content\/uploads\/2025\/08\/01_demorme2308.jpg\" alt=\"Auftaktkundgebung am Breslauer Platz\" width=\"900\" height=\"416\" srcset=\"https:\/\/www.friedenkoeln.de\/wp-content\/uploads\/2025\/08\/01_demorme2308.jpg 900w, https:\/\/www.friedenkoeln.de\/wp-content\/uploads\/2025\/08\/01_demorme2308-200x92.jpg 200w, https:\/\/www.friedenkoeln.de\/wp-content\/uploads\/2025\/08\/01_demorme2308-768x355.jpg 768w\" sizes=\"auto, (max-width: 900px) 100vw, 900px\" \/><p id=\"caption-attachment-19289\" class=\"wp-caption-text\">Auftaktkundgebung am Breslauer Platz<\/p><\/div>\n<p>Die Gamescom sollte ein Festival fu\u0308r Spiele, fu\u0308r Kreativit\u00e4t, fu\u0308r Gemeinschaft sein. Und doch ist die Gamescom l\u00e4ngst auch zu einem Rekrutierungsfeld der Bundeswehr geworden! Seit Jahren steht die Bundeswehr mit Hochglanz- St\u00e4nden, VR-Simulationen und vermeintlich coolen Spru\u0308chen auf der Gamescom. Alles nur, um junge Menschen fu\u0308r die Armee anzuwerben.<\/p>\n<p>Aber wir wissen doch: Die Realit\u00e4t sieht ganz anders aus. Kriege sind kein Spiel! Und die Bundeswehr ist kein Adventure Game.<\/p>\n<p>Bei der Bundeswehr gilt: Training fu\u0308rs T\u00f6ten. Drill. Befehle befolgen \u2013 und das ohne Fragen zu stellen. Und wer sich weigert, riskiert Disziplinarstrafen oder im Ernstfall sogar Gef\u00e4ngnis.<\/p>\n<p>Darum stehen wir heute hier und sagen:<\/p>\n<p><strong>Keine Werbung fu\u0308r die Bundeswehr auf der Gamescom! <\/strong><\/p>\n<p><strong>Bundeswehr raus aus der Gamescom! <\/strong><\/p>\n<p>Und wenn wir u\u0308ber Kriege reden, dann du\u0308rfen wir auch die Profiteure des Krieges nicht verschweigen. Einer dieser Profiteure hat dieses Jahr auch einen Stand bei der Gamescom: Rheinmetall. W\u00e4hrend in vielen Regionen der Welt Menschen durch Bomben und Landminen sterben, steigert Rheinmetall seine Gewinne mit dem Verkauf von Waffen in Krisen- und Kriegsgebiete. Das Unternehmen tr\u00e4gt Mitverantwortung fu\u0308r Leid und Zerst\u00f6rung. Gleichzeitig versucht der Kriegswaffenhersteller Rheinmetall mit Marketing wie beim BVB oder auf der Gamescom sein Image reinzuwaschen.<\/p>\n<p>Gegen Bundeswehr und Waffenproduzenten ist Widerstand m\u00f6glich. Die Initiative Rheinmetall entwaffnen macht sichtbar, wie sehr die deutsche Ru\u0308stungsindustrie Teil eines globalen Gewaltregime ist, dass wir nicht l\u00e4nger hinnehmen du\u0308rfen. Rheinmetall Entwaffnen hei\u00dft nicht nur, Gewehre und Panzer zu stoppen, Entwaffnen hei\u00dft aus einem Gesellschaftssystem zu desertieren, dass Krieg und Profite mit dem Tod zum Normalfall macht.<\/p>\n<p>Und darum stehen wir heute hier und sagen:<\/p>\n<p><strong>Keine Werbung mit dem Tod auf der Gamescom! <\/strong><\/p>\n<p><strong>Rheinmetall entwaffnen \u2013 u\u0308berall, sofort! <\/strong><\/p>\n<p>W\u00e4hrend wir heute fu\u0308r Versammlungsfreiheit und gegen Camp Verbote demonstrieren, reden Politiker der Regierung laut u\u0308ber die Wiedereinfu\u0308hrung der Wehrpflicht. Das hei\u00dft: Junge Menschen sollen zum Kriegsertu\u0308chtigungsdienst gezwungen werden.<\/p>\n<p>Unsere Antwort darauf:<\/p>\n<p><strong>Verweigern! <\/strong><\/p>\n<p>Verweigert die Frageb\u00f6gen der Bundeswehr und verweigert den Dienst an der Waffe! Wir sind nicht bereit, unser Leben fu\u0308r Kriege zu opfern, die wir auf keinen Fall wollen.<\/p>\n<p>Es darf keine Ru\u0308ckkehr zur Wehrpflicht geben!<\/p>\n<p><strong>Wehrpflicht &#8211; Ohne uns!<\/strong><\/p>\n<div id=\"attachment_19288\" style=\"width: 910px\" class=\"wp-caption aligncenter\"><img loading=\"lazy\" decoding=\"async\" aria-describedby=\"caption-attachment-19288\" class=\"wp-image-19288 size-full\" src=\"https:\/\/www.friedenkoeln.de\/wp-content\/uploads\/2025\/08\/02_demowehrpflicht-e1756117024862.jpg\" alt=\"Solidarit\u00e4tsdemonstration gegen den Verbotsversuch des Camps von\u201eRheinmetall entwaffnen\u201c.\" width=\"900\" height=\"514\" srcset=\"https:\/\/www.friedenkoeln.de\/wp-content\/uploads\/2025\/08\/02_demowehrpflicht-e1756117024862.jpg 900w, https:\/\/www.friedenkoeln.de\/wp-content\/uploads\/2025\/08\/02_demowehrpflicht-e1756117024862-200x114.jpg 200w, https:\/\/www.friedenkoeln.de\/wp-content\/uploads\/2025\/08\/02_demowehrpflicht-e1756117024862-768x439.jpg 768w\" sizes=\"auto, (max-width: 900px) 100vw, 900px\" \/><p id=\"caption-attachment-19288\" class=\"wp-caption-text\">Solidarit\u00e4tsdemonstration gegen den Verbotsversuch des Camps von \u201eRheinmetall entwaffnen\u201c.<\/p><\/div>\n","protected":false},"excerpt":{"rendered":"<p>Gemeinsamer Redebeitrag der DFG-VK K\u00f6ln und der Gruppe \u201eSubversive Theorie\u201c, gehalten am 23.08.2025 an der Auftaktkundgebung der Solidarit\u00e4tsdemonstration gegen den Verbotsversuch des Camps von \u201eRheinmetall entwaffnen\u201c. Liebe Freundinnen und Freunde, wir demonstrieren hier heute,&#46;&#46;&#46;<\/p>\n","protected":false},"author":110,"featured_media":19289,"comment_status":"open","ping_status":"open","sticky":false,"template":"","format":"standard","meta":{"footnotes":""},"categories":[2,111],"tags":[],"class_list":["post-19291","post","type-post","status-publish","format-standard","has-post-thumbnail","hentry","category-aktionen","category-rede"],"_links":{"self":[{"href":"https:\/\/www.friedenkoeln.de\/index.php?rest_route=\/wp\/v2\/posts\/19291","targetHints":{"allow":["GET"]}}],"collection":[{"href":"https:\/\/www.friedenkoeln.de\/index.php?rest_route=\/wp\/v2\/posts"}],"about":[{"href":"https:\/\/www.friedenkoeln.de\/index.php?rest_route=\/wp\/v2\/types\/post"}],"author":[{"embeddable":true,"href":"https:\/\/www.friedenkoeln.de\/index.php?rest_route=\/wp\/v2\/users\/110"}],"replies":[{"embeddable":true,"href":"https:\/\/www.friedenkoeln.de\/index.php?rest_route=%2Fwp%2Fv2%2Fcomments&post=19291"}],"version-history":[{"count":4,"href":"https:\/\/www.friedenkoeln.de\/index.php?rest_route=\/wp\/v2\/posts\/19291\/revisions"}],"predecessor-version":[{"id":19295,"href":"https:\/\/www.friedenkoeln.de\/index.php?rest_route=\/wp\/v2\/posts\/19291\/revisions\/19295"}],"wp:featuredmedia":[{"embeddable":true,"href":"https:\/\/www.friedenkoeln.de\/index.php?rest_route=\/wp\/v2\/media\/19289"}],"wp:attachment":[{"href":"https:\/\/www.friedenkoeln.de\/index.php?rest_route=%2Fwp%2Fv2%2Fmedia&parent=19291"}],"wp:term":[{"taxonomy":"category","embeddable":true,"href":"https:\/\/www.friedenkoeln.de\/index.php?rest_route=%2Fwp%2Fv2%2Fcategories&post=19291"},{"taxonomy":"post_tag","embeddable":true,"href":"https:\/\/www.friedenkoeln.de\/index.php?rest_route=%2Fwp%2Fv2%2Ftags&post=19291"}],"curies":[{"name":"wp","href":"https:\/\/api.w.org\/{rel}","templated":true}]}}