{"id":19297,"date":"2025-08-28T09:26:16","date_gmt":"2025-08-28T07:26:16","guid":{"rendered":"https:\/\/www.friedenkoeln.de\/?p=19297"},"modified":"2025-08-28T11:01:13","modified_gmt":"2025-08-28T09:01:13","slug":"protestaktion-in-koeln-antimilitaristische-gruppen-verteilen-flyer-gegen-neuen-wehrdienst","status":"publish","type":"post","link":"https:\/\/www.friedenkoeln.de\/?p=19297","title":{"rendered":"Protestaktion in K\u00f6ln: Antimilitaristische Gruppen verteilen Flyer gegen neuen Wehrdienst"},"content":{"rendered":"<p>&nbsp;<\/p>\n<p><img loading=\"lazy\" decoding=\"async\" class=\"alignleft wp-image-19299\" src=\"https:\/\/www.friedenkoeln.de\/wp-content\/uploads\/2025\/08\/Flyer-gegen-Wehrpflicht-20250828-500x500.jpg\" alt=\"Flugblatt wird verteilt\" width=\"300\" height=\"400\" srcset=\"https:\/\/www.friedenkoeln.de\/wp-content\/uploads\/2025\/08\/Flyer-gegen-Wehrpflicht-20250828-150x200.jpg 150w, https:\/\/www.friedenkoeln.de\/wp-content\/uploads\/2025\/08\/Flyer-gegen-Wehrpflicht-20250828-768x1024.jpg 768w, https:\/\/www.friedenkoeln.de\/wp-content\/uploads\/2025\/08\/Flyer-gegen-Wehrpflicht-20250828.jpg 840w\" sizes=\"auto, (max-width: 300px) 100vw, 300px\" \/><\/p>\n<p>Am Donnerstagmorgen haben antimilitaristische Gruppen in K\u00f6ln vor mehreren Schulen gegen den von der Bundesregierung beschlossenen \u201eneuen Wehrdienst\u201c protestiert. Aktivist*innen der Deutschen Friedensgesellschaft \u2013 Vereinigte KriegsdienstgegnerInnen (DFG-VK), der Gruppe Subversive Theorie sowie Mitglieder der Partei Die Linke und diverse weitere antimilitaristische Gruppen verteilten vor dem Berufskolleg Deutz sowie vor Gymnasien, Realschulen und Gesamtschulen in der Innenstadt, Ehrenfeld, S\u00fcdstadt, Kalk und Nippes Informationsflyer.<\/p>\n<h5>Kritik an Bundeswehr und Zwangsdiensten<\/h5>\n<p>In den verteilten Flyern wird scharfe Kritik an der Bundeswehr und der geplanten Dienstpflicht ge\u00e4u\u00dfert.<\/p>\n<p>&nbsp;<\/p>\n<p>&nbsp;<\/p>\n<p><strong>Dort hei\u00dft es:<\/strong><\/p>\n<ul>\n<li>\u201eWehrpflicht? Ohne mich! \u2013 Keinen Bock auf Zwangsdienst!\u201c<\/li>\n<li>\u201eDie Bundeswehr wirbt auf TikTok und Insta mit Abenteuer \u2013 doch die Realit\u00e4t ist Training f\u00fcrs T\u00f6ten, Drill und Gehorsam.\u201c<\/li>\n<li>\u201eEin Soldat muss im Ernstfall bereit sein, auf Befehl zu t\u00f6ten \u2013 f\u00fcr wirtschaftliche Interessen, nicht f\u00fcr Freiheit und Demokratie.\u201c<\/li>\n<\/ul>\n<p>Die Gruppen rufen junge Menschen ausdr\u00fccklich dazu auf, Frageb\u00f6gen der Bundeswehr nicht auszuf\u00fcllen und Musterungen zu verweigern. \u201eWir wollen deutlich machen: Wer nicht mitmacht, kann politisch Druck erzeugen. Eine Massenverweigerung w\u00e4re ein klares Signal gegen Militarisierung\u201c, erkl\u00e4rte Arthur Winkelbach von Subversive Theorie.<\/p>\n<h5>Teil des \u201eRheinmetall Entwaffnen\u201c-Camps<\/h5>\n<p><img loading=\"lazy\" decoding=\"async\" class=\"alignleft wp-image-19298\" src=\"https:\/\/www.friedenkoeln.de\/wp-content\/uploads\/2025\/08\/Plakat-gegen-Wehrpflicht-20250828.jpg\" alt=\"Plakat &quot;Wehrpflicht? Ohne mich!&quot; an H\u00e4userwand\" width=\"300\" height=\"400\" srcset=\"https:\/\/www.friedenkoeln.de\/wp-content\/uploads\/2025\/08\/Plakat-gegen-Wehrpflicht-20250828.jpg 768w, https:\/\/www.friedenkoeln.de\/wp-content\/uploads\/2025\/08\/Plakat-gegen-Wehrpflicht-20250828-150x200.jpg 150w\" sizes=\"auto, (max-width: 300px) 100vw, 300px\" \/>Die Flyeraktion ist Teil des antimilitaristischen Camps \u201eRheinmetall Entwaffnen\u201c, das vom 26. bis 31. August in K\u00f6ln stattfindet. Das Camp war im Vorfeld durch ein von der Stadt angestrebtes Verbot in die Schlagzeilen geraten, durfte nach juristischen Auseinandersetzungen aber stattfinden<\/p>\n<p>\u201eDer Versuch, das Rheinmetall Entwaffnen Camp zu verbieten, war ein klarer Eingriff in die Versammlungsfreiheit. Wir lassen uns nicht einsch\u00fcchtern \u2013 unser Protest gegen Aufr\u00fcstung und Wehrpflicht ist legitim und notwendig\u201c, betonten Aktivisten von Rheinmetall Entwaffnen.<\/p>\n<h5>Ausblick: Antimilitaristische Parade am 30. August<\/h5>\n<p>Als H\u00f6hepunkt der Protestwoche k\u00fcndigen die Initiativen f\u00fcr Samstag, den 30. August 2025, eine antimilitaristische Parade durch die K\u00f6lner Innenstadt an. Die Parade startet um 14.30 Uhr am Heumarkt. Erwartet werden mehrere hundert Teilnehmer*innen aus ganz Deutschland.<\/p>\n<p>Hier der\u00a0<a href=\"https:\/\/www.friedenkoeln.de\/wp-content\/uploads\/2025\/08\/Flugblatt-gegen-Wehrpflicht-Farbe.pdf\">Flyer<\/a> zum Download<\/p>\n<p>Die Flyer gegen Wehrpflicht k\u00f6nnen auch in Schwarz \/ Wei\u00df hier zum Ausdrucken und Verteilen heruntergeladen werden:<br \/>\n<a href=\"https:\/\/subversive-theorie.de\/onewebmedia\/Flugblatt%20gegen%20Wehrpflicht%20Schwarz%20Weiss.pdf\" target=\"_blank\" rel=\"noopener\">https:\/\/subversive-theorie.de\/onewebmedia\/Flugblatt%20gegen%20Wehrpflicht%20Schwarz%20Weiss.pdf<\/a><\/p>\n<p>&nbsp;<\/p>\n<div id=\"attachment_19307\" style=\"width: 810px\" class=\"wp-caption aligncenter\"><img loading=\"lazy\" decoding=\"async\" aria-describedby=\"caption-attachment-19307\" class=\"wp-image-19307\" src=\"https:\/\/www.friedenkoeln.de\/wp-content\/uploads\/2025\/08\/IMG_2303-500x500.jpeg\" alt=\"Mitglieder der DFG-VK bei der Verteilaktion vor dem Berufskolleg in Deutz\" width=\"800\" height=\"600\" srcset=\"https:\/\/www.friedenkoeln.de\/wp-content\/uploads\/2025\/08\/IMG_2303-200x150.jpeg 200w, https:\/\/www.friedenkoeln.de\/wp-content\/uploads\/2025\/08\/IMG_2303-768x576.jpeg 768w, https:\/\/www.friedenkoeln.de\/wp-content\/uploads\/2025\/08\/IMG_2303-1536x1152.jpeg 1536w, https:\/\/www.friedenkoeln.de\/wp-content\/uploads\/2025\/08\/IMG_2303.jpeg 2048w\" sizes=\"auto, (max-width: 800px) 100vw, 800px\" \/><p id=\"caption-attachment-19307\" class=\"wp-caption-text\">Mitglieder der DFG-VK Gruppe K\u00f6ln bei der Verteilaktion vor dem Berufskolleg in Deutz<\/p><\/div>\n<h5>Kontakt f\u00fcr R\u00fcckfragen:<\/h5>\n<p>DFG-VK K\u00f6ln<br \/>\n<a href=\"mailto:kontakt@friedenkoeln.de\">kontakt@friedenkoeln.de<\/a><\/p>\n<p>Subversive Theorie<br \/>\n<a href=\"mailto:mail@subversive-theorie.de\">mail@subversive-theorie.de<\/a><\/p>\n<p>Rheinmetall Entwaffnen<br \/>\n<a href=\"mailto:rheinmetall-entwaffnen@riseup.net\">rheinmetall-entwaffnen@riseup.net<\/a><\/p>\n","protected":false},"excerpt":{"rendered":"<p>&nbsp; Am Donnerstagmorgen haben antimilitaristische Gruppen in K\u00f6ln vor mehreren Schulen gegen den von der Bundesregierung beschlossenen \u201eneuen Wehrdienst\u201c protestiert. Aktivist*innen der Deutschen Friedensgesellschaft \u2013 Vereinigte KriegsdienstgegnerInnen (DFG-VK), der Gruppe Subversive Theorie sowie Mitglieder&#46;&#46;&#46;<\/p>\n","protected":false},"author":110,"featured_media":19299,"comment_status":"open","ping_status":"open","sticky":false,"template":"","format":"standard","meta":{"footnotes":""},"categories":[87],"tags":[],"class_list":["post-19297","post","type-post","status-publish","format-standard","has-post-thumbnail","hentry","category-pressemitteilung"],"_links":{"self":[{"href":"https:\/\/www.friedenkoeln.de\/index.php?rest_route=\/wp\/v2\/posts\/19297","targetHints":{"allow":["GET"]}}],"collection":[{"href":"https:\/\/www.friedenkoeln.de\/index.php?rest_route=\/wp\/v2\/posts"}],"about":[{"href":"https:\/\/www.friedenkoeln.de\/index.php?rest_route=\/wp\/v2\/types\/post"}],"author":[{"embeddable":true,"href":"https:\/\/www.friedenkoeln.de\/index.php?rest_route=\/wp\/v2\/users\/110"}],"replies":[{"embeddable":true,"href":"https:\/\/www.friedenkoeln.de\/index.php?rest_route=%2Fwp%2Fv2%2Fcomments&post=19297"}],"version-history":[{"count":8,"href":"https:\/\/www.friedenkoeln.de\/index.php?rest_route=\/wp\/v2\/posts\/19297\/revisions"}],"predecessor-version":[{"id":19310,"href":"https:\/\/www.friedenkoeln.de\/index.php?rest_route=\/wp\/v2\/posts\/19297\/revisions\/19310"}],"wp:featuredmedia":[{"embeddable":true,"href":"https:\/\/www.friedenkoeln.de\/index.php?rest_route=\/wp\/v2\/media\/19299"}],"wp:attachment":[{"href":"https:\/\/www.friedenkoeln.de\/index.php?rest_route=%2Fwp%2Fv2%2Fmedia&parent=19297"}],"wp:term":[{"taxonomy":"category","embeddable":true,"href":"https:\/\/www.friedenkoeln.de\/index.php?rest_route=%2Fwp%2Fv2%2Fcategories&post=19297"},{"taxonomy":"post_tag","embeddable":true,"href":"https:\/\/www.friedenkoeln.de\/index.php?rest_route=%2Fwp%2Fv2%2Ftags&post=19297"}],"curies":[{"name":"wp","href":"https:\/\/api.w.org\/{rel}","templated":true}]}}