{"id":19328,"date":"2025-09-03T09:56:12","date_gmt":"2025-09-03T07:56:12","guid":{"rendered":"https:\/\/www.friedenkoeln.de\/?p=19328"},"modified":"2025-09-03T09:59:41","modified_gmt":"2025-09-03T07:59:41","slug":"bildung-rauf-ruestung-runter","status":"publish","type":"post","link":"https:\/\/www.friedenkoeln.de\/?p=19328","title":{"rendered":"Bildung rauf, R\u00fcstung runter"},"content":{"rendered":"<h2>F\u00fcr Friedensbildung statt Kriegst\u00fcchtigkeit!<\/h2>\n<p><img loading=\"lazy\" decoding=\"async\" class=\"alignleft wp-image-19329\" src=\"https:\/\/www.friedenkoeln.de\/wp-content\/uploads\/2025\/09\/Flyer_A5-2-1448x2048-1-500x500.jpg\" alt=\"Plakat zur Demo Bildung rauf, R\u00fcstung runter\" width=\"400\" height=\"566\" srcset=\"https:\/\/www.friedenkoeln.de\/wp-content\/uploads\/2025\/09\/Flyer_A5-2-1448x2048-1-141x200.jpg 141w, https:\/\/www.friedenkoeln.de\/wp-content\/uploads\/2025\/09\/Flyer_A5-2-1448x2048-1-768x1086.jpg 768w, https:\/\/www.friedenkoeln.de\/wp-content\/uploads\/2025\/09\/Flyer_A5-2-1448x2048-1-1086x1536.jpg 1086w, https:\/\/www.friedenkoeln.de\/wp-content\/uploads\/2025\/09\/Flyer_A5-2-1448x2048-1.jpg 1448w\" sizes=\"auto, (max-width: 400px) 100vw, 400px\" \/><\/p>\n<p>W\u00e4hrend Milliarden f\u00fcr Aufr\u00fcstung bereitgestellt werden, fehlt es in Schulen, Kitas, Hochschulen und ozialen Einrichtungen an allem. Die Bundesregierung macht mit ihrer \u201eKriegst\u00fcchtigkeits\u201c-Agenda ernst \u2013 und die Landesregierung NRW geht mit, will Zivilklauseln relativieren, R\u00fcstungsforschung legitimieren und die Jugend aus den Schulen rekrutieren. Doch wir sagen: Nicht in unserem Namen!<\/p>\n<p>Deshalb rufen wir am 13. September 2025 in K\u00f6ln zu einem Aktionstag auf! Gemeinsam mit Sch\u00fcler:innen, Studierenden, Eltern und Besch\u00e4ftigen aus Bildung, Erziehung und Wissenschaft, mit Friedensinitiativen,<br \/>\nGewerkschaften und weiteren B\u00fcndnispartnern fordern wir:<\/p>\n<p>130 Milliarden f\u00fcr Bildung statt f\u00fcr Bomben! \u2013 f\u00fcr eine konsequente zivile Nutzung des Sonderverm\u00f6gens!<\/p>\n<p>F\u00fcr R\u00fcstungskontrolle statt neuem Wettr\u00fcsten!<\/p>\n<p>Bundeswehr raus aus Schulen und Unis! \u2013 Kooperationsvereinbarung<br \/>\naufk\u00fcndigen!<\/p>\n<p>Zivilklauseln verteidigen! Kein Bundeswehrgesetz in NRW!<\/p>\n<p>&nbsp;<\/p>\n<h3>13.\u00a0September\u00a02025,\u00a011\u00a0Uhr,\u00a0Hans-B\u00f6ckler-Platz<\/h3>\n<p>GEW K\u00f6ln mit Unterst\u00fctzung der Landessch\u00fcler:innenvertretung NRW, der DFG-VK NRW, des K\u00f6lner Friedensforums und vielen mehr<\/p>\n<p>Hier der <a href=\"https:\/\/www.friedenkoeln.de\/wp-content\/uploads\/2025\/09\/Flyer_A5-2.pdf\">Flyer als PDF<\/a><\/p>\n","protected":false},"excerpt":{"rendered":"<p>F\u00fcr Friedensbildung statt Kriegst\u00fcchtigkeit! W\u00e4hrend Milliarden f\u00fcr Aufr\u00fcstung bereitgestellt werden, fehlt es in Schulen, Kitas, Hochschulen und ozialen Einrichtungen an allem. Die Bundesregierung macht mit ihrer \u201eKriegst\u00fcchtigkeits\u201c-Agenda ernst \u2013 und die Landesregierung NRW geht&#46;&#46;&#46;<\/p>\n","protected":false},"author":110,"featured_media":19329,"comment_status":"open","ping_status":"open","sticky":false,"template":"","format":"standard","meta":{"footnotes":""},"categories":[2,104,116],"tags":[],"class_list":["post-19328","post","type-post","status-publish","format-standard","has-post-thumbnail","hentry","category-aktionen","category-ankuendigung","category-aufruf"],"_links":{"self":[{"href":"https:\/\/www.friedenkoeln.de\/index.php?rest_route=\/wp\/v2\/posts\/19328","targetHints":{"allow":["GET"]}}],"collection":[{"href":"https:\/\/www.friedenkoeln.de\/index.php?rest_route=\/wp\/v2\/posts"}],"about":[{"href":"https:\/\/www.friedenkoeln.de\/index.php?rest_route=\/wp\/v2\/types\/post"}],"author":[{"embeddable":true,"href":"https:\/\/www.friedenkoeln.de\/index.php?rest_route=\/wp\/v2\/users\/110"}],"replies":[{"embeddable":true,"href":"https:\/\/www.friedenkoeln.de\/index.php?rest_route=%2Fwp%2Fv2%2Fcomments&post=19328"}],"version-history":[{"count":15,"href":"https:\/\/www.friedenkoeln.de\/index.php?rest_route=\/wp\/v2\/posts\/19328\/revisions"}],"predecessor-version":[{"id":19345,"href":"https:\/\/www.friedenkoeln.de\/index.php?rest_route=\/wp\/v2\/posts\/19328\/revisions\/19345"}],"wp:featuredmedia":[{"embeddable":true,"href":"https:\/\/www.friedenkoeln.de\/index.php?rest_route=\/wp\/v2\/media\/19329"}],"wp:attachment":[{"href":"https:\/\/www.friedenkoeln.de\/index.php?rest_route=%2Fwp%2Fv2%2Fmedia&parent=19328"}],"wp:term":[{"taxonomy":"category","embeddable":true,"href":"https:\/\/www.friedenkoeln.de\/index.php?rest_route=%2Fwp%2Fv2%2Fcategories&post=19328"},{"taxonomy":"post_tag","embeddable":true,"href":"https:\/\/www.friedenkoeln.de\/index.php?rest_route=%2Fwp%2Fv2%2Ftags&post=19328"}],"curies":[{"name":"wp","href":"https:\/\/api.w.org\/{rel}","templated":true}]}}