{"id":19346,"date":"2025-09-05T10:09:07","date_gmt":"2025-09-05T08:09:07","guid":{"rendered":"https:\/\/www.friedenkoeln.de\/?p=19346"},"modified":"2025-09-05T10:10:31","modified_gmt":"2025-09-05T08:10:31","slug":"bundeswehr-noe","status":"publish","type":"post","link":"https:\/\/www.friedenkoeln.de\/?p=19346","title":{"rendered":"Bundeswehr? N\u00f6!"},"content":{"rendered":"<h3>Freitag, 19.09.25 um 19 Uhr im Petershof, L\u00f6venicher Weg 9-11, K\u00f6ln<\/h3>\n<p><img loading=\"lazy\" decoding=\"async\" class=\"alignleft wp-image-19347\" src=\"https:\/\/www.friedenkoeln.de\/wp-content\/uploads\/2025\/09\/Zurueck-zur-Pflicht-Nein-danke.pdf-hqx8e7apuin3xqko81fgkd3hpo-500x500.jpg\" alt=\"Bundeswehr? N\u00f6! Flyer zur Veranstaltung\" width=\"400\" height=\"566\" srcset=\"https:\/\/www.friedenkoeln.de\/wp-content\/uploads\/2025\/09\/Zurueck-zur-Pflicht-Nein-danke.pdf-hqx8e7apuin3xqko81fgkd3hpo-141x200.jpg 141w, https:\/\/www.friedenkoeln.de\/wp-content\/uploads\/2025\/09\/Zurueck-zur-Pflicht-Nein-danke.pdf-hqx8e7apuin3xqko81fgkd3hpo-768x1086.jpg 768w, https:\/\/www.friedenkoeln.de\/wp-content\/uploads\/2025\/09\/Zurueck-zur-Pflicht-Nein-danke.pdf-hqx8e7apuin3xqko81fgkd3hpo-1086x1536.jpg 1086w, https:\/\/www.friedenkoeln.de\/wp-content\/uploads\/2025\/09\/Zurueck-zur-Pflicht-Nein-danke.pdf-hqx8e7apuin3xqko81fgkd3hpo.jpg 1190w\" sizes=\"auto, (max-width: 400px) 100vw, 400px\" \/>\u00dcber Strategien gegen die Wehrpflicht sprechen:<\/p>\n<p><strong>Elias Bala<\/strong> (Sch\u00fcler, Landessch\u00fcler*innenvertretung NRW) und <strong>Simon David Dressler<\/strong> (Influencer und Autor)<\/p>\n<p>Moderation: <strong>Alex Simon<\/strong> (Lehrer) &amp; <strong>Aki Ahrendt<\/strong> (Mutter eines demn\u00e4chst Wehrpflichtigen).<\/p>\n<p>Die Aufr\u00fcstung zur deutschen Kriegst\u00fcchtigkeit springt uns derzeit geradezu an. Keine M\u00f6glichkeit wird ausgelassen, um zu verdeutlichen: Deutschland muss aufr\u00fcsten und die Bundeswehr braucht dringend Nachwuchs.<\/p>\n<p>Ankn\u00fcpfend an das polizeilich verbotene Rheinmetall-Entwaffnen-Camp wollen wir diesem allgegenw\u00e4rtigen Kriegs-Kurs von Politik und Medien etwas entgegensetzen und mit Menschen reden, die sich schon l\u00e4nger kritisch mit dem Thema besch\u00e4ftigen.<\/p>\n<p>Es werden Strategien aufgezeigt, wie demn\u00e4chst Wehrpflichtige sich der Rekrutierungs-Maschinerie entziehen und ausweichen k\u00f6nnen und wir werden uns die Rolle von Social Media genauer ansehen, sowohl in Bezug auf die Werbung f\u00fcr die Bundeswehr als auch in Bezug auf die Kritik daran. Und wir wollen diskutieren, wof\u00fcr diese Platformen ein geeignetes Medium sind.<\/p>\n<p>Auch m\u00f6chten wir beleuchten, welche Rolle eine deutsche Aufr\u00fcstung im internationalen Kontext spielt.<\/p>\n","protected":false},"excerpt":{"rendered":"<p>Freitag, 19.09.25 um 19 Uhr im Petershof, L\u00f6venicher Weg 9-11, K\u00f6ln \u00dcber Strategien gegen die Wehrpflicht sprechen: Elias Bala (Sch\u00fcler, Landessch\u00fcler*innenvertretung NRW) und Simon David Dressler (Influencer und Autor) Moderation: Alex Simon (Lehrer) &amp;&#46;&#46;&#46;<\/p>\n","protected":false},"author":110,"featured_media":19347,"comment_status":"open","ping_status":"open","sticky":false,"template":"","format":"standard","meta":{"footnotes":""},"categories":[104],"tags":[],"class_list":["post-19346","post","type-post","status-publish","format-standard","has-post-thumbnail","hentry","category-ankuendigung"],"_links":{"self":[{"href":"https:\/\/www.friedenkoeln.de\/index.php?rest_route=\/wp\/v2\/posts\/19346","targetHints":{"allow":["GET"]}}],"collection":[{"href":"https:\/\/www.friedenkoeln.de\/index.php?rest_route=\/wp\/v2\/posts"}],"about":[{"href":"https:\/\/www.friedenkoeln.de\/index.php?rest_route=\/wp\/v2\/types\/post"}],"author":[{"embeddable":true,"href":"https:\/\/www.friedenkoeln.de\/index.php?rest_route=\/wp\/v2\/users\/110"}],"replies":[{"embeddable":true,"href":"https:\/\/www.friedenkoeln.de\/index.php?rest_route=%2Fwp%2Fv2%2Fcomments&post=19346"}],"version-history":[{"count":3,"href":"https:\/\/www.friedenkoeln.de\/index.php?rest_route=\/wp\/v2\/posts\/19346\/revisions"}],"predecessor-version":[{"id":19350,"href":"https:\/\/www.friedenkoeln.de\/index.php?rest_route=\/wp\/v2\/posts\/19346\/revisions\/19350"}],"wp:featuredmedia":[{"embeddable":true,"href":"https:\/\/www.friedenkoeln.de\/index.php?rest_route=\/wp\/v2\/media\/19347"}],"wp:attachment":[{"href":"https:\/\/www.friedenkoeln.de\/index.php?rest_route=%2Fwp%2Fv2%2Fmedia&parent=19346"}],"wp:term":[{"taxonomy":"category","embeddable":true,"href":"https:\/\/www.friedenkoeln.de\/index.php?rest_route=%2Fwp%2Fv2%2Fcategories&post=19346"},{"taxonomy":"post_tag","embeddable":true,"href":"https:\/\/www.friedenkoeln.de\/index.php?rest_route=%2Fwp%2Fv2%2Ftags&post=19346"}],"curies":[{"name":"wp","href":"https:\/\/api.w.org\/{rel}","templated":true}]}}