{"id":19352,"date":"2025-09-15T10:37:52","date_gmt":"2025-09-15T08:37:52","guid":{"rendered":"https:\/\/www.friedenkoeln.de\/?p=19352"},"modified":"2025-09-15T10:37:52","modified_gmt":"2025-09-15T08:37:52","slug":"3-oktober-aktionstag-in-nrw-berlin-und-stuttgart","status":"publish","type":"post","link":"https:\/\/www.friedenkoeln.de\/?p=19352","title":{"rendered":"3. Oktober: Aktionstag in NRW, Berlin und Stuttgart"},"content":{"rendered":"<p><img loading=\"lazy\" decoding=\"async\" class=\"alignleft wp-image-19354\" src=\"https:\/\/www.friedenkoeln.de\/wp-content\/uploads\/2025\/09\/DFGVK-Flyer-Uedem-2025-v03-Flyer-Vorderseite-INTERNET-compressed-500x500.jpg\" alt=\"Flyer Demo Kalkar 3.10.2025\" width=\"250\" height=\"530\" srcset=\"https:\/\/www.friedenkoeln.de\/wp-content\/uploads\/2025\/09\/DFGVK-Flyer-Uedem-2025-v03-Flyer-Vorderseite-INTERNET-compressed-94x200.jpg 94w, https:\/\/www.friedenkoeln.de\/wp-content\/uploads\/2025\/09\/DFGVK-Flyer-Uedem-2025-v03-Flyer-Vorderseite-INTERNET-compressed.jpg 566w\" sizes=\"auto, (max-width: 250px) 100vw, 250px\" \/><\/p>\n<p>F\u00fcr den 3. Oktober rufen verschiedene Gruppen der Friedensbewegung zu einer bundesweiten Demonstration an zwei Orten in Berlin und Stuttgart auf: Gegen die Hochr\u00fcstung mit ihren unsozialen Konsequenzen. Gegen die Mittelstreckenwaffen. Gegen die innere Militarisierung. Gegen die Bedrohungsl\u00fcge. F\u00fcr die Beendigung aller Kriege \u2013 insbesondere in der Ukraine und im Mittleren Osten \/ Westasien. In NRW unterst\u00fctzen wir den Protest mit einer Demonstration an der NATO-Kommandozentrale in Uedem am Niederrhein, Teil des Doppelstandortes Kalkar\/Uedem. Der Niederrhein wird immer mehr zum milit\u00e4rischen Hotspot. Im Juni probten Bundeswehr und andere NATO-Armeen mit 1200 Soldaten bei Kalkar die \u00dcberquerung des Rheins mit Behelfsbr\u00fccken, im M\u00e4rz \u00fcbte die niederl\u00e4ndische Armee in der Region.<\/p>\n<p>In Kalkar und Uedem bauen NATO und Bundeswehr die Leitzentrale der Luftwaffe f\u00fcr Kriegshandlungen in Europa immer weiter aus. Im Doppelstandort Kalkar\/Uedem befinden sich Luftwaffen-Zentralen, die Kriegseins\u00e4tze mit Weltraumtechnik, Radar, GPS und Nachrichtentechnik steuern, die also ein NATO-Schaltzentrum f\u00fcr die Eins\u00e4tze von Drohnen, Kampfjets und sogar auch von Atombombern sind.<\/p>\n<p>Die Luftleitzentrale und der Gefechtsstand der Luftwaffe sind ausgestattet, die F\u00fchrung und Kontrolle der gesamten NATO-Luftstreitkr\u00e4fte in Europa zu \u00fcbernehmen. Im Herbst 2023 wurde das konkret f\u00fcr mehrere Monate getestet! Und aktuell werden von Kalkar\/Uedem aus die Eins\u00e4tze von NATO-Jets \u00fcber dem Baltikum und der Ostsee gesteuert, wo es immer wieder zu brenzligen Begenungen mit russischen Flugzeugen kommt. Im Kriegsfall w\u00e4ren Kalkar und Uedem eines der vorrangigen milit\u00e4rischen Angriffsziele mit schlimmen Folgen f\u00fcr die umgebenden Orte.<\/p>\n<p>Deshalb wollen wir gerade hier am Niederrhein protestieren, gegen die aktuellen Kriege, gegen die Militarisierung Europas und die NATO-Expansion sowie die Hoch- und Atomr\u00fcstung, die einen gro\u00dfen Krieg in Europa bis hin zum Nuklearkrieg immer wahrscheinlicher macht. Dazu rufen auf die Friedensversammlung RheinRuhr, in der die Friedensgruppen in der Region zusammengeschlosssen sind. unter ihnen die DFG-VK NRW. Wir wollen sichtbar machen, wo das Milit\u00e4r die Vorbereitungen trifft f\u00fcr einen Krieg in Europa, so irrsinnig sich das auch anh\u00f6ren mag. Denn ein Krieg zwischen Russland und der NATO w\u00fcrde unseren Kontinent zerst\u00f6ren, ihn vielleicht unbewohnbar machen. Deshalb am 3. Oktober auf nach Uedem, sagen wir nein zu Aufr\u00fcstung und Kriegst\u00fcchtigkeit, gemeinsam mit tausenden Gleichgesinnten, die am gleichen Tag in Berlin und Stuttgart f\u00fcr Frieden, Entspannungspolitik und Abr\u00fcstung demonstrieren!<\/p>\n<p>Es reden Tobias Pfl\u00fcger (IMI), Katharina Niebergall (junge GEW NRW) und Bernhard Trautvetter (Essener Friedensforum und Bundesausschuss Friedensratschlag). Musik kommt von Salossi.<\/p>\n<p>Aus K\u00f6ln f\u00e4hrt ein Bus. Infos dazu hier im <a href=\"https:\/\/www.friedenkoeln.de\/wp-content\/uploads\/2025\/09\/DFGVK-Flyer-Uedem-2025-v05-INTERNET_compressed.pdf\" target=\"_blank\" rel=\"noopener\">Flyer<\/a>.<\/p>\n<p>Mehr Infos auch unter <a href=\"https:\/\/demo-kalkar.de\/\" target=\"_blank\" rel=\"noopener\">www.demo-kalkar.de<\/a><\/p>\n","protected":false},"excerpt":{"rendered":"<p>F\u00fcr den 3. Oktober rufen verschiedene Gruppen der Friedensbewegung zu einer bundesweiten Demonstration an zwei Orten in Berlin und Stuttgart auf: Gegen die Hochr\u00fcstung mit ihren unsozialen Konsequenzen. Gegen die Mittelstreckenwaffen. Gegen die innere&#46;&#46;&#46;<\/p>\n","protected":false},"author":110,"featured_media":19353,"comment_status":"open","ping_status":"open","sticky":false,"template":"","format":"standard","meta":{"footnotes":""},"categories":[2,104,116],"tags":[],"class_list":["post-19352","post","type-post","status-publish","format-standard","has-post-thumbnail","hentry","category-aktionen","category-ankuendigung","category-aufruf"],"_links":{"self":[{"href":"https:\/\/www.friedenkoeln.de\/index.php?rest_route=\/wp\/v2\/posts\/19352","targetHints":{"allow":["GET"]}}],"collection":[{"href":"https:\/\/www.friedenkoeln.de\/index.php?rest_route=\/wp\/v2\/posts"}],"about":[{"href":"https:\/\/www.friedenkoeln.de\/index.php?rest_route=\/wp\/v2\/types\/post"}],"author":[{"embeddable":true,"href":"https:\/\/www.friedenkoeln.de\/index.php?rest_route=\/wp\/v2\/users\/110"}],"replies":[{"embeddable":true,"href":"https:\/\/www.friedenkoeln.de\/index.php?rest_route=%2Fwp%2Fv2%2Fcomments&post=19352"}],"version-history":[{"count":2,"href":"https:\/\/www.friedenkoeln.de\/index.php?rest_route=\/wp\/v2\/posts\/19352\/revisions"}],"predecessor-version":[{"id":19357,"href":"https:\/\/www.friedenkoeln.de\/index.php?rest_route=\/wp\/v2\/posts\/19352\/revisions\/19357"}],"wp:featuredmedia":[{"embeddable":true,"href":"https:\/\/www.friedenkoeln.de\/index.php?rest_route=\/wp\/v2\/media\/19353"}],"wp:attachment":[{"href":"https:\/\/www.friedenkoeln.de\/index.php?rest_route=%2Fwp%2Fv2%2Fmedia&parent=19352"}],"wp:term":[{"taxonomy":"category","embeddable":true,"href":"https:\/\/www.friedenkoeln.de\/index.php?rest_route=%2Fwp%2Fv2%2Fcategories&post=19352"},{"taxonomy":"post_tag","embeddable":true,"href":"https:\/\/www.friedenkoeln.de\/index.php?rest_route=%2Fwp%2Fv2%2Ftags&post=19352"}],"curies":[{"name":"wp","href":"https:\/\/api.w.org\/{rel}","templated":true}]}}