{"id":19374,"date":"2025-09-30T09:21:59","date_gmt":"2025-09-30T07:21:59","guid":{"rendered":"https:\/\/www.friedenkoeln.de\/?p=19374"},"modified":"2025-10-06T13:38:08","modified_gmt":"2025-10-06T11:38:08","slug":"aufruf-zur-demonstration-und-aktion-am-11-oktober-2025-in-noervenich","status":"publish","type":"post","link":"https:\/\/www.friedenkoeln.de\/?p=19374","title":{"rendered":"AUFRUF zur Demonstration und Aktion am 11. Oktober 2025 in N\u00f6rvenich"},"content":{"rendered":"<p><img loading=\"lazy\" decoding=\"async\" class=\"aligncenter wp-image-19375 size-full\" src=\"https:\/\/www.friedenkoeln.de\/wp-content\/uploads\/2025\/09\/noervenich_bild.jpg\" alt=\"NATO-Atomkriegsman\u00f6ver 2025 stoppen!\" width=\"900\" height=\"261\" srcset=\"https:\/\/www.friedenkoeln.de\/wp-content\/uploads\/2025\/09\/noervenich_bild.jpg 900w, https:\/\/www.friedenkoeln.de\/wp-content\/uploads\/2025\/09\/noervenich_bild-200x58.jpg 200w, https:\/\/www.friedenkoeln.de\/wp-content\/uploads\/2025\/09\/noervenich_bild-768x223.jpg 768w\" sizes=\"auto, (max-width: 900px) 100vw, 900px\" \/><\/p>\n<h2 class=\"p1\"><span class=\"s1\">80 Jahre nach Hiroshima:<br \/>\nNATO-Atomkriegsman\u00f6ver 2025 stoppen!<\/span><\/h2>\n<h4 class=\"p1\"><span class=\"s1\">Auftakt um 12.00 Uhr, Kriegsflugplatz N\u00f6rvenich<br \/>\n12.30 Uhr, Demonstrationszug<br \/>\nca. 13.00 Uhr, Kundgebung: Schlosspark N\u00f6rvenich<\/span><\/h4>\n<p class=\"p1\"><span class=\"s1\">Deutsche Politikerinnen und Politiker fordern 80 Jahre nach Hiroshima eine deutsche Atombombe oder eine europ\u00e4ische F\u00e4higkeit, Atombomben \u2013 mit Frankreich oder Gro\u00dfbritannien \u2013 einsetzen zu k\u00f6nnen. Die EU will aufr\u00fcsten und kriegsf\u00e4hig werden. Ein Krieg zwischen Russland und der NATO wird f\u00fcr 2028\/2029 von deutschen Politikerinnen und Politikern herbeigeredet. Statt auf Diplomatie und Verst\u00e4ndigung zu setzen, wird Kriegst\u00fcchtigkeit gefordert. Milliarden Euro sollen in neue Aufr\u00fcstung und Kriegsvorbereitung gesteckt werden. Die Wehrpflicht zum Krieg soll wieder eingef\u00fchrt werden. <\/span><\/p>\n<p class=\"p1\"><strong><span class=\"s1\">Ein alles zerst\u00f6render gro\u00dfer Krieg in Europa wird m\u00f6glich, wenn wir nicht widerstehen! <\/span><\/strong><\/p>\n<p class=\"p1\"><span class=\"s1\">Der Krieg in der Ukraine wird weitergef\u00fchrt, statt eine Friedensl\u00f6sung zu finden. Kriegsprofite gehen an die Aktion\u00e4re von Rheinmetall und andere weltweit agierende R\u00fcstungslobbyisten. Der Iran wurde bombardiert, weil ihm vorgeworfen wurde, Atomwaffen anzustreben. Weltweit l\u00f6ste die Eskalation der Spannungen zwischen den Atomm\u00e4chten Indien und Pakistan Besorgnis aus. Aber alle \u201eanerkannten\u201c Atomm\u00e4chte kommen ihren Verpflichtungen zur atomaren Abr\u00fcstung aus dem Nichtverbreitungsvertrag nicht nach. Dieser fordert die vollst\u00e4ndige Abschaffung aller Atomwaffen durch ernsthafte Verhandlungen. Diese werden seit \u00fcber 50 Jahren unterlassen. <\/span><\/p>\n<p class=\"p1\"><strong><span class=\"s1\">Weltweit gibt es \u00fcber 12.000 Atomwaffen, davon sind \u00fcber 3.900 sofort einsatzbereit.<\/span><\/strong><\/p>\n<p class=\"p1\"><span class=\"s1\">In dieser brisanten Lage will die Bundeswehr Mitte Oktober 2025 im Rahmen des NATO-Man\u00f6vers \u201eSteadfast Noon\u201c erneut mit Attrappen \u00fcben, wie man Atombomben aus unterirdischen Bunkern an Tornado-Kampfjets anbringt und diese Bomben im Einsatzziel abwirft. Dieses Man\u00f6ver findet jedes Jahr europaweit mit Beteiligung der USA und aller NATO-Staaten der \u201enuklearen Teilhabe\u201c statt. <\/span><\/p>\n<p class=\"p1\"><span class=\"s1\">Der St\u00fctzpunkt N\u00f6rvenich bei D\u00fcren ist aktuell Ausweichstandort f\u00fcr die sonst auf dem St\u00fctzpunkt B\u00fcchel (Eifel) stationierten Tornado-Kampfjets. Jeden Tag erinnert der Flugl\u00e4rm in den umliegenden Ortschaften wie Kerpen, D\u00fcren und N\u00f6rvenich an die brisante atomare Bedrohung. Derweil wird B\u00fcchel f\u00fcr \u00fcber zwei Milliarden Euro bis 2026 f\u00fcr die neuen F-35-Atombomber und die neuen B61-12 Atombomben umgebaut. Hier liegen die ca. 15-20 US-Atombomben, die im Ernstfall von Bundeswehrpilotinnen und -piloten eingesetzt werden sollen. <\/span><\/p>\n<p class=\"p1\"><span class=\"s1\">Das Atomkriegsman\u00f6ver dokumentiert in erschreckender Weise die Bereitschaft der NATO und der Bundesregierung, im \u201eErnstfall\u201c einen Atomkrieg zu f\u00fchren, der zumindest ganz Europa vernichten w\u00fcrde. <\/span><\/p>\n<p class=\"p1\"><span class=\"s1\">Mit der \u201enuklearen Teilhabe\u201c verst\u00f6\u00dft die Bundesregierung gegen den Atomwaffensperrvertrag, das humanit\u00e4re V\u00f6lkerrecht und den Zweiplus-Vier-Vertrag (12.9.1990), in dem Deutschland den \u201eVerzicht auf Herstellung und Besitz von und auf Verf\u00fcgungsgewalt \u00fcber atomare <\/span><\/p>\n<p class=\"p1\"><span class=\"s1\">\u2026 Waffen\u201c ausdr\u00fccklich bekr\u00e4ftigt. Laut Taschenkarte der Bundeswehr von 2008 und gem\u00e4\u00df aktueller Information des Bundesjustizministeriums d\u00fcrfen Bundeswehrsoldatinnen und -soldaten gem\u00e4\u00df dem humanit\u00e4ren V\u00f6lkerrecht niemals atomare Waffen einsetzen *. <\/span><\/p>\n<p class=\"p1\"><span class=\"s1\">Aber im Oktober soll die Bundeswehr wieder den Einsatz von Atombomben \u00fcben. Die Alternative zu weiterer atomarer Aufr\u00fcstung ist der Atomwaffenverbotsvertrag (AVV) der UNO, der im Januar 2021 in Kraft getreten ist und Herstellung, Besitz und Einsatz von Atomwaffen verbietet. Der AVV greift damit das Rechtsgutachten des Internationalen Gerichtshofes von 1996 auf, das den Einsatz von Atomwaffen und die Drohung mit Atomwaffen als generell v\u00f6lkerrechtswidrig verurteilt hat.<\/span><\/p>\n<h4>WIR FORDERN VOM DEUTSCHEN BUNDESTAG UND DER BUNDESREGIERUNG:<\/h4>\n<ul>\n<li><strong>Absage der Beteiligung der Bundeswehr am Atomkriegsman\u00f6ver \u201eSteadfast Noon\u201c<\/strong><\/li>\n<li><strong>Abzug aller Atomwaffen aus Deutschland<\/strong><\/li>\n<li><strong>Beendigung der \u201eNukleare n Teilhabe\u201c und Beitritt zum Atomwaffenverbotsvertrag<\/strong><\/li>\n<li><strong>Stopp der geplanten Stationierung neuer US-Mittelstreckenwaffen in Deutschland<\/strong><\/li>\n<\/ul>\n<p class=\"p1\"><strong><span class=\"s1\">Demonstrieren wir gemeinsam gegen Atomkriegsman\u00f6ver, f\u00fcr eine Welt ohne Atomwaffen und die Beendigung aller Kriege durch Verhandlungen und V\u00f6lkerverst\u00e4ndigung! F\u00fcr Abr\u00fcstung, soziale und weltweite Gerechtigkeit! Wir setzen auf die Friedensf\u00e4higkeit aller Menschen und widersetzen uns allen Forderungen nach Kriegst\u00fcchtigkeit!<\/span><\/strong><\/p>\n<p class=\"p1\"><span class=\"s1\">Kommt zur Demonstration am 11. Oktober nach N\u00f6rvenich!<br \/>\nStart um 12 h am Kriegsflugplatz N\u00f6rvenich, Oswald-Boelcke-Allee 1.<br \/>\nKundgebung ca. 13 h auf dem Schlossplatz.<br \/>\nNach der Kundgebung kann die Volxk\u00fcche genossen werden.<\/span><\/p>\n<div class=\"\"><b class=\"\">Treffpunkt in K\u00f6ln<\/b> ist f\u00fcr alle die ein Gruppenticket zusammen kaufen wollen<\/div>\n<div class=\"\"><b class=\"\">um 10.30 Uhr in der Bahnhofshalle vom Hbf<\/b><\/div>\n<div class=\"\"><b class=\"\">\u00a0<\/b><\/div>\n<div class=\"\">und f\u00fcr diejenigen, die bereits ein Deutschlandticket haben,<\/div>\n<div class=\"\"><b class=\"\">um 10.40 Uhr direkt auf dem Bahnsteig Gleis 8 A-C<\/b><\/div>\n<div class=\"\"><b class=\"\">f\u00fcr die Fahrt mit dem RE 9 nach D\u00fcren um 10.47 Uhr<\/b><\/div>\n<div class=\"\"><b class=\"\">\u00a0<\/b><\/div>\n<div class=\"\">vom <b class=\"\">Bahnhof D\u00fcren (Ausgang Nordseite) f\u00e4hrt dann um 11.15 Uhr<\/b><\/div>\n<div class=\"\">ein <b class=\"\">Shuttle-Bus<\/b> zum Demo-Auftakt am Kriegsflugplatz N\u00f6rvenich.<\/div>\n<p class=\"p1\"><span class=\"s1\"><strong>R\u00fcckfahrt ab Schlossplatz ca. 15.45 h<\/strong>.<\/span><\/p>\n<p>&nbsp;<\/p>\n<p class=\"p1\"><strong><span class=\"s1\">Einsatz f\u00fcr Frieden und Menschenrechte geh\u00f6ren zusammen. Rassismus und Nationalismus sind mit unseren Zielen unvereinbar und stehen einer Zusammenarbeit entgegen. Nationalflaggen sind auf unserer Demonstration nicht erw\u00fcnscht.<\/span><\/strong><\/p>\n<p class=\"p1\"><span class=\"s1\">Beim Auftakt spricht: Heiner Kr\u00fcger, Friedensgruppe D\u00fcren<br \/>\nDie Kundgebung findet als Diskussionsrunde statt mit: Hildegard Slabik-M\u00fcnter, Friedensgruppe Daun und Netzwerk gegen Atomwaffen, B\u00fcchel Regina Hagen, Sprecherin Aktionsb\u00fcndnis \u201eatomwaffenfrei jetzt!\u201c<br \/>\n<\/span><span class=\"s1\">Pfarrerin Vera Schellberg, D\u00fcren<br \/>\nDr. Uwe Trieschmann, IPPNW Kultur: Kabarettgruppe \u201eMuita Merde\u201c<br \/>\nGesangsduo Josie Bockholt u. Kurt Lennartz (Aachen)\u201c<br \/>\nDie \u201eSockosophen\u201c (Aachen)<br \/>\nModeration: Simon B\u00f6decker, Ohne R\u00fcstung Leben<br \/>\nGesamtmoderation: Joachim Schramm, DFG-VK NRW<\/span><\/p>\n<p><a href=\"https:\/\/www.friedenkoeln.de\/wp-content\/uploads\/2025\/09\/noervenich_250919_print.pdf\">Der Flyer zum Download<\/a><\/p>\n","protected":false},"excerpt":{"rendered":"<p>80 Jahre nach Hiroshima: NATO-Atomkriegsman\u00f6ver 2025 stoppen! Auftakt um 12.00 Uhr, Kriegsflugplatz N\u00f6rvenich 12.30 Uhr, Demonstrationszug ca. 13.00 Uhr, Kundgebung: Schlosspark N\u00f6rvenich Deutsche Politikerinnen und Politiker fordern 80 Jahre nach Hiroshima eine deutsche Atombombe&#46;&#46;&#46;<\/p>\n","protected":false},"author":110,"featured_media":19379,"comment_status":"open","ping_status":"open","sticky":false,"template":"","format":"standard","meta":{"footnotes":""},"categories":[2,104,116],"tags":[],"class_list":["post-19374","post","type-post","status-publish","format-standard","has-post-thumbnail","hentry","category-aktionen","category-ankuendigung","category-aufruf"],"_links":{"self":[{"href":"https:\/\/www.friedenkoeln.de\/index.php?rest_route=\/wp\/v2\/posts\/19374","targetHints":{"allow":["GET"]}}],"collection":[{"href":"https:\/\/www.friedenkoeln.de\/index.php?rest_route=\/wp\/v2\/posts"}],"about":[{"href":"https:\/\/www.friedenkoeln.de\/index.php?rest_route=\/wp\/v2\/types\/post"}],"author":[{"embeddable":true,"href":"https:\/\/www.friedenkoeln.de\/index.php?rest_route=\/wp\/v2\/users\/110"}],"replies":[{"embeddable":true,"href":"https:\/\/www.friedenkoeln.de\/index.php?rest_route=%2Fwp%2Fv2%2Fcomments&post=19374"}],"version-history":[{"count":6,"href":"https:\/\/www.friedenkoeln.de\/index.php?rest_route=\/wp\/v2\/posts\/19374\/revisions"}],"predecessor-version":[{"id":19384,"href":"https:\/\/www.friedenkoeln.de\/index.php?rest_route=\/wp\/v2\/posts\/19374\/revisions\/19384"}],"wp:featuredmedia":[{"embeddable":true,"href":"https:\/\/www.friedenkoeln.de\/index.php?rest_route=\/wp\/v2\/media\/19379"}],"wp:attachment":[{"href":"https:\/\/www.friedenkoeln.de\/index.php?rest_route=%2Fwp%2Fv2%2Fmedia&parent=19374"}],"wp:term":[{"taxonomy":"category","embeddable":true,"href":"https:\/\/www.friedenkoeln.de\/index.php?rest_route=%2Fwp%2Fv2%2Fcategories&post=19374"},{"taxonomy":"post_tag","embeddable":true,"href":"https:\/\/www.friedenkoeln.de\/index.php?rest_route=%2Fwp%2Fv2%2Ftags&post=19374"}],"curies":[{"name":"wp","href":"https:\/\/api.w.org\/{rel}","templated":true}]}}