{"id":19385,"date":"2025-10-07T13:24:12","date_gmt":"2025-10-07T11:24:12","guid":{"rendered":"https:\/\/www.friedenkoeln.de\/?p=19385"},"modified":"2025-10-07T13:24:12","modified_gmt":"2025-10-07T11:24:12","slug":"unsere-unterstuetzungs-aktionen-waehrend-der-rheinmetall-entwaffnen-woche","status":"publish","type":"post","link":"https:\/\/www.friedenkoeln.de\/?p=19385","title":{"rendered":"Unsere Unterst\u00fctzungs-Aktionen w\u00e4hrend der Rheinmetall-Entwaffnen-Woche"},"content":{"rendered":"<p>Am Dienstag, den 26. August 2025, beteiligte sich die DFG-VK K\u00f6ln mit einer eigenen Aktion am Rudolfplatz an der Rheinmetall-Entwaffnen-Woche in K\u00f6ln. In unmittelbarer N\u00e4he des Protestcamps entfalteten wir das Borchert-Banner \u201eSag Nein!\u201c. Unterst\u00fctzt wurde die Aktion von sieben friedensbewegten MusikerInnen und S\u00e4ngerInnen, die mit engagierten und bewegenden Liedern die Passanten zum Verweilen einluden. Zudem verteilten wir Flyer f\u00fcr Jugendliche zur drohenden Wiedereinf\u00fchrung des Wehrdienstes.<\/p>\n<p><img loading=\"lazy\" decoding=\"async\" class=\"aligncenter wp-image-19387 size-full\" src=\"https:\/\/www.friedenkoeln.de\/wp-content\/uploads\/2025\/10\/rudolfplatz2025.jpg\" alt=\"Borchert-Banner \u201eSag Nein!\u201c\" width=\"1000\" height=\"578\" srcset=\"https:\/\/www.friedenkoeln.de\/wp-content\/uploads\/2025\/10\/rudolfplatz2025.jpg 1000w, https:\/\/www.friedenkoeln.de\/wp-content\/uploads\/2025\/10\/rudolfplatz2025-200x116.jpg 200w, https:\/\/www.friedenkoeln.de\/wp-content\/uploads\/2025\/10\/rudolfplatz2025-768x444.jpg 768w\" sizes=\"auto, (max-width: 1000px) 100vw, 1000px\" \/><\/p>\n<p>Am Mittwoch, den 27. August, organisierten wir in Zusammenarbeit mit mehreren friedensbewegten Stadtteil-Organisationen auf dem Camp-Gel\u00e4nde einen Workshop zur Kriegsdienstverweigerung (KDV), gestaltet von Michael Roitzsch, Ren\u00e9e R\u00f6derstein und Christoph Tophoven. Rund 100 \u00fcberwiegend junge Teilnehmer diskutierten Strategien, Argumente und Formen des Widerstands gegen den neuen Wehrdienst.<\/p>\n<p>Am Donnerstag, den 28. August, folgte eine fr\u00fchmorgendliche Flyer-Aktion gemeinsam mit RME vor mehreren K\u00f6lner Schulen. Die DFG-VK Gruppe K\u00f6ln hatte sich die drei Berufsschulen in Deutz vorgenommen: das Nicolaus-August-Otto-, das Werner-von-Siemens- und das Hans-B\u00f6ckler-Berufskolleg. Mit dem Flyer \u201eWEHRPFLICHT? OHNE MICH!\u201c informierten wir zahlreiche Sch\u00fclerinnen und Sch\u00fcler \u00fcber Alternativen zur Wehrpflicht und f\u00fchrten viele Gespr\u00e4che. Die Aktion setzte ein klares Zeichen gegen Militarisierung und f\u00fcr eine friedliche Zukunft.<\/p>\n<p><img loading=\"lazy\" decoding=\"async\" class=\"aligncenter wp-image-19386 size-full\" src=\"https:\/\/www.friedenkoeln.de\/wp-content\/uploads\/2025\/10\/berufskollegdeutz.jpg\" alt=\"fr\u00fchmorgendliche Flyer-Aktion gemeinsam mit RME vor mehreren K\u00f6lner Schulen\" width=\"1000\" height=\"578\" srcset=\"https:\/\/www.friedenkoeln.de\/wp-content\/uploads\/2025\/10\/berufskollegdeutz.jpg 1000w, https:\/\/www.friedenkoeln.de\/wp-content\/uploads\/2025\/10\/berufskollegdeutz-200x116.jpg 200w, https:\/\/www.friedenkoeln.de\/wp-content\/uploads\/2025\/10\/berufskollegdeutz-768x444.jpg 768w\" sizes=\"auto, (max-width: 1000px) 100vw, 1000px\" \/><\/p>\n<p>Julia Hecht<\/p>\n","protected":false},"excerpt":{"rendered":"<p>Am Dienstag, den 26. August 2025, beteiligte sich die DFG-VK K\u00f6ln mit einer eigenen Aktion am Rudolfplatz an der Rheinmetall-Entwaffnen-Woche in K\u00f6ln. In unmittelbarer N\u00e4he des Protestcamps entfalteten wir das Borchert-Banner \u201eSag Nein!\u201c. Unterst\u00fctzt&#46;&#46;&#46;<\/p>\n","protected":false},"author":110,"featured_media":19387,"comment_status":"open","ping_status":"open","sticky":false,"template":"","format":"standard","meta":{"footnotes":""},"categories":[2,105],"tags":[],"class_list":["post-19385","post","type-post","status-publish","format-standard","has-post-thumbnail","hentry","category-aktionen","category-bericht"],"_links":{"self":[{"href":"https:\/\/www.friedenkoeln.de\/index.php?rest_route=\/wp\/v2\/posts\/19385","targetHints":{"allow":["GET"]}}],"collection":[{"href":"https:\/\/www.friedenkoeln.de\/index.php?rest_route=\/wp\/v2\/posts"}],"about":[{"href":"https:\/\/www.friedenkoeln.de\/index.php?rest_route=\/wp\/v2\/types\/post"}],"author":[{"embeddable":true,"href":"https:\/\/www.friedenkoeln.de\/index.php?rest_route=\/wp\/v2\/users\/110"}],"replies":[{"embeddable":true,"href":"https:\/\/www.friedenkoeln.de\/index.php?rest_route=%2Fwp%2Fv2%2Fcomments&post=19385"}],"version-history":[{"count":1,"href":"https:\/\/www.friedenkoeln.de\/index.php?rest_route=\/wp\/v2\/posts\/19385\/revisions"}],"predecessor-version":[{"id":19388,"href":"https:\/\/www.friedenkoeln.de\/index.php?rest_route=\/wp\/v2\/posts\/19385\/revisions\/19388"}],"wp:featuredmedia":[{"embeddable":true,"href":"https:\/\/www.friedenkoeln.de\/index.php?rest_route=\/wp\/v2\/media\/19387"}],"wp:attachment":[{"href":"https:\/\/www.friedenkoeln.de\/index.php?rest_route=%2Fwp%2Fv2%2Fmedia&parent=19385"}],"wp:term":[{"taxonomy":"category","embeddable":true,"href":"https:\/\/www.friedenkoeln.de\/index.php?rest_route=%2Fwp%2Fv2%2Fcategories&post=19385"},{"taxonomy":"post_tag","embeddable":true,"href":"https:\/\/www.friedenkoeln.de\/index.php?rest_route=%2Fwp%2Fv2%2Ftags&post=19385"}],"curies":[{"name":"wp","href":"https:\/\/api.w.org\/{rel}","templated":true}]}}