{"id":19390,"date":"2025-10-24T12:05:34","date_gmt":"2025-10-24T10:05:34","guid":{"rendered":"https:\/\/www.friedenkoeln.de\/?p=19390"},"modified":"2025-10-24T12:10:42","modified_gmt":"2025-10-24T10:10:42","slug":"march-for-liberation","status":"publish","type":"post","link":"https:\/\/www.friedenkoeln.de\/?p=19390","title":{"rendered":"March for Liberation"},"content":{"rendered":"<h3 style=\"text-align: left;\">Keine Kriegsmaschinen in unserem Veedel!<\/h3>\n<h3 style=\"text-align: left;\">Im Oktober: Jeden Feitag 18:30 &#8211; K\u00f6ln M\u00fchlheim Bahnhof<\/h3>\n<h3 style=\"text-align: left;\">F\u00fcr ein freies Pal\u00e4stina!<\/h3>\n<h2 style=\"text-align: left;\">M\u00fclheim sagt Nein zu Kriegstreibern!<\/h2>\n<p><img loading=\"lazy\" decoding=\"async\" class=\"size-full wp-image-19397 alignleft\" src=\"https:\/\/www.friedenkoeln.de\/wp-content\/uploads\/2025\/10\/march-for-liberation2.jpg\" alt=\"March for Liberation\" width=\"288\" height=\"420\" srcset=\"https:\/\/www.friedenkoeln.de\/wp-content\/uploads\/2025\/10\/march-for-liberation2.jpg 288w, https:\/\/www.friedenkoeln.de\/wp-content\/uploads\/2025\/10\/march-for-liberation2-137x200.jpg 137w\" sizes=\"auto, (max-width: 288px) 100vw, 288px\" \/><\/p>\n<p class=\"p1\">Hier im Veedel in K\u00f6ln-M\u00fclheim, Am Kabellager 11, haben sich im Fr\u00fchjahr 2025 einige der gr\u00f6\u00dften R\u00fcstungskonzerne der Welt angesiedelt.<\/p>\n<p class=\"p1\">Sie arbeiten am Projekt \u201eMain Ground Combat Systems\u201c, das rund 100 Milliarden Euro kosten soll.<\/p>\n<p class=\"p1\">Ziel ist es, eine neue Generation \u201eintelligenter\u201c Kampfpanzer zu entwickeln.<span class=\"Apple-converted-space\">\u00a0 <\/span>Gleichzeitig streicht die Bundesregierung immer mehr Sozialleistungen. Das Geld, das f\u00fcr Soziales fehlt, landet direkt bei den R\u00fcstungskonzernen.<\/p>\n<p class=\"p1\">Israels Genozid in Pal\u00e4stina und der Krieg in der Ukraine haben den R\u00fcstungskonzernen nicht nur riesige Profite eingebracht &#8211; wie die UN k\u00fcrzlich aufdeckte -, sondern dienen als Grundlage f\u00fcr<span class=\"Apple-converted-space\">\u00a0 <\/span>Forschung und Entwicklung neuer<span class=\"Apple-converted-space\">\u00a0 <\/span>\u201eMade in M\u00fclheim\u201c-T\u00f6tungsmaschinen.<\/p>\n<p class=\"p1\">Die enge Partnerschaft mit dem nachweislich genozidalen israelischen Milit\u00e4r zeigt, was uns mit diesem R\u00fcstungsprojekt bevorsteht.<\/p>\n<p class=\"p1\">Wir m\u00fcssen uns als Kolner:innen und M\u00fclheimer:innen gemeinsam und entschlossen gegen das Kriegsgesch\u00e4ft stellen!<\/p>\n","protected":false},"excerpt":{"rendered":"<p>Keine Kriegsmaschinen in unserem Veedel! Im Oktober: Jeden Feitag 18:30 &#8211; K\u00f6ln M\u00fchlheim Bahnhof F\u00fcr ein freies Pal\u00e4stina! M\u00fclheim sagt Nein zu Kriegstreibern! Hier im Veedel in K\u00f6ln-M\u00fclheim, Am Kabellager 11, haben sich im&#46;&#46;&#46;<\/p>\n","protected":false},"author":110,"featured_media":19399,"comment_status":"open","ping_status":"open","sticky":false,"template":"","format":"standard","meta":{"footnotes":""},"categories":[2,116],"tags":[],"class_list":["post-19390","post","type-post","status-publish","format-standard","has-post-thumbnail","hentry","category-aktionen","category-aufruf"],"_links":{"self":[{"href":"https:\/\/www.friedenkoeln.de\/index.php?rest_route=\/wp\/v2\/posts\/19390","targetHints":{"allow":["GET"]}}],"collection":[{"href":"https:\/\/www.friedenkoeln.de\/index.php?rest_route=\/wp\/v2\/posts"}],"about":[{"href":"https:\/\/www.friedenkoeln.de\/index.php?rest_route=\/wp\/v2\/types\/post"}],"author":[{"embeddable":true,"href":"https:\/\/www.friedenkoeln.de\/index.php?rest_route=\/wp\/v2\/users\/110"}],"replies":[{"embeddable":true,"href":"https:\/\/www.friedenkoeln.de\/index.php?rest_route=%2Fwp%2Fv2%2Fcomments&post=19390"}],"version-history":[{"count":5,"href":"https:\/\/www.friedenkoeln.de\/index.php?rest_route=\/wp\/v2\/posts\/19390\/revisions"}],"predecessor-version":[{"id":19398,"href":"https:\/\/www.friedenkoeln.de\/index.php?rest_route=\/wp\/v2\/posts\/19390\/revisions\/19398"}],"wp:featuredmedia":[{"embeddable":true,"href":"https:\/\/www.friedenkoeln.de\/index.php?rest_route=\/wp\/v2\/media\/19399"}],"wp:attachment":[{"href":"https:\/\/www.friedenkoeln.de\/index.php?rest_route=%2Fwp%2Fv2%2Fmedia&parent=19390"}],"wp:term":[{"taxonomy":"category","embeddable":true,"href":"https:\/\/www.friedenkoeln.de\/index.php?rest_route=%2Fwp%2Fv2%2Fcategories&post=19390"},{"taxonomy":"post_tag","embeddable":true,"href":"https:\/\/www.friedenkoeln.de\/index.php?rest_route=%2Fwp%2Fv2%2Ftags&post=19390"}],"curies":[{"name":"wp","href":"https:\/\/api.w.org\/{rel}","templated":true}]}}