{"id":19403,"date":"2025-10-28T16:20:26","date_gmt":"2025-10-28T15:20:26","guid":{"rendered":"https:\/\/www.friedenkoeln.de\/?p=19403"},"modified":"2025-10-28T16:20:26","modified_gmt":"2025-10-28T15:20:26","slug":"demo-fuer-ein-freies-palaestina","status":"publish","type":"post","link":"https:\/\/www.friedenkoeln.de\/?p=19403","title":{"rendered":"Demo f\u00fcr ein freies Pal\u00e4stina!"},"content":{"rendered":"<h2 class=\"p2\" style=\"text-align: center;\"><b><img loading=\"lazy\" decoding=\"async\" class=\"alignleft wp-image-19406\" src=\"https:\/\/www.friedenkoeln.de\/wp-content\/uploads\/2025\/10\/SharePic2-500x500.jpeg\" alt=\"Demo f\u00fcr ein freies Pal\u00e4stina!\" width=\"200\" height=\"356\" srcset=\"https:\/\/www.friedenkoeln.de\/wp-content\/uploads\/2025\/10\/SharePic2-113x200.jpeg 113w, https:\/\/www.friedenkoeln.de\/wp-content\/uploads\/2025\/10\/SharePic2-768x1365.jpeg 768w, https:\/\/www.friedenkoeln.de\/wp-content\/uploads\/2025\/10\/SharePic2-864x1536.jpeg 864w, https:\/\/www.friedenkoeln.de\/wp-content\/uploads\/2025\/10\/SharePic2-1152x2048.jpeg 1152w, https:\/\/www.friedenkoeln.de\/wp-content\/uploads\/2025\/10\/SharePic2-scaled.jpeg 1440w\" sizes=\"auto, (max-width: 200px) 100vw, 200px\" \/>Demonstration Sa 08.11.25<br \/>\n14.00 Uhr, K\u00f6ln &#8211; Hbf<\/b><\/h2>\n<hr \/>\n<p style=\"text-align: center;\"><strong>Unter dem Motto <\/strong><\/p>\n<h2 style=\"text-align: center;\">\u201eall-eyes-on-Gaza\u201c<\/h2>\n<p style=\"text-align: center;\">gingen am 27. September in Berlin \u00fcber 100.000 Menschen auf die Stra\u00dfe.<\/p>\n<p style=\"text-align: center;\">(Initiatoren waren: Pal\u00e4stinensischen Gemeinde Deutschland, eye4palestine,<\/p>\n<p style=\"text-align: center;\">Amnesty International Deutschland und medico international).<\/p>\n<p>&nbsp;<\/p>\n<h2 style=\"text-align: center;\">Daran kn\u00fcpfen wir an,<\/h2>\n<p style=\"text-align: left;\">denn Trumps \u201eFriedensplan\u201c hat zwar zu einem Waffenstillstand gef\u00fchrt, aber nach wie vor erkl\u00e4rt Netanjahu, dass er keinen pal\u00e4stinensischen Staat akzeptieren wird und die Angriffe in der Westbank werden immer aggressiver.<\/p>\n<p style=\"text-align: left;\">Und Merz unterst\u00fctzt sie, indem er erkl\u00e4rt es gibt \u201ekeinen Grund mehr f\u00fcr Pal\u00e4stinenser, in Deutschland zu demonstrieren\u201c<\/p>\n<h2 style=\"text-align: center;\">Wir widersprechen:<\/h2>\n<p style=\"text-align: left;\"><em>Amnesty international<\/em> formuliert es unmissverst\u00e4ndlich:\u201c<strong>wie sieht das Morgen aus?<\/strong> (\u2026)es [darf] nicht bei einer \u201eAtempause\u201c bleiben. Es braucht mehr: (\u2026) <strong>Abschaffung des Apartheidsystems, Selbstbestimmung der Pal\u00e4stinenser*innen.<\/strong>\u201c Genauso betont <em>medico international<\/em>: \u201e\u2026 <strong>die Verweigerung des Selbstbestimmungsrechts der Pal\u00e4stinenser:innen<\/strong> \u2013 was uns \u00fcberhaupt erst in diese Lage gebracht hat (\u2026) <strong>muss beendet werden<\/strong>.\u201c<\/p>\n<h3 style=\"text-align: left;\">Deshalb bleiben die zentralen Forderungen unverzichtbar:<\/h3>\n<ul>\n<li style=\"text-align: left;\">Dauerhafter Waffenstillstand! Abzug des Israelischen Milit\u00e4rs<\/li>\n<li style=\"text-align: left;\">Beendigung der illegalen Besatzung des gesamten pal\u00e4stinensischen Gebietes!<\/li>\n<li style=\"text-align: left;\">Vollst\u00e4ndige Aufhebung der Blockade des Gazastreifens und ungehinderter Zugang f\u00fcr humanit\u00e4re Hilfe!<\/li>\n<li style=\"text-align: left;\">Freilassung aller inhaftierter Pal\u00e4stinenser:innen!\n<ul>\n<li style=\"text-align: left;\">\u00dcber 9000 Pal\u00e4stinenser:innen, darunter auch Hunderte von Kindern und Jugendlichen sind immer noch in Haft, Tausende davon in sogenannter Administrativhaft, d.h. ohne Anklage<\/li>\n<\/ul>\n<\/li>\n<li style=\"text-align: left;\">Das Selbstbestimmungsrecht und R\u00fcckkehrrecht der Pal\u00e4stinenser:innen m\u00fcssen verwirklicht werden!<\/li>\n<li style=\"text-align: left;\">Keine Straffreiheit f\u00fcr Genozid! Internationale Gerichtsbarkeit sch\u00fctzen!<\/li>\n<\/ul>\n<h3>Von der deutschen Bundesregierung fordern wir:<\/h3>\n<ul>\n<li>Anerkennung Pal\u00e4stinas!<\/li>\n<li>Unterst\u00fctzung beim Wiederaufbau lebensnotwendiger Infrastruktur!<\/li>\n<li>Keine Waffenlieferungen nach Israel!<\/li>\n<\/ul>\n<h2 class=\"p2\" style=\"text-align: center;\"><em>Deshalb rufen wir auf zu der Gro\u00df-Demonstration <\/em><br \/>\n<em>\u201eAll-eyes-on-Palestine\u201c am 08. November in K\u00f6ln<\/em><\/h2>\n<p>Hier der Flyer: <a href=\"https:\/\/www.friedenkoeln.de\/wp-content\/uploads\/2025\/10\/Aufruf-All-eyes-on-palestine-8.11.25-Koeln-2.2.pdf\">Aufruf All-eyes-on-palestine 8.11.25 Ko\u0308ln<\/a><\/p>\n<p><span style=\"font-size: 10px; line-height: 10px;\">Initiatoren: Pal\u00e4stinensische Allianz NRW, Pal\u00e4stinensische Gemeinde, IPPNW K\u00f6ln, Caf\u00e9 Palestine Colonia, ANPI Colonia, St\u00e4dtepartnerschaftsverein K\u00f6ln-Bethlehem, Partnerschaftsverein Bonn-Ramallah, AK Pal\u00e4stina Bru\u0308hl-Battir, \u201aMarch for liberation\u2018,FIAN (noch nicht endgu\u0308ltig entschieden), Jules El-Khatib (Hochschuldozent), Pal\u00e4stina-Koordination K\u00f6ln<\/span><\/p>\n<p><span style=\"font-size: 10px; line-height: 10px;\">Weitere Unterstu\u0308tzer der Demonstration: Weltfriedensdienst e.V., BIP (Bu\u0308ndnis fu\u0308r Gerechtigkeit zwischen Israelis und Pal\u00e4stinensern), WasTun, Pal\u00e4stina-Soli K\u00f6ln, DFG-VK K\u00f6ln, Friedensforum K\u00f6ln, Gaza Komitee K\u00f6ln, DIDF K\u00f6ln sowie politische Parteien (BSW, DKP, Mera25 NRW u.a.)<\/span><\/p>\n","protected":false},"excerpt":{"rendered":"<p>Demonstration Sa 08.11.25 14.00 Uhr, K\u00f6ln &#8211; Hbf Unter dem Motto \u201eall-eyes-on-Gaza\u201c gingen am 27. September in Berlin \u00fcber 100.000 Menschen auf die Stra\u00dfe. (Initiatoren waren: Pal\u00e4stinensischen Gemeinde Deutschland, eye4palestine, Amnesty International Deutschland und&#46;&#46;&#46;<\/p>\n","protected":false},"author":110,"featured_media":19405,"comment_status":"open","ping_status":"open","sticky":false,"template":"","format":"standard","meta":{"footnotes":""},"categories":[2,104,116],"tags":[],"class_list":["post-19403","post","type-post","status-publish","format-standard","has-post-thumbnail","hentry","category-aktionen","category-ankuendigung","category-aufruf"],"_links":{"self":[{"href":"https:\/\/www.friedenkoeln.de\/index.php?rest_route=\/wp\/v2\/posts\/19403","targetHints":{"allow":["GET"]}}],"collection":[{"href":"https:\/\/www.friedenkoeln.de\/index.php?rest_route=\/wp\/v2\/posts"}],"about":[{"href":"https:\/\/www.friedenkoeln.de\/index.php?rest_route=\/wp\/v2\/types\/post"}],"author":[{"embeddable":true,"href":"https:\/\/www.friedenkoeln.de\/index.php?rest_route=\/wp\/v2\/users\/110"}],"replies":[{"embeddable":true,"href":"https:\/\/www.friedenkoeln.de\/index.php?rest_route=%2Fwp%2Fv2%2Fcomments&post=19403"}],"version-history":[{"count":4,"href":"https:\/\/www.friedenkoeln.de\/index.php?rest_route=\/wp\/v2\/posts\/19403\/revisions"}],"predecessor-version":[{"id":19412,"href":"https:\/\/www.friedenkoeln.de\/index.php?rest_route=\/wp\/v2\/posts\/19403\/revisions\/19412"}],"wp:featuredmedia":[{"embeddable":true,"href":"https:\/\/www.friedenkoeln.de\/index.php?rest_route=\/wp\/v2\/media\/19405"}],"wp:attachment":[{"href":"https:\/\/www.friedenkoeln.de\/index.php?rest_route=%2Fwp%2Fv2%2Fmedia&parent=19403"}],"wp:term":[{"taxonomy":"category","embeddable":true,"href":"https:\/\/www.friedenkoeln.de\/index.php?rest_route=%2Fwp%2Fv2%2Fcategories&post=19403"},{"taxonomy":"post_tag","embeddable":true,"href":"https:\/\/www.friedenkoeln.de\/index.php?rest_route=%2Fwp%2Fv2%2Ftags&post=19403"}],"curies":[{"name":"wp","href":"https:\/\/api.w.org\/{rel}","templated":true}]}}