{"id":19421,"date":"2025-11-04T09:33:26","date_gmt":"2025-11-04T08:33:26","guid":{"rendered":"https:\/\/www.friedenkoeln.de\/?p=19421"},"modified":"2025-11-04T09:33:26","modified_gmt":"2025-11-04T08:33:26","slug":"lockerung-der-ausreisesperre-in-der-ukraine-soeder-und-linnemann-rufen-zu-voelkerrechtswidrigen-handlungen-auf","status":"publish","type":"post","link":"https:\/\/www.friedenkoeln.de\/?p=19421","title":{"rendered":"Lockerung der Ausreisesperre in der Ukraine: S\u00f6der und Linnemann rufen zu v\u00f6lkerrechtswidrigen Handlungen auf"},"content":{"rendered":"<h3>Wir dokumentieren hier eine Pressemitteilung der Connection-eV<\/h3>\n<p>&nbsp;<\/p>\n<p>Weitere Infos unter <a href=\"https:\/\/de.connection-ev.org\/article-4579\" target=\"_blank\" rel=\"noopener\">https:\/\/de.Connection-eV.org\/article-4579<\/a><\/p>\n<p>Mit Beginn des russischen Angriffs hat die ukrainische Regierung eine Ausreisesperre f\u00fcr alle M\u00e4nner im Alter von 18 bis 60 Jahren verh\u00e4ngt. Eine Ausreise ist seitdem nur mit Sondererlaubnis m\u00f6glich. Das stellt eine Verletzung des Menschenrechts auf Freiz\u00fcgigkeit dar.<\/p>\n<p><strong>Seit Ende August 2025 d\u00fcrfen nun 18 bis 22-j\u00e4hrige M\u00e4nner ausreisen.<\/strong> Davon machen viele Gebrauch. Darunter befinden sich vermutlich auch viele Kriegsdienstverweigerer. Ihnen wird zwar qua Verfassung das Menschenrecht auf Kriegsdienstverweigerung garantiert, de facto gibt es aber daf\u00fcr kein Verfahren. Antr\u00e4ge werden nicht angenommen, willk\u00fcrlich abgelehnt und sogar ausgesprochene Anerkennungen nicht ber\u00fccksichtigt. Stattdessen landen immer mehr, zwangsrekrutiert, in Gef\u00e4ngnissen oder eben beim Milit\u00e4r. Mithin bleibt jungen milit\u00e4rdienstpflichtigen Ukrainern, die sich dem Kriegsdienst verweigern wollen, keine andere M\u00f6glichkeit, als das Land zu verlassen.<\/p>\n<p>Nun sagt der bayerische Ministerpr\u00e4sident Markus S\u00f6der (CSU) in <em><a href=\"https:\/\/www.bild.de\/politik\/inland\/soeder-will-zuzug-ukrainischer-maenner-begrenzen-68fa5cbbc014c78e37fb78fd\">Bild<\/a><\/em>: Es sei &#8222;keinem geholfen, wenn immer mehr junge M\u00e4nner aus der Ukraine nach Deutschland kommen, anstatt ihre eigene Heimat zu verteidigen.&#8220; Es brauche &#8222;auch ukrainische Soldaten, die ihr eigenes Land verteidigen.&#8220; Er fordert deswegen die EU und Berlin auf, &#8222;auf die Ukraine einzuwirken, dass die gelockerten Ausreisebestimmungen wieder ge\u00e4ndert werden.&#8220;\u00a0[1]<\/p>\n<p>Unterst\u00fctzung erh\u00e4lt er vom Generalsekret\u00e4r der CDU, Carsten Linnemann, im <em><a href=\"https:\/\/www.stern.de\/politik\/deutschland\/ukraine-krieg--cdu-will-starken-zuzug-von-ukrainischen-maennern-stoppen-36158810.html\">Stern<\/a><\/em>: &#8222;Deshalb ist es nicht richtig, dass vor allem viele junge M\u00e4nner die Ukraine verlassen.&#8220;\u00a0[2]<\/p>\n<p><strong>Die Ausreisefreiheit und das Recht auf Kriegsdienstverweigerung sind durch die Europ\u00e4ische Menschenrechtskonvention gesch\u00fctzt (Art. 2 Abs. 2 4. Protokoll und Art. 9 der EMRK). Es handelt sich dabei um bindendes V\u00f6lkerrecht.<\/strong><\/p>\n<p>Connection e.V. vermisst ein Engagement der deutschen und EU-Politiker:innen f\u00fcr die Einhaltung der Menschenrechte, nicht nur in der Ukraine, sondern auch hier.<\/p>\n<p>Niemand darf gegen seinen Willen, gegen sein Gewissen, zum Kriegsdienst gezwungen werden.<\/p>\n<p>Die Menschenrechte auf Ausreisefreiheit und Kriegsdienstverweigerung d\u00fcrfen nicht dem Krieg geopfert werden.<\/p>\n<p>Jugendliche sind kein Kanonenfutter, sie d\u00fcrfen nicht im Krieg verheizt werden \u2013 Kriegsdienstverweigerer haben das Recht auf ihrer Seite.<\/p>\n<p>[1] <a class=\"moz-txt-link-freetext\" href=\"https:\/\/www.bild.de\/politik\/inland\/soeder-will-zuzug-ukrainischer-maenner-begrenzen-68fa5cbbc014c78e37fb78fd\">https:\/\/www.bild.de\/politik\/inland\/soeder-will-zuzug-ukrainischer-maenner-begrenzen-68fa5cbbc014c78e37fb78fd<\/a><br \/>\n[2] <a class=\"moz-txt-link-freetext\" href=\"https:\/\/www.stern.de\/politik\/deutschland\/ukraine-krieg--cdu-will-starken-zuzug-von-ukrainischen-maennern-stoppen-36158810.html\">https:\/\/www.stern.de\/politik\/deutschland\/ukraine-krieg&#8211;cdu-will-starken-zuzug-von-ukrainischen-maennern-stoppen-36158810.html<\/a><\/p>\n","protected":false},"excerpt":{"rendered":"<p>Wir dokumentieren hier eine Pressemitteilung der Connection-eV &nbsp; Weitere Infos unter https:\/\/de.Connection-eV.org\/article-4579 Mit Beginn des russischen Angriffs hat die ukrainische Regierung eine Ausreisesperre f\u00fcr alle M\u00e4nner im Alter von 18 bis 60 Jahren verh\u00e4ngt.&#46;&#46;&#46;<\/p>\n","protected":false},"author":110,"featured_media":19423,"comment_status":"open","ping_status":"open","sticky":false,"template":"","format":"standard","meta":{"footnotes":""},"categories":[87],"tags":[],"class_list":["post-19421","post","type-post","status-publish","format-standard","has-post-thumbnail","hentry","category-pressemitteilung"],"_links":{"self":[{"href":"https:\/\/www.friedenkoeln.de\/index.php?rest_route=\/wp\/v2\/posts\/19421","targetHints":{"allow":["GET"]}}],"collection":[{"href":"https:\/\/www.friedenkoeln.de\/index.php?rest_route=\/wp\/v2\/posts"}],"about":[{"href":"https:\/\/www.friedenkoeln.de\/index.php?rest_route=\/wp\/v2\/types\/post"}],"author":[{"embeddable":true,"href":"https:\/\/www.friedenkoeln.de\/index.php?rest_route=\/wp\/v2\/users\/110"}],"replies":[{"embeddable":true,"href":"https:\/\/www.friedenkoeln.de\/index.php?rest_route=%2Fwp%2Fv2%2Fcomments&post=19421"}],"version-history":[{"count":1,"href":"https:\/\/www.friedenkoeln.de\/index.php?rest_route=\/wp\/v2\/posts\/19421\/revisions"}],"predecessor-version":[{"id":19424,"href":"https:\/\/www.friedenkoeln.de\/index.php?rest_route=\/wp\/v2\/posts\/19421\/revisions\/19424"}],"wp:featuredmedia":[{"embeddable":true,"href":"https:\/\/www.friedenkoeln.de\/index.php?rest_route=\/wp\/v2\/media\/19423"}],"wp:attachment":[{"href":"https:\/\/www.friedenkoeln.de\/index.php?rest_route=%2Fwp%2Fv2%2Fmedia&parent=19421"}],"wp:term":[{"taxonomy":"category","embeddable":true,"href":"https:\/\/www.friedenkoeln.de\/index.php?rest_route=%2Fwp%2Fv2%2Fcategories&post=19421"},{"taxonomy":"post_tag","embeddable":true,"href":"https:\/\/www.friedenkoeln.de\/index.php?rest_route=%2Fwp%2Fv2%2Ftags&post=19421"}],"curies":[{"name":"wp","href":"https:\/\/api.w.org\/{rel}","templated":true}]}}