{"id":19426,"date":"2025-11-06T15:07:16","date_gmt":"2025-11-06T14:07:16","guid":{"rendered":"https:\/\/www.friedenkoeln.de\/?p=19426"},"modified":"2025-11-06T15:08:19","modified_gmt":"2025-11-06T14:08:19","slug":"resolution-der-bundesweiten-betriebsraeteversammlung-von-hm-am-26-6-2025","status":"publish","type":"post","link":"https:\/\/www.friedenkoeln.de\/?p=19426","title":{"rendered":"Resolution der bundesweiten Betriebsr\u00e4teversammlung von H&#038;M am 26.6.2025"},"content":{"rendered":"<p><strong>Am 26.05.2025 haben die H&amp;M Betriebsr\u00e4te eine Friendsbotschaft formuliert, die wir hier gerne abdrucken:<\/strong><\/p>\n<p>&#8222;Wir stehen hier zusammen als Betriebsr\u00e4te und ver.di-aktive Betriebsr\u00e4te um eine Friedensbotschaft zu senden, denn genau das liegt in unserer Geschichte als Betriebsr\u00e4te in diesem Land. Entstanden sind wir am Ende des Ersten Weltkriegs, als nach 4 Jahren des Schlachtens man keine weiteren Menschenleben mehr opfern wollte und das Regime, das daf\u00fcr verantwortlich war, hinwegfegt wurde.<\/p>\n<p>Wir waren aber am Ende nicht stark genug und es folgten Faschismus und erneuter Weltkrieg. Das darf nie wieder passieren, das war unser Credo.<\/p>\n<p>Und dennoch haben wir haben alle immer wieder Genozide miterleben m\u00fcssen, wie unsere Eltern und Gro\u00dfeltern vor uns. Viele von uns sind alt genug um sich an die Genozide in Ruanda, in Bosnien, in Myanmar, an den Jesiden zu erinnern oder aktuell an den Pal\u00e4stinensern in Gaza. Wie schlimm ist es, dass wir in unserer kurzen Lebenszeit schon so viele Genozide miterleben mussten!<\/p>\n<p>Heute finden wir uns wieder in einer Situation, in der das Aufr\u00fcsten wie vor dem Ersten und Zweiten Weltkrieg die Oberhand gewinnt und zunehmend an die Stelle des Friedens tritt. Wir beobachten, dass dies weitgehend unwidersprochen geschieht. Umso wichtiger ist es, dass wir unsere Stimme erheben, und zwar gegen jeden Krieg, egal ob er in der Ukraine, in Russland, in Israel, in Pal\u00e4stina, in Libanon, in Syrien, in Afghanistan oder j\u00fcngst zwischen Indien und Pakistan, im Sudan, im Kongo, in Somalia und im Iran herrscht. Diese Aufz\u00e4hlung kann erschreckenderweise nicht abschlie\u00dfend sein.<\/p>\n<p>Wir Betriebsr\u00e4te vereinen Menschen unterschiedlichster Kulturen, Herkunft, Religionen, Weltanschauungen, sexueller Orientierungen, unterschiedlichster Geschlechter, weil wir die einzige Institution in jedem einzelnen Betrieb sind, die demokratisch gew\u00e4hlt wurde.<\/p>\n<p>Was im Kleinen gelingt, muss im Gro\u00dfen m\u00f6glich sein. Deshalb schauen wir hin und erwarten, dass niemand mehr wegschaut.<\/p>\n<p><strong>Mensch sein hei\u00dft Frieden schaffen! \u00dcberall!<\/strong>&#8220;<\/p>\n<p><em>(Damiano-Cosimo Quinto, Verhandlungsf\u00fchrer der ver.di-Bundestarifkommission zur Fortsetzung des Digitalisierungstarifvertrags mit H&amp;M tr\u00e4gt die Resolution voll mit: \u201eAls Betriebsrat und Gewerkschafter habe auch ich mich klar positioniert: Aufr\u00fcstung, Kriege und V\u00f6lkermorde werden von oben organisiert und ideologisch bem\u00e4ntelt, deshalb muss der Frieden von unten durchgesetzt werden. Kolleg*innen schie\u00dfen nicht aufeinander, sondern sprechen miteinander, und zwar \u00fcber alle Grenzen hinweg. Das nennt sich Internationale Solidarit\u00e4t.\u201c)<\/em><\/p>\n","protected":false},"excerpt":{"rendered":"<p>Am 26.05.2025 haben die H&amp;M Betriebsr\u00e4te eine Friendsbotschaft formuliert, die wir hier gerne abdrucken: &#8222;Wir stehen hier zusammen als Betriebsr\u00e4te und ver.di-aktive Betriebsr\u00e4te um eine Friedensbotschaft zu senden, denn genau das liegt in unserer&#46;&#46;&#46;<\/p>\n","protected":false},"author":111,"featured_media":19428,"comment_status":"open","ping_status":"open","sticky":false,"template":"","format":"standard","meta":{"footnotes":""},"categories":[266],"tags":[],"class_list":["post-19426","post","type-post","status-publish","format-standard","has-post-thumbnail","hentry","category-erklaerung"],"_links":{"self":[{"href":"https:\/\/www.friedenkoeln.de\/index.php?rest_route=\/wp\/v2\/posts\/19426","targetHints":{"allow":["GET"]}}],"collection":[{"href":"https:\/\/www.friedenkoeln.de\/index.php?rest_route=\/wp\/v2\/posts"}],"about":[{"href":"https:\/\/www.friedenkoeln.de\/index.php?rest_route=\/wp\/v2\/types\/post"}],"author":[{"embeddable":true,"href":"https:\/\/www.friedenkoeln.de\/index.php?rest_route=\/wp\/v2\/users\/111"}],"replies":[{"embeddable":true,"href":"https:\/\/www.friedenkoeln.de\/index.php?rest_route=%2Fwp%2Fv2%2Fcomments&post=19426"}],"version-history":[{"count":1,"href":"https:\/\/www.friedenkoeln.de\/index.php?rest_route=\/wp\/v2\/posts\/19426\/revisions"}],"predecessor-version":[{"id":19427,"href":"https:\/\/www.friedenkoeln.de\/index.php?rest_route=\/wp\/v2\/posts\/19426\/revisions\/19427"}],"wp:featuredmedia":[{"embeddable":true,"href":"https:\/\/www.friedenkoeln.de\/index.php?rest_route=\/wp\/v2\/media\/19428"}],"wp:attachment":[{"href":"https:\/\/www.friedenkoeln.de\/index.php?rest_route=%2Fwp%2Fv2%2Fmedia&parent=19426"}],"wp:term":[{"taxonomy":"category","embeddable":true,"href":"https:\/\/www.friedenkoeln.de\/index.php?rest_route=%2Fwp%2Fv2%2Fcategories&post=19426"},{"taxonomy":"post_tag","embeddable":true,"href":"https:\/\/www.friedenkoeln.de\/index.php?rest_route=%2Fwp%2Fv2%2Ftags&post=19426"}],"curies":[{"name":"wp","href":"https:\/\/api.w.org\/{rel}","templated":true}]}}