{"id":19431,"date":"2025-11-12T23:00:50","date_gmt":"2025-11-12T22:00:50","guid":{"rendered":"https:\/\/www.friedenkoeln.de\/?p=19431"},"modified":"2025-11-13T09:13:01","modified_gmt":"2025-11-13T08:13:01","slug":"offener-brief-pax-christi-muenster-preis-des-westfaelischen-friedens-an-die-nato","status":"publish","type":"post","link":"https:\/\/www.friedenkoeln.de\/?p=19431","title":{"rendered":"Offener Brief Pax Christi M\u00fcnster: Preis des Westf\u00e4lischen Friedens an die NATO"},"content":{"rendered":"<p>Am 07.11.25 ver\u00f6ffentlichte der pax christi Di\u00f6zesanverband M\u00fcnster einen offenen Brief, den wir hier gerne teilen:<\/p>\n<p>\u201eSehr geehrte Damen und Herren,<br \/>\nmit diesem Offenen Brief wenden wir uns als pax christi Di\u00f6zesanverband M\u00fcnster an Sie als Verantwortliche f\u00fcr die Vergabe des Internationalen Preises des Westf\u00e4lischen Friedens. Zur Transparenz: Da es sich um einen Offenen Brief handelt, ver\u00f6ffentlichen wir diesen auch auf unserer Webseite und informieren die M\u00fcnsteraner Presse \u00fcber diesen.<\/p>\n<p><strong>pax christi M\u00fcnster gratuliert!<\/strong><\/p>\n<p><strong>07. Nov 2025<\/strong><br \/>\nWir gratulieren der gr\u00f6\u00dften Friedensbewegung der Welt, der NATO, zum Internationalen Preis des Westf\u00e4lischen Friedens!<\/p>\n<p><strong>Endlich ist es soweit.<br \/>\n<\/strong>Die gr\u00f6\u00dfte Friedensbewegung der Welt, die NATO, mit rund 3,5 Millionen wehrbereiten Mitgliedern und einem Etat von 1.500.000.000.000 $, bekommt den Internationalen Preis des Westf\u00e4lischen Friedens, der mit 100.000 \u20ac dotiert ist.<\/p>\n<p>Man k\u00f6nnte meinen, in einer weinseligen, abendlichen Runde haben sich friedensbewegte Unternehmer einen Scherz erlaubt.<\/p>\n<p><strong>Aber lassen wir die Ironie.<br \/>\n<\/strong>1,5 Bill. US-Dollar, nach SIPRI waren dies im Jahr 2024 rund 55 % der weltweiten Milit\u00e4rausgaben. Im Vergleich dazu kommt Russland nur auf 5,5 %.<\/p>\n<p>Einen Friedenspreis f\u00fcr ein B\u00fcndnis mit einem Kriegsminister in den USA?<\/p>\n<p>Einen Friedenspreis f\u00fcr ein Milit\u00e4rb\u00fcndnis, dass mit der nuklearen Vernichtung des Gegners droht und damit die totale Vernichtung der Menschheit ins Kalk\u00fcl einbezieht?<\/p>\n<p>Im Friedenssaal zu M\u00fcnster wurde mit den kriegsf\u00fchrenden M\u00e4chten im Dialog und mit diplomatischem Geschick der Mediatoren 1648 der Westf\u00e4lische Friede ausgehandelt und die Waffen wurden niedergelegt.<\/p>\n<p>Bei der NATO geschieht genau das Gegenteil, die Waffen werden nicht niedergelegt, sondern es wird massiv aufger\u00fcstet. Das Wort des Propheten Micha (4, 3) wird umgekehrt, aus Pflugscharen werden wieder Schwerter geschmiedet.<\/p>\n<p>Die Ressourcen der Erde werden nicht f\u00fcr die Armen in der Welt eingesetzt, sondern es werden todbringende Waffen produziert.<\/p>\n<p>Bei seinem Besuch in Hiroshima am 24.11.2019 hat es Papst Franziskus pr\u00e4gnant formuliert: \u201eDer wahre Friede kann nur ein waffenloser Friede sein.\u201c<\/p>\n<p><strong>In diesem Sinne m\u00f6chten wir, pax christi M\u00fcnster, die Wirtschaftliche Gesellschaft f\u00fcr Westfalen und Lippe (WWL) bitten, von einer Friedenspreisverleihung an die NATO Abstand zu nehmen.<\/strong><\/p>\n<p><strong>Im Namen des Di\u00f6zesanvorstands pax christi M\u00fcnster<\/strong><\/p>\n<p><strong>Maria Buchwitz\u00a0\u00a0\u00a0\u00a0\u00a0\u00a0\u00a0\u00a0\u00a0\u00a0\u00a0\u00a0\u00a0\u00a0\u00a0\u00a0\u00a0\u00a0\u00a0\u00a0\u00a0\u00a0\u00a0\u00a0\u00a0\u00a0\u00a0\u00a0\u00a0\u00a0\u00a0\u00a0\u00a0 Wolfgang Kowallick<\/strong><br \/>\n<strong>Di\u00f6zesanvorsitzende\u00a0\u00a0\u00a0\u00a0\u00a0\u00a0\u00a0\u00a0\u00a0\u00a0\u00a0\u00a0\u00a0\u00a0\u00a0\u00a0\u00a0\u00a0\u00a0\u00a0\u00a0\u00a0\u00a0\u00a0 Di\u00f6zesanvorsitzender\u201c<\/strong><\/p>\n<p>&nbsp;<\/p>\n<div><\/div>\n","protected":false},"excerpt":{"rendered":"<p>Am 07.11.25 ver\u00f6ffentlichte der pax christi Di\u00f6zesanverband M\u00fcnster einen offenen Brief, den wir hier gerne teilen: \u201eSehr geehrte Damen und Herren, mit diesem Offenen Brief wenden wir uns als pax christi Di\u00f6zesanverband M\u00fcnster an&#46;&#46;&#46;<\/p>\n","protected":false},"author":111,"featured_media":19433,"comment_status":"open","ping_status":"open","sticky":false,"template":"","format":"standard","meta":{"footnotes":""},"categories":[105,266],"tags":[],"class_list":["post-19431","post","type-post","status-publish","format-standard","has-post-thumbnail","hentry","category-bericht","category-erklaerung"],"_links":{"self":[{"href":"https:\/\/www.friedenkoeln.de\/index.php?rest_route=\/wp\/v2\/posts\/19431","targetHints":{"allow":["GET"]}}],"collection":[{"href":"https:\/\/www.friedenkoeln.de\/index.php?rest_route=\/wp\/v2\/posts"}],"about":[{"href":"https:\/\/www.friedenkoeln.de\/index.php?rest_route=\/wp\/v2\/types\/post"}],"author":[{"embeddable":true,"href":"https:\/\/www.friedenkoeln.de\/index.php?rest_route=\/wp\/v2\/users\/111"}],"replies":[{"embeddable":true,"href":"https:\/\/www.friedenkoeln.de\/index.php?rest_route=%2Fwp%2Fv2%2Fcomments&post=19431"}],"version-history":[{"count":6,"href":"https:\/\/www.friedenkoeln.de\/index.php?rest_route=\/wp\/v2\/posts\/19431\/revisions"}],"predecessor-version":[{"id":19439,"href":"https:\/\/www.friedenkoeln.de\/index.php?rest_route=\/wp\/v2\/posts\/19431\/revisions\/19439"}],"wp:featuredmedia":[{"embeddable":true,"href":"https:\/\/www.friedenkoeln.de\/index.php?rest_route=\/wp\/v2\/media\/19433"}],"wp:attachment":[{"href":"https:\/\/www.friedenkoeln.de\/index.php?rest_route=%2Fwp%2Fv2%2Fmedia&parent=19431"}],"wp:term":[{"taxonomy":"category","embeddable":true,"href":"https:\/\/www.friedenkoeln.de\/index.php?rest_route=%2Fwp%2Fv2%2Fcategories&post=19431"},{"taxonomy":"post_tag","embeddable":true,"href":"https:\/\/www.friedenkoeln.de\/index.php?rest_route=%2Fwp%2Fv2%2Ftags&post=19431"}],"curies":[{"name":"wp","href":"https:\/\/api.w.org\/{rel}","templated":true}]}}